{"id":4915,"date":"2020-08-08T08:08:00","date_gmt":"2020-08-08T08:08:00","guid":{"rendered":"https:\/\/xrei.com\/castle-district\/"},"modified":"2021-09-07T17:23:21","modified_gmt":"2021-09-07T17:23:21","slug":"bairro-do-castelo","status":"publish","type":"post","link":"https:\/\/xrei.com\/pt\/bairro-do-castelo\/","title":{"rendered":"Castelo, Lisboa"},"content":{"rendered":"<div class=\"mceTemp\">\n<dl id=\"attachment_4917\" class=\"wp-caption alignleft\" style=\"width: 1280px;\" data-mce-style=\"width: 1280px;\">\n<dt class=\"wp-caption-dt\"><a href=\"https:\/\/xrei.com\/images\/bairro-do-castelo.jpg\" data-mce-href=\"https:\/\/xrei.com\/images\/bairro-do-castelo.jpg\"><img loading=\"lazy\" decoding=\"async\" class=\"size-full wp-image-4917\" src=\"https:\/\/xrei.com\/images\/bairro-do-castelo.jpg\" alt=\"Arco do Castelo de S\u00e3o Jorge, entrada do bairro do Castelo na rua do Ch\u00e3o da Feira, Alfama, Lisboa\" width=\"1280\" height=\"960\" data-mce-src=\"https:\/\/xrei.com\/images\/bairro-do-castelo.jpg\" srcset=\"https:\/\/xrei.com\/images\/bairro-do-castelo.jpg 1280w, https:\/\/xrei.com\/images\/bairro-do-castelo-980x735.jpg 980w, https:\/\/xrei.com\/images\/bairro-do-castelo-480x360.jpg 480w\" sizes=\"(min-width: 0px) and (max-width: 480px) 480px, (min-width: 481px) and (max-width: 980px) 980px, (min-width: 981px) 1280px, 100vw\" \/><\/a><\/dt>\n<dd class=\"wp-caption-dd\">Arco do Castelo de S\u00e3o Jorge, entrada do bairro do Castelo na rua do Ch\u00e3o da Feira, Alfama, Lisboa<\/dd>\n<\/dl>\n<\/div>\n<h2>Castelo<\/h2>\n<p>O <strong>bairro do Castelo<\/strong> \u00e9 um dos bairros hist\u00f3ricos mais nobres e conhecidos de Lisboa e que apresenta uma caracter\u00edstica \u00fanica: <strong>s\u00f3 tem uma entrada e uma sa\u00edda<\/strong>. Neste bairro, \u00e9 poss\u00edvel viajar at\u00e9 \u00e0 Lisboa da Idade M\u00e9dia ao passear nas ruas e becos estreitos, sinuosos e labir\u00ednticos que resistiram ao Terramoto de 1 de Novembro de 1755. O Bairro do Castelo, apesar de pequeno em \u00e1rea, tem vida pr\u00f3pria com lojas, apartamentos, hot\u00e9is e espa\u00e7os culturais. Lisboa nasceu no Castelo de S\u00e3o Jorge, sendo atualemente o monumento mais visitado do pa\u00eds. O Castelo de S\u00e3o Jorge \u00e9 um miradouro de excel\u00eancia na capital portuguesa. Do Castelo de S\u00e3o Jorge \u00e9 poss\u00edvel observar meticulosamente v\u00e1rias zonas da cidade, nomeadamente Alfama, a Gra\u00e7a, o Chiado, o Carmo, a Avenida da Liberdade e a Mouraria. O Bairro do Castelo \u00e9 muito procurado por estrangeiros para viver devido ao bairrismo t\u00edpico que ainda mant\u00e9m, \u00e0 seguran\u00e7a e \u00e0 tranquilidade.<\/p>\n<div class=\"mceTemp\">\n<dl id=\"attachment_4753\" class=\"wp-caption alignleft\" style=\"width: 1280px;\" data-mce-style=\"width: 1280px;\">\n<dt class=\"wp-caption-dt\"><a href=\"https:\/\/xrei.com\/images\/ruas-do-castelo.jpg\" data-mce-href=\"https:\/\/xrei.com\/images\/ruas-do-castelo.jpg\"><img loading=\"lazy\" decoding=\"async\" class=\"size-full wp-image-4979\" src=\"https:\/\/xrei.com\/images\/ruas-do-castelo.jpg\" alt=\"Ruas do bairro do Castelo frente \u00e0 entrada do Castelo de S\u00e3o Jorge\" width=\"1280\" height=\"960\" data-mce-src=\"https:\/\/xrei.com\/images\/ruas-do-castelo.jpg\" srcset=\"https:\/\/xrei.com\/images\/ruas-do-castelo.jpg 1280w, https:\/\/xrei.com\/images\/ruas-do-castelo-980x735.jpg 980w, https:\/\/xrei.com\/images\/ruas-do-castelo-480x360.jpg 480w\" sizes=\"(min-width: 0px) and (max-width: 480px) 480px, (min-width: 481px) and (max-width: 980px) 980px, (min-width: 981px) 1280px, 100vw\" \/><\/a><\/dt>\n<dd class=\"wp-caption-dd\">Ruas do bairro do Castelo frente \u00e0 entrada do Castelo de S\u00e3o Jorge<\/dd>\n<\/dl>\n<\/div>\n<div class=\"mceTemp\">\n<dl id=\"attachment_4747\" class=\"wp-caption alignleft\" style=\"width: 1280px;\" data-mce-style=\"width: 1280px;\">\n<dt class=\"wp-caption-dt\"><a href=\"https:\/\/xrei.com\/images\/patrimonio-municipal.jpg\" data-mce-href=\"https:\/\/xrei.com\/images\/patrimonio-municipal.jpg\"><img loading=\"lazy\" decoding=\"async\" class=\"size-full wp-image-4987\" src=\"https:\/\/xrei.com\/images\/patrimonio-municipal.jpg\" alt=\"edif\u00edcio declarado patrim\u00f3nio municipal. O bairro do Castelo e os bairros circundantes decoram as ruas na \u00e9poca das festas populares de Lisboa. Os moradores destes bairros s\u00e3o os grandes aficionados das festas de Lisboa, sendo nestes bairros que as festam acontecem\" width=\"1280\" height=\"960\" data-mce-src=\"https:\/\/xrei.com\/images\/patrimonio-municipal.jpg\" srcset=\"https:\/\/xrei.com\/images\/patrimonio-municipal.jpg 1280w, https:\/\/xrei.com\/images\/patrimonio-municipal-980x735.jpg 980w, https:\/\/xrei.com\/images\/patrimonio-municipal-480x360.jpg 480w\" sizes=\"(min-width: 0px) and (max-width: 480px) 480px, (min-width: 481px) and (max-width: 980px) 980px, (min-width: 981px) 1280px, 100vw\" \/><\/a><\/dt>\n<dd class=\"wp-caption-dd\">edif\u00edcio declarado patrim\u00f3nio municipal. O bairro do Castelo e os bairros circundantes decoram as ruas na \u00e9poca das festas populares de Lisboa. Os moradores destes bairros s\u00e3o os grandes aficionados das festas de Lisboa, sendo nestes bairros que as festam acontecem<\/dd>\n<\/dl>\n<\/div>\n<div class=\"mceTemp\">\n<dl id=\"attachment_4687\" class=\"wp-caption alignleft\" style=\"width: 1280px;\" data-mce-style=\"width: 1280px;\">\n<dt class=\"wp-caption-dt\"><a href=\"https:\/\/xrei.com\/images\/apartamentos-castelo.jpg\" data-mce-href=\"https:\/\/xrei.com\/images\/apartamentos-castelo.jpg\"><img loading=\"lazy\" decoding=\"async\" class=\"size-full wp-image-4988\" src=\"https:\/\/xrei.com\/images\/apartamentos-castelo.jpg\" alt=\"Edific\u00edo de arquitetura nobre no bairro do Castelo, com portas altas e fachada decorada a azulejos\" width=\"1280\" height=\"960\" data-mce-src=\"https:\/\/xrei.com\/images\/apartamentos-castelo.jpg\" srcset=\"https:\/\/xrei.com\/images\/apartamentos-castelo.jpg 1280w, https:\/\/xrei.com\/images\/apartamentos-castelo-980x735.jpg 980w, https:\/\/xrei.com\/images\/apartamentos-castelo-480x360.jpg 480w\" sizes=\"(min-width: 0px) and (max-width: 480px) 480px, (min-width: 481px) and (max-width: 980px) 980px, (min-width: 981px) 1280px, 100vw\" \/><\/a><\/dt>\n<dd class=\"wp-caption-dd\">Edific\u00edo de arquitetura nobre no bairro do Castelo, com portas altas e fachada decorada a azulejos<\/dd>\n<\/dl>\n<\/div>\n<div class=\"mceTemp\">\n<dl id=\"attachment_4699\" class=\"wp-caption alignleft\" style=\"width: 1280px;\" data-mce-style=\"width: 1280px;\">\n<dt class=\"wp-caption-dt\"><a href=\"https:\/\/xrei.com\/images\/casas-castelo.jpg\" data-mce-href=\"https:\/\/xrei.com\/images\/casas-castelo.jpg\"><img loading=\"lazy\" decoding=\"async\" class=\"size-full wp-image-4991\" src=\"https:\/\/xrei.com\/images\/casas-castelo.jpg\" alt=\"Pr\u00e9dio constru\u00eddo em rua inclinada do bairro do Castelo.\" width=\"1280\" height=\"960\" data-mce-src=\"https:\/\/xrei.com\/images\/casas-castelo.jpg\" srcset=\"https:\/\/xrei.com\/images\/casas-castelo.jpg 1280w, https:\/\/xrei.com\/images\/casas-castelo-980x735.jpg 980w, https:\/\/xrei.com\/images\/casas-castelo-480x360.jpg 480w\" sizes=\"(min-width: 0px) and (max-width: 480px) 480px, (min-width: 481px) and (max-width: 980px) 980px, (min-width: 981px) 1280px, 100vw\" \/><\/a><\/dt>\n<dd class=\"wp-caption-dd\">Pr\u00e9dio constru\u00eddo em rua inclinada do bairro do Castelo.<\/dd>\n<\/dl>\n<\/div>\n<blockquote>\n<p>O Castelo \u00e9 administrado pela Junta de Freguesia de Santa Maria Maior.<\/p>\n<\/blockquote>\n<h2>Locais a visitar no bairro do Castelo<\/h2>\n<ul>\n<li>Castelo de S\u00e3o Jorge<\/li>\n<\/ul>\n<div class=\"mceTemp\">\n<dl id=\"attachment_4759\" class=\"wp-caption alignleft\" style=\"width: 1280px;\" data-mce-style=\"width: 1280px;\">\n<dt class=\"wp-caption-dt\"><a href=\"https:\/\/xrei.com\/images\/sao-jorge.jpg\" data-mce-href=\"https:\/\/xrei.com\/images\/sao-jorge.jpg\"><img loading=\"lazy\" decoding=\"async\" class=\"size-full wp-image-4978\" src=\"https:\/\/xrei.com\/images\/sao-jorge.jpg\" alt=\"Est\u00e1tua de S\u00e3o Jorge, situada na entrada do Castelo. O nome de S\u00e3o Jorge foi escolhido pelo Rei Dom Jo\u00e3o I no s\u00e9culo XIV para baptizar o ent\u00e3o Castelo de Lisboa, devido a ser considerado o santo guerreiro, padroeiro dos cavaleiros e militares.\" width=\"1280\" height=\"952\" data-mce-src=\"https:\/\/xrei.com\/images\/sao-jorge.jpg\" srcset=\"https:\/\/xrei.com\/images\/sao-jorge.jpg 1280w, https:\/\/xrei.com\/images\/sao-jorge-980x729.jpg 980w, https:\/\/xrei.com\/images\/sao-jorge-480x357.jpg 480w\" sizes=\"(min-width: 0px) and (max-width: 480px) 480px, (min-width: 481px) and (max-width: 980px) 980px, (min-width: 981px) 1280px, 100vw\" \/><\/a><\/dt>\n<dd class=\"wp-caption-dd\">Est\u00e1tua de S\u00e3o Jorge, situada na entrada do Castelo. O nome de S\u00e3o Jorge foi escolhido pelo Rei Dom Jo\u00e3o I no s\u00e9culo XIV para batizar o ent\u00e3o Castelo de Lisboa, devido a ser considerado o santo guerreiro, padroeiro dos cavaleiros e militares.<\/dd>\n<\/dl>\n<\/div>\n<div class=\"mceTemp\">\n<dl id=\"attachment_4723\" class=\"wp-caption alignleft\" style=\"width: 1280px;\" data-mce-style=\"width: 1280px;\">\n<dt class=\"wp-caption-dt\"><a href=\"https:\/\/xrei.com\/images\/estatua-afonso-henriques-castelo-.jpg\" data-mce-href=\"https:\/\/xrei.com\/images\/estatua-afonso-henriques-castelo-.jpg\"><img loading=\"lazy\" decoding=\"async\" class=\"size-full wp-image-4992\" src=\"https:\/\/xrei.com\/images\/estatua-afonso-henriques-castelo-.jpg\" alt=\"Est\u00e1tua de D. Afonso Henriques situada na entrada do Castelo de S\u00e3o Jorge, no jardim do castelo, junto ao miradouro\" width=\"1280\" height=\"960\" data-mce-src=\"https:\/\/xrei.com\/images\/estatua-afonso-henriques-castelo-.jpg\" srcset=\"https:\/\/xrei.com\/images\/estatua-afonso-henriques-castelo-.jpg 1280w, https:\/\/xrei.com\/images\/estatua-afonso-henriques-castelo--980x735.jpg 980w, https:\/\/xrei.com\/images\/estatua-afonso-henriques-castelo--480x360.jpg 480w\" sizes=\"(min-width: 0px) and (max-width: 480px) 480px, (min-width: 481px) and (max-width: 980px) 980px, (min-width: 981px) 1280px, 100vw\" \/><\/a><\/dt>\n<dd class=\"wp-caption-dd\">Est\u00e1tua de D. Afonso Henriques situada na entrada do Castelo de S\u00e3o Jorge,no jardim do castelo, junto ao miradouro<\/dd>\n<\/dl>\n<\/div>\n<div class=\"mceTemp\">\n<dl id=\"attachment_4765\" class=\"wp-caption alignleft\" style=\"width: 1280px;\" data-mce-style=\"width: 1280px;\">\n<dt class=\"wp-caption-dt\"><a href=\"https:\/\/xrei.com\/images\/vista-sudoeste-3.jpg\" data-mce-href=\"https:\/\/xrei.com\/images\/vista-sudoeste-3.jpg\"><img loading=\"lazy\" decoding=\"async\" class=\"size-full wp-image-4977\" src=\"https:\/\/xrei.com\/images\/vista-sudoeste-3.jpg\" alt=\"Vista sudoeste do Castelo de S\u00e3o Jorge, com o rio Tejo, a ponte 25 de Abril, a baixa da cidade de Lisboa, os barcos no rio e a margem sul do rio\" width=\"1280\" height=\"960\" data-mce-src=\"https:\/\/xrei.com\/images\/vista-sudoeste-3.jpg\" srcset=\"https:\/\/xrei.com\/images\/vista-sudoeste-3.jpg 1280w, https:\/\/xrei.com\/images\/vista-sudoeste-3-980x735.jpg 980w, https:\/\/xrei.com\/images\/vista-sudoeste-3-480x360.jpg 480w\" sizes=\"(min-width: 0px) and (max-width: 480px) 480px, (min-width: 481px) and (max-width: 980px) 980px, (min-width: 981px) 1280px, 100vw\" \/><\/a><\/dt>\n<dd class=\"wp-caption-dd\">Vista sudoeste do Castelo de S\u00e3o Jorge, com o rio Tejo, a ponte 25 de Abril, a baixa da cidade de Lisboa, os barcos no rio e a margem sul do rio<\/dd>\n<\/dl>\n<\/div>\n<div class=\"mceTemp\">\n<dl id=\"attachment_4741\" class=\"wp-caption alignleft\" style=\"width: 1280px;\" data-mce-style=\"width: 1280px;\">\n<dt class=\"wp-caption-dt\"><a href=\"https:\/\/xrei.com\/images\/miradouro-castelo.jpg\" data-mce-href=\"https:\/\/xrei.com\/images\/miradouro-castelo.jpg\"><img loading=\"lazy\" decoding=\"async\" class=\"size-full wp-image-4982\" src=\"https:\/\/xrei.com\/images\/miradouro-castelo.jpg\" alt=\"Vista, desde o Castelo de S\u00e3o Jorge, da Igreja e Convento da Gra\u00e7a no bairro da Gra\u00e7a\" width=\"1280\" height=\"960\" data-mce-src=\"https:\/\/xrei.com\/images\/miradouro-castelo.jpg\" srcset=\"https:\/\/xrei.com\/images\/miradouro-castelo.jpg 1280w, https:\/\/xrei.com\/images\/miradouro-castelo-980x735.jpg 980w, https:\/\/xrei.com\/images\/miradouro-castelo-480x360.jpg 480w\" sizes=\"(min-width: 0px) and (max-width: 480px) 480px, (min-width: 481px) and (max-width: 980px) 980px, (min-width: 981px) 1280px, 100vw\" \/><\/a><\/dt>\n<dd class=\"wp-caption-dd\">Vista, desde o Castelo de S\u00e3o Jorge, da Igreja e Convento da Gra\u00e7a no bairro da Gra\u00e7a<\/dd>\n<\/dl>\n<\/div>\n<div class=\"mceTemp\">\n<dl id=\"attachment_4711\" class=\"wp-caption alignleft\" style=\"width: 1280px;\" data-mce-style=\"width: 1280px;\">\n<dt class=\"wp-caption-dt\"><a href=\"https:\/\/xrei.com\/images\/castelo-martin-moniz.jpg\" data-mce-href=\"https:\/\/xrei.com\/images\/castelo-martin-moniz.jpg\"><img loading=\"lazy\" decoding=\"async\" class=\"size-full wp-image-4994\" src=\"https:\/\/xrei.com\/images\/castelo-martin-moniz.jpg\" alt=\"Vista do Martim Moniz desde o Castelo de S\u00e3o Jorge\" width=\"1280\" height=\"960\" data-mce-src=\"https:\/\/xrei.com\/images\/castelo-martin-moniz.jpg\" srcset=\"https:\/\/xrei.com\/images\/castelo-martin-moniz.jpg 1280w, https:\/\/xrei.com\/images\/castelo-martin-moniz-980x735.jpg 980w, https:\/\/xrei.com\/images\/castelo-martin-moniz-480x360.jpg 480w\" sizes=\"(min-width: 0px) and (max-width: 480px) 480px, (min-width: 481px) and (max-width: 980px) 980px, (min-width: 981px) 1280px, 100vw\" \/><\/a><\/dt>\n<dd class=\"wp-caption-dd\">Vista do Martim Moniz desde o Castelo de S\u00e3o Jorge<\/dd>\n<\/dl>\n<\/div>\n<div class=\"mceTemp\">\n<dl id=\"attachment_4717\" class=\"wp-caption alignleft\" style=\"width: 1280px;\" data-mce-style=\"width: 1280px;\">\n<dt class=\"wp-caption-dt\"><a href=\"https:\/\/xrei.com\/images\/castelo-norte.jpg\" data-mce-href=\"https:\/\/xrei.com\/images\/castelo-norte.jpg\"><img loading=\"lazy\" decoding=\"async\" class=\"size-full wp-image-4995\" src=\"https:\/\/xrei.com\/images\/castelo-norte.jpg\" alt=\"Vista da parte norte da cidade de Lisboa desde as muralhas do Castelo de S\u00e3o Jorge.\" width=\"1280\" height=\"960\" data-mce-src=\"https:\/\/xrei.com\/images\/castelo-norte.jpg\" srcset=\"https:\/\/xrei.com\/images\/castelo-norte.jpg 1280w, https:\/\/xrei.com\/images\/castelo-norte-980x735.jpg 980w, https:\/\/xrei.com\/images\/castelo-norte-480x360.jpg 480w\" sizes=\"(min-width: 0px) and (max-width: 480px) 480px, (min-width: 481px) and (max-width: 980px) 980px, (min-width: 981px) 1280px, 100vw\" \/><\/a><\/dt>\n<dd class=\"wp-caption-dd\">Vista da parte norte da cidade de Lisboa desde as muralhas do Castelo de S\u00e3o Jorge.<\/dd>\n<\/dl>\n<\/div>\n<div class=\"mceTemp\">\n<dl id=\"attachment_4681\" class=\"wp-caption alignleft\" style=\"width: 1280px;\" data-mce-style=\"width: 1280px;\">\n<dt class=\"wp-caption-dt\"><a href=\"https:\/\/xrei.com\/images\/artilharia-do-castelo.jpg\" data-mce-href=\"https:\/\/xrei.com\/images\/artilharia-do-castelo.jpg\"><img loading=\"lazy\" decoding=\"async\" class=\"size-full wp-image-4916\" src=\"https:\/\/xrei.com\/images\/artilharia-do-castelo.jpg\" alt=\"Canh\u00e3o de bronze no Castelo de S\u00e3o Jorge, a antiga artilharia que defendia a cidade de Lisboa\" width=\"1280\" height=\"960\" data-mce-src=\"https:\/\/xrei.com\/images\/artilharia-do-castelo.jpg\" srcset=\"https:\/\/xrei.com\/images\/artilharia-do-castelo.jpg 1280w, https:\/\/xrei.com\/images\/artilharia-do-castelo-980x735.jpg 980w, https:\/\/xrei.com\/images\/artilharia-do-castelo-480x360.jpg 480w\" sizes=\"(min-width: 0px) and (max-width: 480px) 480px, (min-width: 481px) and (max-width: 980px) 980px, (min-width: 981px) 1280px, 100vw\" \/><\/a><\/dt>\n<dd class=\"wp-caption-dd\">Canh\u00e3o de bronze no Castelo de S\u00e3o Jorge, a antiga artilharia que defendia a cidade de Lisboa<\/dd>\n<\/dl>\n<\/div>\n<div class=\"mceTemp\">\n<dl id=\"attachment_4705\" class=\"wp-caption alignleft\" style=\"width: 1280px;\" data-mce-style=\"width: 1280px;\">\n<dt class=\"wp-caption-dt\"><a href=\"https:\/\/xrei.com\/images\/castelo-igreja-s-vicente-fora.jpg\" data-mce-href=\"https:\/\/xrei.com\/images\/castelo-igreja-s-vicente-fora.jpg\"><img loading=\"lazy\" decoding=\"async\" class=\"size-full wp-image-4993\" src=\"https:\/\/xrei.com\/images\/castelo-igreja-s-vicente-fora.jpg\" alt=\"Vista sul desde o Castelo de S\u00e3o Jorge, com Alfama, a igreja de S\u00e3o Vicente de Fora, o Pante\u00e3o Nacional, o rio Tejo, e Alcochete na margem sul\" width=\"1280\" height=\"960\" data-mce-src=\"https:\/\/xrei.com\/images\/castelo-igreja-s-vicente-fora.jpg\" srcset=\"https:\/\/xrei.com\/images\/castelo-igreja-s-vicente-fora.jpg 1280w, https:\/\/xrei.com\/images\/castelo-igreja-s-vicente-fora-980x735.jpg 980w, https:\/\/xrei.com\/images\/castelo-igreja-s-vicente-fora-480x360.jpg 480w\" sizes=\"(min-width: 0px) and (max-width: 480px) 480px, (min-width: 481px) and (max-width: 980px) 980px, (min-width: 981px) 1280px, 100vw\" \/><\/a><\/dt>\n<dd class=\"wp-caption-dd\">vista sul desde o Castelo de S\u00e3o Jorge, com Alfama, a igreja de S\u00e3o Vicente de Fora, o Pante\u00e3o Nacional, o rio Tejo, e Alcochete na margem sul<\/dd>\n<\/dl>\n<\/div>\n<div class=\"mceTemp\">\n<dl id=\"attachment_4735\" class=\"wp-caption alignleft\" style=\"width: 1280px;\" data-mce-style=\"width: 1280px;\">\n<dt class=\"wp-caption-dt\"><a href=\"https:\/\/xrei.com\/images\/estatua-d-manuel-i.jpg\" data-mce-href=\"https:\/\/xrei.com\/images\/estatua-d-manuel-i.jpg\"><img loading=\"lazy\" decoding=\"async\" class=\"size-full wp-image-4981\" src=\"https:\/\/xrei.com\/images\/estatua-d-manuel-i.jpg\" alt=\"Est\u00e1tua de D. Manuel I, conhecido como &quot;O Venturoso&quot; (1469-1521)\" width=\"1280\" height=\"960\" data-mce-src=\"https:\/\/xrei.com\/images\/estatua-d-manuel-i.jpg\" srcset=\"https:\/\/xrei.com\/images\/estatua-d-manuel-i.jpg 1280w, https:\/\/xrei.com\/images\/estatua-d-manuel-i-980x735.jpg 980w, https:\/\/xrei.com\/images\/estatua-d-manuel-i-480x360.jpg 480w\" sizes=\"(min-width: 0px) and (max-width: 480px) 480px, (min-width: 481px) and (max-width: 980px) 980px, (min-width: 981px) 1280px, 100vw\" \/><\/a><\/dt>\n<dd class=\"wp-caption-dd\">Est\u00e1tua de D. Manuel I, conhecido como &#8220;O Venturoso&#8221; (1469-1521)<\/dd>\n<\/dl>\n<\/div>\n<div class=\"mceTemp\">\n<dl id=\"attachment_4729\" class=\"wp-caption alignleft\" style=\"width: 1280px;\" data-mce-style=\"width: 1280px;\">\n<dt class=\"wp-caption-dt\"><a href=\"https:\/\/xrei.com\/images\/estatua-castelo-sao-jorge.jpg\" data-mce-href=\"https:\/\/xrei.com\/images\/estatua-castelo-sao-jorge.jpg\"><img loading=\"lazy\" decoding=\"async\" class=\"size-full wp-image-4980\" src=\"https:\/\/xrei.com\/images\/estatua-castelo-sao-jorge.jpg\" alt=\"Est\u00e1tuas no recinto do Castelo de S\u00e3o Jorge\" width=\"1280\" height=\"960\" data-mce-src=\"https:\/\/xrei.com\/images\/estatua-castelo-sao-jorge.jpg\" srcset=\"https:\/\/xrei.com\/images\/estatua-castelo-sao-jorge.jpg 1280w, https:\/\/xrei.com\/images\/estatua-castelo-sao-jorge-980x735.jpg 980w, https:\/\/xrei.com\/images\/estatua-castelo-sao-jorge-480x360.jpg 480w\" sizes=\"(min-width: 0px) and (max-width: 480px) 480px, (min-width: 481px) and (max-width: 980px) 980px, (min-width: 981px) 1280px, 100vw\" \/><\/a><\/dt>\n<dd class=\"wp-caption-dd\">Est\u00e1tuas no recinto do Castelo de S\u00e3o Jorge<\/dd>\n<\/dl>\n<\/div>\n<ul>\n<li>Pal\u00e1cio Belmonte<\/li>\n<li>Largo do Ch\u00e3o da Feira<\/li>\n<li>Costa do Castelo<\/li>\n<li>Igreja de Santa Cruz do Castelo<\/li>\n<li>P\u00e1tio Dom Fradique<\/li>\n<li>Torre de S\u00e3o Louren\u00e7o<\/li>\n<\/ul>\n<h2>Localiza\u00e7\u00e3o da Freguesia de Santa Maria Maior (Castelo) no mapa de Lisboa<\/h2>\n<div class=\"mceTemp\">\n<dl id=\"attachment_2444\" class=\"wp-caption alignleft\" style=\"width: 1280px;\" data-mce-style=\"width: 1280px;\">\n<dt class=\"wp-caption-dt\"><a href=\"https:\/\/xrei.com\/images\/mapa-santa-maria-maior.jpg\" data-mce-href=\"https:\/\/xrei.com\/images\/mapa-santa-maria-maior.jpg\"><img loading=\"lazy\" decoding=\"async\" class=\"size-full wp-image-5041\" src=\"https:\/\/xrei.com\/images\/mapa-santa-maria-maior.jpg\" alt=\"Localiza\u00e7\u00e3o da freguesia de Santa Maria Maior no mapa de Lisboa\" width=\"1280\" height=\"1280\" data-mce-src=\"https:\/\/xrei.com\/images\/mapa-santa-maria-maior.jpg\" srcset=\"https:\/\/xrei.com\/images\/mapa-santa-maria-maior.jpg 1280w, https:\/\/xrei.com\/images\/mapa-santa-maria-maior-980x980.jpg 980w, https:\/\/xrei.com\/images\/mapa-santa-maria-maior-480x480.jpg 480w\" sizes=\"(min-width: 0px) and (max-width: 480px) 480px, (min-width: 481px) and (max-width: 980px) 980px, (min-width: 981px) 1280px, 100vw\" \/><\/a><\/dt>\n<dd class=\"wp-caption-dd\">Localiza\u00e7\u00e3o da freguesia de Santa Maria Maior no mapa de Lisboa<\/dd>\n<\/dl>\n<\/div>\n","protected":false},"excerpt":{"rendered":"<p>Arco do Castelo de S\u00e3o Jorge, entrada do bairro do Castelo na rua do Ch\u00e3o da Feira, Alfama, Lisboa Castelo O bairro do Castelo \u00e9 um dos bairros hist\u00f3ricos mais nobres e conhecidos de Lisboa e que apresenta uma caracter\u00edstica \u00fanica: s\u00f3 tem uma entrada e uma sa\u00edda. Neste bairro, \u00e9 poss\u00edvel viajar at\u00e9 \u00e0 [&hellip;]<\/p>\n","protected":false},"author":1,"featured_media":4917,"comment_status":"closed","ping_status":"open","sticky":false,"template":"","format":"standard","meta":{"_et_pb_use_builder":"","_et_pb_old_content":"","_et_gb_content_width":"","footnotes":""},"categories":[199],"tags":[],"class_list":["post-4915","post","type-post","status-publish","format-standard","has-post-thumbnail","hentry","category-centro-historico"],"_links":{"self":[{"href":"https:\/\/xrei.com\/pt\/wp-json\/wp\/v2\/posts\/4915","targetHints":{"allow":["GET"]}}],"collection":[{"href":"https:\/\/xrei.com\/pt\/wp-json\/wp\/v2\/posts"}],"about":[{"href":"https:\/\/xrei.com\/pt\/wp-json\/wp\/v2\/types\/post"}],"author":[{"embeddable":true,"href":"https:\/\/xrei.com\/pt\/wp-json\/wp\/v2\/users\/1"}],"replies":[{"embeddable":true,"href":"https:\/\/xrei.com\/pt\/wp-json\/wp\/v2\/comments?post=4915"}],"version-history":[{"count":0,"href":"https:\/\/xrei.com\/pt\/wp-json\/wp\/v2\/posts\/4915\/revisions"}],"wp:featuredmedia":[{"embeddable":true,"href":"https:\/\/xrei.com\/pt\/wp-json\/wp\/v2\/media\/4917"}],"wp:attachment":[{"href":"https:\/\/xrei.com\/pt\/wp-json\/wp\/v2\/media?parent=4915"}],"wp:term":[{"taxonomy":"category","embeddable":true,"href":"https:\/\/xrei.com\/pt\/wp-json\/wp\/v2\/categories?post=4915"},{"taxonomy":"post_tag","embeddable":true,"href":"https:\/\/xrei.com\/pt\/wp-json\/wp\/v2\/tags?post=4915"}],"curies":[{"name":"wp","href":"https:\/\/api.w.org\/{rel}","templated":true}]}}