{"id":386,"date":"2020-08-08T08:08:00","date_gmt":"2020-08-08T08:08:00","guid":{"rendered":"https:\/\/foiv.com\/imobiliarialisboa.com\/2020\/05\/07\/parco-delle-nazioni-parque-das-nacoes-expo\/"},"modified":"2021-09-07T17:35:33","modified_gmt":"2021-09-07T17:35:33","slug":"parco-delle-nazioni-parque-das-nacoes-expo","status":"publish","type":"post","link":"https:\/\/xrei.com\/it\/parco-delle-nazioni-parque-das-nacoes-expo\/","title":{"rendered":"Parque das Na\u00e7\u00f5es, Lisbona"},"content":{"rendered":"<div class=\"mceTemp\">\n<dl id=\"attachment_3574\" class=\"wp-caption alignnone\" style=\"width: 1280px;\" data-mce-style=\"width: 1280px;\">\n<dt class=\"wp-caption-dt\"><a href=\"https:\/\/xrei.com\/images\/parque-das-nacoes.jpg\" data-mce-href=\"https:\/\/xrei.com\/images\/parque-das-nacoes.jpg\"><img loading=\"lazy\" decoding=\"async\" class=\"size-full wp-image-3574\" src=\"https:\/\/xrei.com\/images\/parque-das-nacoes.jpg\" alt=\"Parque das Na\u00e7\u00f5es \u00e8 un quartiere ricreato alla fine degli anni '90 con l'obiettivo di ospitare l'esposizione mondiale EXPO98 che si \u00e8 svolta a Lisbona nel 1998. Attualmente \u00e8 il quartiere pi\u00f9 moderno di Lisbona, con infrastrutture di design contemporaneo in una posizione lungo il fiume, con immensi spazi intorno all'aria aperta per vivere l'ambiente tranquillo. Parque das Na\u00e7\u00f5es ospita anche eventi culturali, fiere aziendali e centri commerciali\" width=\"1280\" height=\"854\" data-mce-src=\"https:\/\/xrei.com\/images\/parque-das-nacoes.jpg\" srcset=\"https:\/\/xrei.com\/images\/parque-das-nacoes.jpg 1280w, https:\/\/xrei.com\/images\/parque-das-nacoes-980x654.jpg 980w, https:\/\/xrei.com\/images\/parque-das-nacoes-480x320.jpg 480w\" sizes=\"(min-width: 0px) and (max-width: 480px) 480px, (min-width: 481px) and (max-width: 980px) 980px, (min-width: 981px) 1280px, 100vw\" \/><\/a><\/dt>\n<dd class=\"wp-caption-dd\">Parque das Na\u00e7\u00f5es \u00e8 un quartiere ricreato alla fine degli anni &#8217;90 con l&#8217;obiettivo di ospitare l&#8217;esposizione mondiale EXPO98 che si \u00e8 svolta a Lisbona nel 1998. Attualmente \u00e8 il quartiere pi\u00f9 moderno di Lisbona, con infrastrutture di design contemporaneo in una posizione lungo il fiume, con immensi spazi intorno all&#8217;aria aperta per vivere l&#8217;ambiente tranquillo. Parque das Na\u00e7\u00f5es ospita anche eventi culturali, fiere aziendali e centri commerciali<\/dd>\n<\/dl>\n<\/div>\n<div id=\"ez-toc-container\" class=\"ez-toc-v2_0_82_2 counter-hierarchy ez-toc-counter ez-toc-light-blue ez-toc-container-direction\">\n<div class=\"ez-toc-title-container\"><p class=\"ez-toc-title\" style=\"cursor:inherit\">In this article, you will get to know about...<\/p>\n<\/div><nav><ul class='ez-toc-list ez-toc-list-level-1 ' ><li class='ez-toc-page-1 ez-toc-heading-level-2'><a class=\"ez-toc-link ez-toc-heading-1\" href=\"https:\/\/xrei.com\/it\/parco-delle-nazioni-parque-das-nacoes-expo\/#Parque_das_Nacoes_Parco_delle_Nazioni\" >Parque das Na\u00e7\u00f5es (Parco delle Nazioni)<\/a><\/li><li class='ez-toc-page-1 ez-toc-heading-level-2'><a class=\"ez-toc-link ez-toc-heading-2\" href=\"https:\/\/xrei.com\/it\/parco-delle-nazioni-parque-das-nacoes-expo\/#Organizzazione_amministrativa\" >Organizzazione amministrativa<\/a><\/li><li class='ez-toc-page-1 ez-toc-heading-level-2'><a class=\"ez-toc-link ez-toc-heading-3\" href=\"https:\/\/xrei.com\/it\/parco-delle-nazioni-parque-das-nacoes-expo\/#Attrazioni_da_visitare_in_Parque_das_Nacoes_top_10\" >Attrazioni da visitare in Parque das Na\u00e7\u00f5es (top 10)<\/a><ul class='ez-toc-list-level-3' ><li class='ez-toc-heading-level-3'><a class=\"ez-toc-link ez-toc-heading-4\" href=\"https:\/\/xrei.com\/it\/parco-delle-nazioni-parque-das-nacoes-expo\/#Altre_attrazioni_da_esplorare_al_Parque_das_Nacoes\" >Altre attrazioni da esplorare al Parque das Na\u00e7\u00f5es<\/a><\/li><li class='ez-toc-page-1 ez-toc-heading-level-3'><a class=\"ez-toc-link ez-toc-heading-5\" href=\"https:\/\/xrei.com\/it\/parco-delle-nazioni-parque-das-nacoes-expo\/#Strade_principali_e_piazze_del_Parque_das_Nacoes\" >Strade principali e piazze del Parque das Na\u00e7\u00f5es<\/a><\/li><\/ul><\/li><li class='ez-toc-page-1 ez-toc-heading-level-2'><a class=\"ez-toc-link ez-toc-heading-6\" href=\"https:\/\/xrei.com\/it\/parco-delle-nazioni-parque-das-nacoes-expo\/#Strutture_educative_in_Parque_das_Nacoes\" >Strutture educative in Parque das Na\u00e7\u00f5es<\/a><\/li><li class='ez-toc-page-1 ez-toc-heading-level-2'><a class=\"ez-toc-link ez-toc-heading-7\" href=\"https:\/\/xrei.com\/it\/parco-delle-nazioni-parque-das-nacoes-expo\/#Sviluppi_turistici_nel_Parque_das_Nacoes\" >Sviluppi turistici nel Parque das Na\u00e7\u00f5es<\/a><\/li><li class='ez-toc-page-1 ez-toc-heading-level-2'><a class=\"ez-toc-link ez-toc-heading-8\" href=\"https:\/\/xrei.com\/it\/parco-delle-nazioni-parque-das-nacoes-expo\/#Luoghi_in_cui_fare_shopping_nel_Parque_das_Nacoes\" >Luoghi in cui fare shopping nel Parque das Na\u00e7\u00f5es<\/a><\/li><li class='ez-toc-page-1 ez-toc-heading-level-2'><a class=\"ez-toc-link ez-toc-heading-9\" href=\"https:\/\/xrei.com\/it\/parco-delle-nazioni-parque-das-nacoes-expo\/#Trasporto_e_accesso_al_Parque_das_Nacoes\" >Trasporto e accesso al Parque das Na\u00e7\u00f5es<\/a><\/li><li class='ez-toc-page-1 ez-toc-heading-level-2'><a class=\"ez-toc-link ez-toc-heading-10\" href=\"https:\/\/xrei.com\/it\/parco-delle-nazioni-parque-das-nacoes-expo\/#Posizione_della_Parrocchia_di_Parque_das_Nacoes_sulla_mappa_di_Lisbona\" >Posizione della Parrocchia di Parque das Na\u00e7\u00f5es sulla mappa di Lisbona<\/a><\/li><li class='ez-toc-page-1 ez-toc-heading-level-2'><a class=\"ez-toc-link ez-toc-heading-11\" href=\"https:\/\/xrei.com\/it\/parco-delle-nazioni-parque-das-nacoes-expo\/#Parque_das_Nacoes_si_trova_%E2%80%A6\" >Parque das Na\u00e7\u00f5es si trova &#8230;<\/a><\/li><\/ul><\/nav><\/div>\n<h2><span class=\"ez-toc-section\" id=\"Parque_das_Nacoes_Parco_delle_Nazioni\"><\/span>Parque das Na\u00e7\u00f5es (Parco delle Nazioni)<span class=\"ez-toc-section-end\"><\/span><\/h2>\n<p>Parque das Na\u00e7\u00f5es \u00e8 un quartiere recente ricreato alla fine degli anni &#8217;90 con l&#8217;obiettivo di ospitare l&#8217;evento EXPO98, la mostra mondiale che si \u00e8 svolta a Lisbona nel 1998, dove erano rappresentati la maggior parte dei paesi del mondo, con le loro culture e spettacoli. Parque das Na\u00e7\u00f5es \u00e8 la zona pi\u00f9 moderna della citt\u00e0 di Lisbona, con infrastrutture di design contemporaneo, una parte della citt\u00e0 creata da una vecchia area industriale per dare origine al nuovo quartiere della citt\u00e0 di Lisbona che chiamiamo Parque das Na\u00e7\u00f5es. <em> Parque das Na\u00e7\u00f5es <\/em> \u00e8 integrato nel Consiglio Parrocchiale di Parque das Na\u00e7\u00f5es, una zona industriale vecchia e degradata di Lisbona prima di Expo 1998. Il Parque das Na\u00e7\u00f5es \u00e8 stato trasformato in una delle zone pi\u00f9 nobili e desiderabili della citt\u00e0, con circa 5 km di area lungo il fiume vicino al Tago, lo rendono un luogo popolare per le famiglie con bambini, dirigenti, turisti durante il giorno e giovani per socializzare e divertirsi di notte.<\/p>\n<div class=\"mceTemp\">\n<dl id=\"attachment_3580\" class=\"wp-caption alignnone\" style=\"width: 1280px;\" data-mce-style=\"width: 1280px;\">\n<dt class=\"wp-caption-dt\"><a href=\"https:\/\/xrei.com\/images\/parque-das-nacoes-espelho-de-agua.jpg\" data-mce-href=\"https:\/\/xrei.com\/images\/parque-das-nacoes-espelho-de-agua.jpg\"><img loading=\"lazy\" decoding=\"async\" class=\"size-full wp-image-3580\" src=\"https:\/\/xrei.com\/images\/parque-das-nacoes-espelho-de-agua.jpg\" alt=\"Gli ambienti del Parque das Na\u00e7\u00f5es sono composti da vari temi, vale a dire l'acqua, che \u00e8 presente in molti luoghi, dagli specchi d'acqua, ai giardini con un tema d'acqua, all'Oceanario di Lisbona, alla vicinanza del fiume e al centro commerciale Vasco da Gama , con diversi ambienti legati all'oceano, tra cui l'ambiente rilassante della cascata d'acqua presente nel tetto dell'edificio\" width=\"1280\" height=\"854\" data-mce-src=\"https:\/\/xrei.com\/images\/parque-das-nacoes-espelho-de-agua.jpg\" srcset=\"https:\/\/xrei.com\/images\/parque-das-nacoes-espelho-de-agua.jpg 1280w, https:\/\/xrei.com\/images\/parque-das-nacoes-espelho-de-agua-980x654.jpg 980w, https:\/\/xrei.com\/images\/parque-das-nacoes-espelho-de-agua-480x320.jpg 480w\" sizes=\"(min-width: 0px) and (max-width: 480px) 480px, (min-width: 481px) and (max-width: 980px) 980px, (min-width: 981px) 1280px, 100vw\" \/><\/a><\/dt>\n<dd class=\"wp-caption-dd\">Gli ambienti del Parque das Na\u00e7\u00f5es sono composti da vari temi, vale a dire l&#8217;acqua, che \u00e8 presente in molti luoghi, dagli specchi d&#8217;acqua, ai giardini con un tema d&#8217;acqua, all&#8217;Oceanario di Lisbona, alla vicinanza del fiume e al centro commerciale Vasco da Gama , con diversi ambienti legati all&#8217;oceano, tra cui l&#8217;ambiente rilassante della cascata d&#8217;acqua presente nel tetto dell&#8217;edificio<\/dd>\n<\/dl>\n<\/div>\n<p>L&#8217;Expo, come \u00e8 anche noto, \u00e8 uno dei principali luoghi della vita notturna nella capitale portoghese grazie alla via di bar e club che si trovano qui. Il Parque das Na\u00e7\u00f5es \u00e8 molto ricercato dagli amanti dell&#8217;architettura contemporanea per i vari edifici dell&#8217;architettura moderna, vale a dire il padiglione portoghese di \u00c1lvaro Siza Vieira, l&#8217;Oceanario di Lisbona di Peter Chermayeff, il padiglione Atlantico di Regino Cruz , Teatro Cam\u00f5es di Manuel Salgado e Gare do Oriente di Santiago Calatrava;<\/p>\n<div class=\"mceTemp\">\n<dl id=\"attachment_3592\" class=\"wp-caption alignnone\" style=\"width: 1280px;\" data-mce-style=\"width: 1280px;\">\n<dt class=\"wp-caption-dt\"><a href=\"https:\/\/xrei.com\/images\/pavilhao-de-portugal.jpg\" data-mce-href=\"https:\/\/xrei.com\/images\/pavilhao-de-portugal.jpg\"><img loading=\"lazy\" decoding=\"async\" class=\"size-full wp-image-3592\" src=\"https:\/\/xrei.com\/images\/pavilhao-de-portugal.jpg\" alt=\"Il Pavilh\u00e3o de Portugal \u00e8 un edificio classificato Monumento di Interesse Pubblico grazie al progetto dell'architetto Siza Vieira che consiste in una piazza coperta dalla pi\u00f9 grande vetta di cemento sospesa da cavi d'acciaio, definita da due portici di cemento. L'idea si basa sull'idea di un foglio di carta appoggiato su due mattoni. Questo lavoro ha vinto il Premio Valmor nel 1998. Attualmente, il Pavilh\u00e3o de Portugal \u00e8 responsabile dell'Universit\u00e0 di Lisbona, che assegna lo spazio a un'attivit\u00e0 in settori quali l'istruzione, la ricerca scientifica, la promozione della conoscenza e la presentazione alla societ\u00e0 del lavoro. che \u00e8 sviluppato dall'Universit\u00e0.\" width=\"1280\" height=\"854\" data-mce-src=\"https:\/\/xrei.com\/images\/pavilhao-de-portugal.jpg\" srcset=\"https:\/\/xrei.com\/images\/pavilhao-de-portugal.jpg 1280w, https:\/\/xrei.com\/images\/pavilhao-de-portugal-980x654.jpg 980w, https:\/\/xrei.com\/images\/pavilhao-de-portugal-480x320.jpg 480w\" sizes=\"(min-width: 0px) and (max-width: 480px) 480px, (min-width: 481px) and (max-width: 980px) 980px, (min-width: 981px) 1280px, 100vw\" \/><\/a><\/dt>\n<dd class=\"wp-caption-dd\">Il Pavilh\u00e3o de Portugal \u00e8 un edificio classificato Monumento di Interesse Pubblico grazie al progetto dell&#8217;architetto Siza Vieira che consiste in una piazza coperta dalla pi\u00f9 grande vetta di cemento sospesa da cavi d&#8217;acciaio, definita da due portici di cemento. L&#8217;idea si basa sull&#8217;idea di un foglio di carta appoggiato su due mattoni. Questo lavoro ha vinto il Premio Valmor nel 1998. Attualmente, il Pavilh\u00e3o de Portugal \u00e8 responsabile dell&#8217;Universit\u00e0 di Lisbona, che assegna lo spazio a un&#8217;attivit\u00e0 in settori quali l&#8217;istruzione, la ricerca scientifica, la promozione della conoscenza e la presentazione alla societ\u00e0 del lavoro. che \u00e8 sviluppato dall&#8217;Universit\u00e0.<\/dd>\n<\/dl>\n<\/div>\n<p>per gli amanti della natura, il Parque das Na\u00e7\u00f5es ha circa un terzo del territorio popolato da giardini e aree verdi con arte urbana, vale a dire l&#8217;Alameda dos Oceanos, i giardini Garcia d\u2019Orta e i giardini pensili; edifici con disegni di Ant\u00f3nio Segui, Arthur Boyd ed Err\u00f3, o con opere di Adalgisa Duarte, Ant\u00f3nio Vidigal e Jo\u00e3o Cutileiro su viali e marciapiedi<\/p>\n<div class=\"mceTemp\">\n<dl id=\"attachment_3613\" class=\"wp-caption alignnone\" style=\"width: 1280px;\" data-mce-style=\"width: 1280px;\">\n<dt class=\"wp-caption-dt\"><a href=\"https:\/\/xrei.com\/images\/torre-vasco-da-gama.jpg\" data-mce-href=\"https:\/\/xrei.com\/images\/torre-vasco-da-gama.jpg\"><img loading=\"lazy\" decoding=\"async\" class=\"size-full wp-image-3613\" src=\"https:\/\/xrei.com\/images\/torre-vasco-da-gama.jpg\" alt=\"La Torre Vasco da Gama \u00e8 il grattacielo pi\u00f9 alto del Portogallo, una torre a struttura mista con un'altezza di circa 140 m. L'architettura di Leonor Janeiro, Nick Jacobs e SOM - Skidmore, Owings e Merrill) \u00e8 stata ispirata dalla forma delle vele di una caravella, con la struttura del fiume. Durante la mostra EXPO98, in cima alla torre ha operato un ristorante di lusso con vista panoramica sul fiume Tago. La Torre attualmente funziona come un hotel di lusso della catena SANA Hot\u00e9is, con un nuovo edificio aggiunto alla torre iniziale\" width=\"1280\" height=\"894\" data-mce-src=\"https:\/\/xrei.com\/images\/torre-vasco-da-gama.jpg\" srcset=\"https:\/\/xrei.com\/images\/torre-vasco-da-gama.jpg 1280w, https:\/\/xrei.com\/images\/torre-vasco-da-gama-980x684.jpg 980w, https:\/\/xrei.com\/images\/torre-vasco-da-gama-480x335.jpg 480w\" sizes=\"(min-width: 0px) and (max-width: 480px) 480px, (min-width: 481px) and (max-width: 980px) 980px, (min-width: 981px) 1280px, 100vw\" \/><\/a><\/dt>\n<dd class=\"wp-caption-dd\">La Torre Vasco da Gama \u00e8 il grattacielo pi\u00f9 alto del Portogallo, una torre a struttura mista con un&#8217;altezza di circa 140 m. L&#8217;architettura di Leonor Janeiro, Nick Jacobs e SOM &#8211; Skidmore, Owings e Merrill) \u00e8 stata ispirata dalla forma delle vele di una caravella, con la struttura del fiume. Durante la mostra EXPO98, in cima alla torre ha operato un ristorante di lusso con vista panoramica sul fiume Tago. La Torre attualmente funziona come un hotel di lusso della catena SANA Hot\u00e9is, con un nuovo edificio aggiunto alla torre iniziale<\/dd>\n<\/dl>\n<\/div>\n<p>Il Parque das Na\u00e7\u00f5es \u00e8 uno dei principali punti di arrivo e partenza del trasporto passeggeri a Lisbona, con treni (extraurbani e di lungo raggio), autobus, metropolitana (con collegamento diretto con l&#8217;aeroporto di Lisbona) e taxi. Parque das Na\u00e7\u00f5es \u00e8 un luogo moderno, cosmopolita e multiculturale, dove \u00e8 possibile passeggiare, fare sport, fare affari e vivere in sicurezza.<\/p>\n<h2 id=\"organizzazione-amministrativa\"><span class=\"ez-toc-section\" id=\"Organizzazione_amministrativa\"><\/span>Organizzazione amministrativa<span class=\"ez-toc-section-end\"><\/span><\/h2>\n<p>Parque das Na\u00e7\u00f5es \u00e8 gestito dal Consiglio parrocchiale di Parque das Na\u00e7\u00f5es.<\/p>\n<h2 id=\"attrazioni-da-visitare-in-parque-das-na-es-top-10-\"><span class=\"ez-toc-section\" id=\"Attrazioni_da_visitare_in_Parque_das_Nacoes_top_10\"><\/span>Attrazioni da visitare in Parque das Na\u00e7\u00f5es (top 10)<span class=\"ez-toc-section-end\"><\/span><\/h2>\n<ol>\n<li><strong>Oceanarium di Lisbona (Ocean\u00e1rio de Lisboa)<\/strong> \u00e8 uno dei pi\u00f9 grandi acquari pubblici del mondo, situato a Esplanada Dom Carlos I. L&#8217;Ocean\u00e1rio de Lisboa \u00e8 stato aperto nel 1998 con un progetto dell&#8217;architetto Peter Chermayeff con l&#8217;obiettivo attirare l&#8217;attenzione del pubblico sullo sfruttamento eccessivo degli oceani, presentando le seguenti attrazioni:\n<ul>\n<li>Acquario centrale con circa 5 milioni di litri di acqua salata;<\/li>\n<li>Pi\u00f9 di 1 milione di visitatori all&#8217;anno;<\/li>\n<li>Mostra delle foreste sommerse di Takashi Amano;<\/li>\n<li>Animali Oceanarium &#8211; con oltre 25 mila specie, in particolare lontre marine, pinguini di Magellano, pinguini che saltano su roccia, anemoni e squali.<\/li>\n<\/ul>\n<\/li>\n<li><strong>Casino de Lisboa<\/strong> \u00e8 il pi\u00f9 grande casin\u00f2 del Portogallo, situato ad Alameda dos Oceanos. Casino de Lisboa \u00e8 stato aperto nel 2006, ricevendo circa due milioni di visitatori all&#8217;anno, con i seguenti punti salienti:\n<ul>\n<li><strong>3 ristoranti Casino de Lisboa<\/strong> sono: <strong>Le Buffet<\/strong>, un ristorante con buffet di specialit\u00e0 portoghesi; <strong>Hua Ta Li<\/strong> &#8211; ristorante di lusso con cucina cinese; <strong>BelTejo<\/strong> &#8211; spazio per compleanni, feste, riunioni o cene.<\/li>\n<li><strong>4 bar del Casino de Lisboa<\/strong> sono: Arena Lounge; Paly Bar; Joker Bar; Baccarat Bar.<\/li>\n<li><strong>2 luoghi per spettacoli<\/strong>:<\/li>\n<li>\n<ul>\n<li><strong>Arena Lounge<\/strong> la stanza in cui si svolgono gli spettacoli di circo e musica dal vivo;<\/li>\n<\/ul>\n<\/li>\n<li>\n<ul>\n<li><strong>Audit\u00f3rio dos Oceanos<\/strong>, lo spazio privilegiato per l&#8217;esposizione di spettacoli teatrali.<\/li>\n<\/ul>\n<\/li>\n<li><strong>1100 slot machine <\/strong><\/li>\n<li><strong>Supporti per roulette<\/strong>, <strong>Blackjack<\/strong>, <strong>Caribbean Stud Poker<\/strong>, <strong>French Banking<\/strong> e <strong>Point and Banking<\/strong>.<\/li>\n<\/ul>\n<\/li>\n<li><strong>Il centro commerciale Vasco da Gama<\/strong> \u00e8 un centro commerciale con molta luce naturale grazie alla moderna costruzione in vetro, con 4 piani di negozi e ristoranti con ampi spazi, diversi piani di parcheggio, situato a Avenida Dom Jo\u00e3o II. Il centro commerciale Vasco da Gama \u00e8 stato aperto nel 1999, cos\u00ec progettato per onorare il navigatore Vasco da Gama, con le seguenti attrazioni: 170 negozi con 2 piani di ristoranti, con le principali marche di ready to wear, lettura, tecnologia e ipermercato; 6 cinema; 1 centro benessere.<\/li>\n<li><strong>Padiglione del Portogallo (Pavilh\u00e3o de Portugal)<\/strong> \u00e8 uno <em> spazio multiculturale gestito dall&#8217;Universit\u00e0 di Lisbona<\/em>, situato ad Alameda dos Oceanos. Il padiglione del Portogallo \u00e8 stato aperto nel 1998 con un progetto dell&#8217;architetto \u00c1lvaro Siza Vieira, che presenta i seguenti punti di interesse:\n<ul>\n<li>Piazza centrale utilizzata per cerimonie ufficiali e altri eventi pubblici di circa 60 per 50 metri;<\/li>\n<li>Visiera prefabbricata in cemento con 1400 tonnellate di peso, uno dei grandi progetti innovativi dell&#8217;architetto Siza Vieira; e il centro espositivo.<\/li>\n<\/ul>\n<\/li>\n<li><strong>Padiglione della Conoscenza (Pavilh\u00e3o do Conhecimento)<\/strong> \u00e8 lo spazio in cui si trova il <strong>Centro Ci\u00eancia Viva<\/strong> del Parque das Na\u00e7\u00f5es, situato in Largo Jos\u00e9 Mariano Gago. Il padiglione della conoscenza \u00e8 stato aperto nel 1998 con un progetto dell&#8217;architetto Carrilho da Gra\u00e7a e, successivamente, convertito nel Centro Ci\u00eancia Viva, un <em> museo scientifico interattivo<\/em>. Il Centro Ci\u00eancia Viva ha diverse attivit\u00e0 e spazi, in particolare: Circuiti Ci\u00eancia Viva; auditorium; biblioteca; caffetteria; Aumento dell&#8217;esposizione; Mostra Explora; Escape Modules Exhibition; Mostra delle donne nella scienza; Academia Ci\u00eancia Viva.<\/li>\n<li><strong>Teatro Cam\u00f5es<\/strong> \u00e8 uno spazio culturale in cui si svolgono diverse esibizioni, situato nel Parque das Na\u00e7\u00f5es, vicino all&#8217;Ocean\u00e1rio. Il Teatro Cam\u00f5es \u00e8 stato aperto nel 1998 con un progetto dell&#8217;architetto Manuel Salgado, che presenta i seguenti punti di interesse: una facciata di vetro che si affaccia sul fiume Tago; un Auditorium con 873 posti; e lo Spazio Orchestra, largo 16 metri e profondo 5,5 metri.<\/li>\n<li><strong>giardino Alameda dos Oceanos<\/strong> \u00e8 un centro commerciale lungo circa due chilometri, situato ad Alameda dos Oceanos. Il giardino \u00e8 stato aperto nel 1998, con tre diversi percorsi, vale a dire:\n<ul>\n<li><strong>Caminho Sul<\/strong> situado entre a Torre da Galp e a Rotunda do Cabe\u00e7o das Rolas;<\/li>\n<li><strong>Caminho da Gare do Oriente<\/strong> \u00e9 o caminho mais largo e arborizado situado pr\u00f3ximo da Gare do Oriente e do Pavilh\u00e3o de Portugal;<\/li>\n<li><strong>Caminho Norte<\/strong> \u00e9 o caminho com fontes, jogos de \u00e1gua e canteiros de arbustos.<\/li>\n<\/ul>\n<\/li>\n<li><strong>Telecabine Lisboa<\/strong> \u00e8 una funivia, situata nel Parque das Na\u00e7\u00f5es, che corre lungo l&#8217;intera costa della mostra, con collegamento tra la vecchia torre Vasco da Gama e l&#8217;Oceanarium. La funivia \u00e8 stata inaugurata nel 1998, con quaranta cabine con una capacit\u00e0 di otto passeggeri, offrendo una vista sul Parque das Na\u00e7\u00f5es e sul fiume Tago in un viaggio di 8-12 minuti su una lunghezza di 1230 metri, a 30 metri di altezza.<\/li>\n<li><strong>Stazione Oriente<\/strong> \u00e8 una stazione di architettura moderna che ospita le stazioni dei treni, degli autobus e della metropolitana, situata in Avenida Dom Jo\u00e3o II. La Stazione Oriente \u00e8 stata aperta nel 1998 con un progetto dell&#8217;architetto Santiago Calatrava, essendo una delle pi\u00f9 importanti interfacce di trasporto nella citt\u00e0 di Lisbona, poich\u00e9 \u00e8 servita da treno, autobus, metropolitana e taxi. Esta\u00e7\u00e3o do Oriente ha ricevuto il <strong>Premio Brunel Architecture nel 1998<\/strong>, con la copertura in vetro all&#8217;ultimo piano come il momento clou principale.<\/li>\n<li><strong>MEO ARENA (Pavilh\u00e3o Atl\u00e2ntico)<\/strong> \u00e8 il pi\u00f9 grande padiglione di eventi e spettacoli del paese, situato a Rossio dos Olivais. MEO ARENA (Pavilh\u00e3o Atl\u00e2ntico) \u00e8 stato aperto nel 1998 con un progetto dell&#8217;architetto Regino Cruz e dell&#8217;ufficio internazionale Skidmore, Owings e Merril. MEO ARENA (Pavilh\u00e3o Atl\u00e2ntico) \u00e8 stato il palcoscenico di numerosi concerti di musica nazionali e internazionali, eventi aziendali e comunali ed eventi politici.<\/li>\n<\/ol>\n<h3 id=\"altre-attrazioni-da-esplorare-al-parque-das-na-es\"><span class=\"ez-toc-section\" id=\"Altre_attrazioni_da_esplorare_al_Parque_das_Nacoes\"><\/span>Altre attrazioni da esplorare al Parque das Na\u00e7\u00f5es<span class=\"ez-toc-section-end\"><\/span><\/h3>\n<ul>\n<li><strong>Ponte Vasco da Gama<\/strong> \u00e8 il ponte pi\u00f9 lungo in Europa e il quarto pi\u00f9 esteso al mondo, con un collegamento tra Lisbona e Montijo. Il ponte Vasco da Gama \u00e8 stato inaugurato nel 1998 con il suo nome attuale in onore di Vasco da Gama nell&#8217;anno che ha celebrato il 500 \u00b0 anniversario del suo arrivo in India, con un progetto di TPF Consultores. Il ponte Vasco da Gama ha diverse caratteristiche importanti, vale a dire:\n<ul>\n<li>Estensione di oltre 17 km;<\/li>\n<li>Torri centrali alte 150 metri;<\/li>\n<li>Vassoio 47 metri sopra il livello dell&#8217;acqua;<\/li>\n<li>Tre stazioni meteorologiche lungo il ponte;<\/li>\n<li>91 telecamere per la gestione del traffico.<\/li>\n<\/ul>\n<\/li>\n<li><strong>Parque Tejo<\/strong> \u00e8 un sito paesaggistico, situato sul Passeio do Tejo. Il Parque Tejo \u00e8 stato inaugurato nel 1998, con un collegamento tra Parque das Na\u00e7\u00f5es e la foce del fiume Tranc\u00e3o. Parque Tejo ha i seguenti punti di interesse:\n<ul>\n<li>Sito paesaggistico lungo il fiume Tago;<\/li>\n<li>Area molto frequentata nel fine settimana da Lisbona e turisti per riposare e praticare attivit\u00e0 sportive;<\/li>\n<li>Luogo privilegiato per il birdwatching lungo l&#8217;estuario del Tago.<\/li>\n<\/ul>\n<\/li>\n<li><strong>Rossio dos Olivais<\/strong> \u00e8 il centro di Parque das Na\u00e7\u00f5es, situato tra il centro commerciale Vasco da Gama e il padiglione Atlantico. Rossio dos Olivais \u00e8 noto per la presenza delle bandiere dei paesi che hanno partecipato all&#8217;Esposizione universale di Lisbona del 1998, il corridoio d&#8217;acqua e il gran numero di alberi piantati.<\/li>\n<li><strong>Marina do Parque das Na\u00e7\u00f5es<\/strong> \u00e8 uno dei porti turistici pi\u00f9 recenti della citt\u00e0 di Lisbona, situato a Rua Rio Tejo. La marina ha una capacit\u00e0 di 602 posti barca per imbarcazioni fino a 25 metri nel bacino meridionale e crociere o megayacht fino a 230 metri a Ponte Cais. La marina offre i seguenti servizi: supporto per i marinai; Ipermercato con consegna di acquisti diretti sulla barca; lavanderia; Libri e film per uso del cliente; le banche; Assistenza sanitaria; Noleggio biciclette; Feste di compleanno.<\/li>\n<li><strong>Sky Bar Oriente<\/strong> \u00e8 un tetto situato in Avenida Dom Jo\u00e3o II. Lo Sky Bar Oriente offre la vista panoramica sul fiume Tago e sul Parque das Na\u00e7\u00f5es; e il bar panoramico.<\/li>\n<li><strong>Torre da Galp<\/strong> \u00e8 una vecchia torre petrolifera, situata a Rua Tom\u00e1s da Fonseca. Torre da Galp \u00e8 un esempio di archeologia industriale, recuperata per l&#8217;Esposizione Universale del 1998 a Lisbona per ricordare il periodo in cui il Parque das Na\u00e7\u00f5es era una raffineria di petrolio.<\/li>\n<li><strong>LX Skate Park<\/strong> \u00e8 uno skate park, situato a Parque das Na\u00e7\u00f5es. LX Skate Park presenta come punto di interesse la variet\u00e0 di rampe e ostacoli per le manovre di skateboard, la qualit\u00e0 del pavimento per lo skateboard, la vicinanza del lungofiume del Parque das Na\u00e7\u00f5es; e la vicinanza del ponte Vasco da Gama.<\/li>\n<li><strong>giardino Cabe\u00e7o das Rolas<\/strong> \u00e8 un giardino del Parque das Na\u00e7\u00f5es, situato in Avenida Ulisses. Il Cabe\u00e7o das Rolas Garden ha la curiosit\u00e0 di trovarsi a 33 metri sopra il livello del fiume Tago, essendo stato un luogo per il passaggio delle colombe. Il giardino Cabe\u00e7o das Rolas ha i seguenti punti di interesse: vista sul fiume Tago e sul ponte Vasco da Gama; Lago con 2500 m2; Fontane e Fontane; Diverse specie di alberi, in particolare arance, cipressi e ulivi.<\/li>\n<li><strong>giardino Garcia d\u2019Orta<\/strong> \u00e8 un giardino di flora esotica, situato a Rua Alfredo Pimenta. giardino Garcia d&#8217;Orta \u00e8 stato inaugurato nel 1998 con un progetto dell&#8217;architetto paesaggista Jo\u00e3o Gomes da Silva, con specie vegetali di Capo Verde, Goa, S\u00e3o Tom\u00e9 e Princ\u00edpe e le Azzorre e Madeira.<\/li>\n<li><strong>Jardins d\u2019\u00c1gua<\/strong> sono spazi paesaggistici con temi legati all&#8217;acqua, situati sulla zona del fiume di Parque das Na\u00e7\u00f5es. I Jardins d&#8217;Agua sono stati inaugurati nel 1998, presentando i seguenti punti di interesse: Jardins da Palmeira; Frutteto mediterraneo; Il lago di Ulisse; Edificio a cascata; Giardino idraulico.<\/li>\n<li><strong>Hospital CUF Descobertas<\/strong> \u00e8 uno dei rinomati ospedali della citt\u00e0 di Lisbona, situato a Rua M\u00e1rio Botas. L&#8217;ospedale CUF Descobertas \u00e8 stato aperto nel 2001, con una capacit\u00e0 giornaliera di circa 1500 consultazioni, 2000 esami, 300 emergenze, 60 operazioni, 10 consegne e 35 pazienti dimessi. L&#8217;ospedale Descobertas di CUF offre i seguenti spazi:\n<ul>\n<li>158 letti di ospedale<\/li>\n<li>Sala operatoria centrale con 5 camere<\/li>\n<li>Blocco di consegna con 3 camere<\/li>\n<li>116 uffici di consulenza specialistica<\/li>\n<\/ul>\n<\/li>\n<li><strong>Roteiro Arte Urbana<\/strong>, con le varie aree espositive di arte urbana nel Parque das Na\u00e7\u00f5es, ovvero:\n<ul>\n<li>Pannelli di piastrelle di Abdoulaye Konat\u00e9;<\/li>\n<li>Opera di ngela Ferreira;<\/li>\n<li>Struttura di Ant\u00f3nio Vidigal;<\/li>\n<li>Statua raffigurante la regina Dona Catarina de Bragan\u00e7a di Audrey Flack;<\/li>\n<li>Pannelli piastrellati raffiguranti personaggi dei cartoni animati dell&#8217;artista islandese Err\u00f3;<\/li>\n<li>Opere di Fernanda Fragateiro, ovvero Jardim das Ondas, statua raffigurante una giraffa;<\/li>\n<li>Cal\u00e7ada Portuguesa che rappresenta le onde del mare di fronte alle bandiere dei paesi che hanno partecipato all&#8217;Esposizione universale di Lisbona, di Fernando Conduto;<\/li>\n<li>Pannello di piastrelle dell&#8217;edificio ECRAN di Jorge Martins;<\/li>\n<li>Scultura in ferro alta circa 20 metri e 15 tonnellate rappresentante il Sole, di Jorge Vieira;<\/li>\n<li>Marciapiede portoghese che rappresenta i mostri marini di Pedro Proen\u00e7a.<\/li>\n<\/ul>\n<\/li>\n<\/ul>\n<div class=\"mceTemp\">\n<dl id=\"attachment_3586\" class=\"wp-caption alignnone\" style=\"width: 1280px;\" data-mce-style=\"width: 1280px;\">\n<dt class=\"wp-caption-dt\"><a href=\"https:\/\/xrei.com\/images\/parque-das-nacoes-zona-comercial.jpg\" data-mce-href=\"https:\/\/xrei.com\/images\/parque-das-nacoes-zona-comercial.jpg\"><img loading=\"lazy\" decoding=\"async\" class=\"size-full wp-image-3586\" src=\"https:\/\/xrei.com\/images\/parque-das-nacoes-zona-comercial.jpg\" alt=\"Il centro commerciale Vasco da Gama \u00e8 un centro commerciale con pi\u00f9 di 50.000 metri quadrati, circa 170 negozi distribuiti su 3 piani, che includono 33 ristoranti, 6 cinema, un Health Club e vari servizi di assistenza clienti. Dispone inoltre di parcheggio coperto con una capacit\u00e0 di 2.523 posti. Il nome Vasco da Gama \u00e8 un omaggio a Vasco da Gama, scopritore della rotta marittima verso l'India. L'architettura del centro commerciale Vasco da Gama \u00e8 progettata dall'architetto Jos\u00e9 Quintela, con l'obiettivo di evocare i ricordi dei mari e degli oceani, con l'ambiente degli interni di una grande nave.\" width=\"1280\" height=\"854\" data-mce-src=\"https:\/\/xrei.com\/images\/parque-das-nacoes-zona-comercial.jpg\" srcset=\"https:\/\/xrei.com\/images\/parque-das-nacoes-zona-comercial.jpg 1280w, https:\/\/xrei.com\/images\/parque-das-nacoes-zona-comercial-980x654.jpg 980w, https:\/\/xrei.com\/images\/parque-das-nacoes-zona-comercial-480x320.jpg 480w\" sizes=\"(min-width: 0px) and (max-width: 480px) 480px, (min-width: 481px) and (max-width: 980px) 980px, (min-width: 981px) 1280px, 100vw\" \/><\/a><\/dt>\n<dd class=\"wp-caption-dd\">Il centro commerciale Vasco da Gama \u00e8 un centro commerciale con pi\u00f9 di 50.000 metri quadrati, circa 170 negozi distribuiti su 3 piani, che includono 33 ristoranti, 6 cinema, un Health Club e vari servizi di assistenza clienti. Dispone inoltre di parcheggio coperto con una capacit\u00e0 di 2.523 posti. Il nome Vasco da Gama \u00e8 un omaggio a Vasco da Gama, scopritore della rotta marittima verso l&#8217;India. L&#8217;architettura del centro commerciale Vasco da Gama \u00e8 progettata dall&#8217;architetto Jos\u00e9 Quintela, con l&#8217;obiettivo di evocare i ricordi dei mari e degli oceani, con l&#8217;ambiente degli interni di una grande nave.<\/dd>\n<\/dl>\n<\/div>\n<ul>\n<li>Giardini pensili<\/li>\n<li>Esplanade Dom Carlos I<\/li>\n<li>Campus de Justi\u00e7a<\/li>\n<li>FIL &#8211; Fiera internazionale di Lisbona<\/li>\n<li>giardino Sul<\/li>\n<li>Torre Vasco da Gama<\/li>\n<\/ul>\n<h3 id=\"strade-principali-e-piazze-del-parque-das-na-es\"><span class=\"ez-toc-section\" id=\"Strade_principali_e_piazze_del_Parque_das_Nacoes\"><\/span>Strade principali e piazze del Parque das Na\u00e7\u00f5es<span class=\"ez-toc-section-end\"><\/span><\/h3>\n<ul>\n<li><strong>Avenida Dom Jo\u00e3o II<\/strong> \u00e8 uno dei viali pi\u00f9 grandi e frequentati del Parque das Na\u00e7\u00f5es, con un collegamento tra la Rotonda della Repubblica di Colombia e Avenida Ulisses. Avenida Dom Jo\u00e3o II \u00e8 stata costruita per l&#8217;Esposizione Universale di Lisbona nel 1998, cos\u00ec designata dal 2009 per onorare il re Dom Jo\u00e3o II. Il viale \u00e8 vicino a diversi punti di interesse, vale a dire:\n<ul>\n<li>Statua di omaggio a Dom Jo\u00e3o II dello scultore Manuel Rosa;<\/li>\n<li>Centro commerciale Vasco da Gama;<\/li>\n<li>Stazione Oriente.<\/li>\n<\/ul>\n<\/li>\n<li><strong>Avenida Ulisses<\/strong> con collegamento tra la Pra\u00e7a do Pr\u00edncipe Perfeito e la Rotonda della Repubblica d&#8217;Argentina. <em> Avenida Ulisses <\/em> ha i seguenti punti di interesse:\n<ul>\n<li>Alameda dos Oceanos;<\/li>\n<li>Giardini d&#8217;acqua;<\/li>\n<li>Percorso dell&#8217;acqua;<\/li>\n<li>giardino Cabe\u00e7o das Rolas.<\/li>\n<\/ul>\n<\/li>\n<li><strong>Avenida Fernando Pessoa<\/strong> \u00e8 uno dei viali del Parque das Na\u00e7\u00f5es, con un collegamento tra Alameda dos Oceanos e Avenida Marechal Gomes da Costa. Avenida Fernando Pessoa \u00e8 vicino a numerose attrazioni, vale a dire Alameda dos Oceanos; e la Torre Galp.<\/li>\n<\/ul>\n<h2 id=\"strutture-educative-in-parque-das-na-es\"><span class=\"ez-toc-section\" id=\"Strutture_educative_in_Parque_das_Nacoes\"><\/span>Strutture educative in Parque das Na\u00e7\u00f5es<span class=\"ez-toc-section-end\"><\/span><\/h2>\n<ul>\n<li>collegio Oriente<\/li>\n<li>collegio Pedro<\/li>\n<li>centro diurno<\/li>\n<li>Externato Jo\u00e3o XXIII<\/li>\n<\/ul>\n<h2 id=\"sviluppi-turistici-nel-parque-das-na-es\"><span class=\"ez-toc-section\" id=\"Sviluppi_turistici_nel_Parque_das_Nacoes\"><\/span>Sviluppi turistici nel Parque das Na\u00e7\u00f5es<span class=\"ez-toc-section-end\"><\/span><\/h2>\n<ul>\n<li>Exemplo Hotel<\/li>\n<li>Olissipo Oriente<\/li>\n<li>Tivoli Oriente<\/li>\n<li>Tryp Oriente<\/li>\n<li>VIP Executive Arts<\/li>\n<\/ul>\n<h2 id=\"luoghi-in-cui-fare-shopping-nel-parque-das-na-es\"><span class=\"ez-toc-section\" id=\"Luoghi_in_cui_fare_shopping_nel_Parque_das_Nacoes\"><\/span>Luoghi in cui fare shopping nel Parque das Na\u00e7\u00f5es<span class=\"ez-toc-section-end\"><\/span><\/h2>\n<ul>\n<li>Centro Comercial Vasco da Gama<\/li>\n<li>Gare do Oriente<\/li>\n<\/ul>\n<h2 id=\"trasporto-e-accesso-al-parque-das-na-es\"><span class=\"ez-toc-section\" id=\"Trasporto_e_accesso_al_Parque_das_Nacoes\"><\/span>Trasporto e accesso al Parque das Na\u00e7\u00f5es<span class=\"ez-toc-section-end\"><\/span><\/h2>\n<div class=\"mceTemp\">\n<dl id=\"attachment_3556\" class=\"wp-caption alignnone\" style=\"width: 1280px;\" data-mce-style=\"width: 1280px;\">\n<dt class=\"wp-caption-dt\"><a href=\"https:\/\/xrei.com\/images\/gare-do-oriente.jpg\" data-mce-href=\"https:\/\/xrei.com\/images\/gare-do-oriente.jpg\"><img loading=\"lazy\" decoding=\"async\" class=\"size-full wp-image-3556\" src=\"https:\/\/xrei.com\/images\/gare-do-oriente.jpg\" alt=\"Gare do Oriente, conosciuta anche come Gare Intermodal de Lisboa (GIL). Con un'architettura contemporanea, \u00e8 stato progettato dall'architetto e ingegnere spagnolo Santiago Calatrava, completato nel 1998 per servire Expo'98 e successivamente Parque das Na\u00e7\u00f5es. Gare do Oriente include la stazione Metropolitano de Lisboa (Oriente), uno spazio commerciale e una stazione degli autobus con collegamento a LIsboa, nel nord, centro e sud del Portogallo con treni suburbani e treni a media e lunga percorrenza.\" width=\"1280\" height=\"960\" data-mce-src=\"https:\/\/xrei.com\/images\/gare-do-oriente.jpg\" srcset=\"https:\/\/xrei.com\/images\/gare-do-oriente.jpg 1280w, https:\/\/xrei.com\/images\/gare-do-oriente-980x735.jpg 980w, https:\/\/xrei.com\/images\/gare-do-oriente-480x360.jpg 480w\" sizes=\"(min-width: 0px) and (max-width: 480px) 480px, (min-width: 481px) and (max-width: 980px) 980px, (min-width: 981px) 1280px, 100vw\" \/><\/a><\/dt>\n<dd class=\"wp-caption-dd\">Gare do Oriente, conosciuta anche come Gare Intermodal de Lisboa (GIL). Con un&#8217;architettura contemporanea, \u00e8 stato progettato dall&#8217;architetto e ingegnere spagnolo Santiago Calatrava, completato nel 1998 per servire Expo&#8217;98 e successivamente Parque das Na\u00e7\u00f5es. Gare do Oriente include la stazione Metropolitano de Lisboa (Oriente), uno spazio commerciale e una stazione degli autobus con collegamento a LIsboa, nel nord, centro e sud del Portogallo con treni suburbani e treni a media e lunga percorrenza.<\/dd>\n<\/dl>\n<\/div>\n<ul>\n<li>Gare do Oriente<br \/><strong> AeroShuttle<\/strong>: autobus che effettua il collegamento diretto tra Parque das Na\u00e7\u00f5es e l&#8217;aeroporto di Lisbona ogni trenta minuti con biglietti presso gli hotel Tryp Oriente, Tivoli Tejo, Olissipo Oriente e VIP Art<br \/><strong> Autobus<\/strong> (Rodovi\u00e1ria de Lisboa e Transportes Sul do Tejo)<br \/><strong> Treni<\/strong>: suburbano (linea Azambuja e linea Sintra), nazionale (Alfa Pendular, Intercidades e regionale) e internazionale (Sud-Expresso e Lusit\u00e2nia Comboio Hotel)<br \/><strong> Autobus espressi <\/strong><br \/><strong> Metropolitano<\/strong> (Linea rossa)<\/li>\n<\/ul>\n<div class=\"mceTemp\">\n<dl id=\"attachment_3562\" class=\"wp-caption alignnone\" style=\"width: 1280px;\" data-mce-style=\"width: 1280px;\">\n<dt class=\"wp-caption-dt\"><a href=\"https:\/\/xrei.com\/images\/gare-do-oriente-interior.jpg\" data-mce-href=\"https:\/\/xrei.com\/images\/gare-do-oriente-interior.jpg\"><img loading=\"lazy\" decoding=\"async\" class=\"size-full wp-image-3562\" src=\"https:\/\/xrei.com\/images\/gare-do-oriente-interior.jpg\" alt=\"Galleria di accesso alla metropolitana di Lisbona alla Gare do Oriente, stazione Oriente, con un'architettura futuristica progettata in cemento e vetro\" width=\"1280\" height=\"960\" data-mce-src=\"https:\/\/xrei.com\/images\/gare-do-oriente-interior.jpg\" srcset=\"https:\/\/xrei.com\/images\/gare-do-oriente-interior.jpg 1280w, https:\/\/xrei.com\/images\/gare-do-oriente-interior-980x735.jpg 980w, https:\/\/xrei.com\/images\/gare-do-oriente-interior-480x360.jpg 480w\" sizes=\"(min-width: 0px) and (max-width: 480px) 480px, (min-width: 481px) and (max-width: 980px) 980px, (min-width: 981px) 1280px, 100vw\" \/><\/a><\/dt>\n<dd class=\"wp-caption-dd\">Galleria di accesso alla metropolitana di Lisbona alla Gare do Oriente, stazione Oriente, con un&#8217;architettura futuristica progettata in cemento e vetro<\/dd>\n<\/dl>\n<\/div>\n<h2 id=\"posizione-della-parrocchia-di-parque-das-na-es-sulla-mappa-di-lisbona\"><span class=\"ez-toc-section\" id=\"Posizione_della_Parrocchia_di_Parque_das_Nacoes_sulla_mappa_di_Lisbona\"><\/span>Posizione della Parrocchia di Parque das Na\u00e7\u00f5es sulla mappa di Lisbona<span class=\"ez-toc-section-end\"><\/span><\/h2>\n<h2 id=\"parque-das-na-es-si-trova-\"><span class=\"ez-toc-section\" id=\"Parque_das_Nacoes_si_trova_%E2%80%A6\"><\/span>Parque das Na\u00e7\u00f5es si trova &#8230;<span class=\"ez-toc-section-end\"><\/span><\/h2>\n<p>Il Parque das Na\u00e7\u00f5es si trova ai margini di Lisbona, vicino a Marvila e Beato<\/p>\n<div class=\"mceTemp\">\n<dl id=\"attachment_2425\" class=\"wp-caption alignnone\" style=\"width: 1280px;\" data-mce-style=\"width: 1280px;\">\n<dt class=\"wp-caption-dt\"><a href=\"https:\/\/xrei.com\/images\/mapa-parque-das-nacoes.jpg\" data-mce-href=\"https:\/\/xrei.com\/images\/mapa-parque-das-nacoes.jpg\"><img loading=\"lazy\" decoding=\"async\" class=\"size-full wp-image-2425\" src=\"https:\/\/xrei.com\/images\/mapa-parque-das-nacoes.jpg\" alt=\"Posizione della parrocchia Parque das Na\u00e7\u00f5es sulla mappa di Lisbona\" width=\"1280\" height=\"1280\" data-mce-src=\"https:\/\/xrei.com\/images\/mapa-parque-das-nacoes.jpg\" srcset=\"https:\/\/xrei.com\/images\/mapa-parque-das-nacoes.jpg 1280w, https:\/\/xrei.com\/images\/mapa-parque-das-nacoes-980x980.jpg 980w, https:\/\/xrei.com\/images\/mapa-parque-das-nacoes-480x480.jpg 480w\" sizes=\"(min-width: 0px) and (max-width: 480px) 480px, (min-width: 481px) and (max-width: 980px) 980px, (min-width: 981px) 1280px, 100vw\" \/><\/a><\/dt>\n<dd class=\"wp-caption-dd\">Posizione della parrocchia Parque das Na\u00e7\u00f5es sulla mappa di Lisbona<\/dd>\n<\/dl>\n<\/div>\n","protected":false},"excerpt":{"rendered":"<p>Parque das Na\u00e7\u00f5es \u00e8 un quartiere ricreato alla fine degli anni &#8217;90 con l&#8217;obiettivo di ospitare l&#8217;esposizione mondiale EXPO98 che si \u00e8 svolta a Lisbona nel 1998. Attualmente \u00e8 il quartiere pi\u00f9 moderno di Lisbona, con infrastrutture di design contemporaneo in una posizione lungo il fiume, con immensi spazi intorno all&#8217;aria aperta per vivere l&#8217;ambiente [&hellip;]<\/p>\n","protected":false},"author":1,"featured_media":3574,"comment_status":"closed","ping_status":"open","sticky":false,"template":"","format":"standard","meta":{"_et_pb_use_builder":"","_et_pb_old_content":"","_et_gb_content_width":"","footnotes":""},"categories":[144],"tags":[],"class_list":["post-386","post","type-post","status-publish","format-standard","has-post-thumbnail","hentry","category-costa-di-lisbona"],"_links":{"self":[{"href":"https:\/\/xrei.com\/it\/wp-json\/wp\/v2\/posts\/386","targetHints":{"allow":["GET"]}}],"collection":[{"href":"https:\/\/xrei.com\/it\/wp-json\/wp\/v2\/posts"}],"about":[{"href":"https:\/\/xrei.com\/it\/wp-json\/wp\/v2\/types\/post"}],"author":[{"embeddable":true,"href":"https:\/\/xrei.com\/it\/wp-json\/wp\/v2\/users\/1"}],"replies":[{"embeddable":true,"href":"https:\/\/xrei.com\/it\/wp-json\/wp\/v2\/comments?post=386"}],"version-history":[{"count":0,"href":"https:\/\/xrei.com\/it\/wp-json\/wp\/v2\/posts\/386\/revisions"}],"wp:featuredmedia":[{"embeddable":true,"href":"https:\/\/xrei.com\/it\/wp-json\/wp\/v2\/media\/3574"}],"wp:attachment":[{"href":"https:\/\/xrei.com\/it\/wp-json\/wp\/v2\/media?parent=386"}],"wp:term":[{"taxonomy":"category","embeddable":true,"href":"https:\/\/xrei.com\/it\/wp-json\/wp\/v2\/categories?post=386"},{"taxonomy":"post_tag","embeddable":true,"href":"https:\/\/xrei.com\/it\/wp-json\/wp\/v2\/tags?post=386"}],"curies":[{"name":"wp","href":"https:\/\/api.w.org\/{rel}","templated":true}]}}