{"id":376,"date":"2020-08-08T08:08:00","date_gmt":"2020-08-08T08:08:00","guid":{"rendered":"https:\/\/foiv.com\/imobiliarialisboa.com\/2020\/05\/07\/campo-de-ourique-e-amoreiras\/"},"modified":"2021-09-07T17:35:22","modified_gmt":"2021-09-07T17:35:22","slug":"campo-de-ourique-e-amoreiras","status":"publish","type":"post","link":"https:\/\/xrei.com\/it\/campo-de-ourique-e-amoreiras\/","title":{"rendered":"Campo de Ourique e Amoreiras, Lisbona"},"content":{"rendered":"<div class=\"mceTemp\">\n<dl id=\"attachment_6985\" class=\"wp-caption alignleft\" style=\"width: 1280px;\" data-mce-style=\"width: 1280px;\">\n<dt class=\"wp-caption-dt\"><a href=\"https:\/\/xrei.com\/images\/Amoreiras.jpg\" data-mce-href=\"https:\/\/xrei.com\/images\/Amoreiras.jpg\"><img loading=\"lazy\" decoding=\"async\" class=\"size-full wp-image-6985\" src=\"https:\/\/xrei.com\/images\/Amoreiras.jpg\" alt=\"Das zwischen dem 18. und 19. Jahrhundert erbaute Aqu\u00e4dukt \u00c1guas Livres versorgt Lissabon mit Wasser in einem Gesamtnetz von 58 km Aqu\u00e4dukt, wobei die Schwerkraft, in der der Hauptast 14 km lang ist, von M\u00e3e de \u00c1gua Velha in Casal de Cambra bis Campo de Ourique\" width=\"1280\" height=\"960\" data-mce-src=\"https:\/\/xrei.com\/images\/Amoreiras.jpg\" srcset=\"https:\/\/xrei.com\/images\/Amoreiras.jpg 1280w, https:\/\/xrei.com\/images\/Amoreiras-980x735.jpg 980w, https:\/\/xrei.com\/images\/Amoreiras-480x360.jpg 480w\" sizes=\"(min-width: 0px) and (max-width: 480px) 480px, (min-width: 481px) and (max-width: 980px) 980px, (min-width: 981px) 1280px, 100vw\" \/><\/a><\/dt>\n<dd class=\"wp-caption-dd\">Das zwischen dem 18. und 19. Jahrhundert erbaute Aqu\u00e4dukt \u00c1guas Livres versorgt Lissabon mit Wasser in einem Gesamtnetz von 58 km Aqu\u00e4dukt, wobei die Schwerkraft, in der der Hauptast 14 km lang ist, von M\u00e3e de \u00c1gua Velha in Casal de Cambra bis Campo de Ourique<\/dd>\n<\/dl>\n<\/div>\n<div id=\"ez-toc-container\" class=\"ez-toc-v2_0_82_2 counter-hierarchy ez-toc-counter ez-toc-light-blue ez-toc-container-direction\">\n<div class=\"ez-toc-title-container\"><p class=\"ez-toc-title\" style=\"cursor:inherit\">In this article, you will get to know about...<\/p>\n<\/div><nav><ul class='ez-toc-list ez-toc-list-level-1 ' ><li class='ez-toc-page-1 ez-toc-heading-level-2'><a class=\"ez-toc-link ez-toc-heading-1\" href=\"https:\/\/xrei.com\/it\/campo-de-ourique-e-amoreiras\/#Campo_de_Ourique_e_Amoreiras\" >Campo de Ourique e Amoreiras<\/a><\/li><li class='ez-toc-page-1 ez-toc-heading-level-2'><a class=\"ez-toc-link ez-toc-heading-2\" href=\"https:\/\/xrei.com\/it\/campo-de-ourique-e-amoreiras\/#Attrazioni_da_visitare_a_Campo_de_Ourique_e_Amoreiras_top_10\" >Attrazioni da visitare a Campo de Ourique e Amoreiras (top 10)<\/a><ul class='ez-toc-list-level-3' ><li class='ez-toc-heading-level-3'><a class=\"ez-toc-link ez-toc-heading-3\" href=\"https:\/\/xrei.com\/it\/campo-de-ourique-e-amoreiras\/#Altre_attrazioni_da_scoprire_in_Campo_de_Ourique_e_Amoreiras\" >Altre attrazioni da scoprire in Campo de Ourique e Amoreiras<\/a><\/li><\/ul><\/li><li class='ez-toc-page-1 ez-toc-heading-level-2'><a class=\"ez-toc-link ez-toc-heading-4\" href=\"https:\/\/xrei.com\/it\/campo-de-ourique-e-amoreiras\/#Principali_strade_e_piazze_di_Campo_de_Ourique_e_Amoreiras\" >Principali strade e piazze di Campo de Ourique e Amoreiras<\/a><\/li><li class='ez-toc-page-1 ez-toc-heading-level-2'><a class=\"ez-toc-link ez-toc-heading-5\" href=\"https:\/\/xrei.com\/it\/campo-de-ourique-e-amoreiras\/#Strutture_educative_a_Campo_de_Ourique_e_Amoreiras\" >Strutture educative a Campo de Ourique e Amoreiras<\/a><\/li><li class='ez-toc-page-1 ez-toc-heading-level-2'><a class=\"ez-toc-link ez-toc-heading-6\" href=\"https:\/\/xrei.com\/it\/campo-de-ourique-e-amoreiras\/#Sviluppi_turistici_a_Campo_de_Ourique_e_Amoreiras\" >Sviluppi turistici a Campo de Ourique e Amoreiras<\/a><\/li><li class='ez-toc-page-1 ez-toc-heading-level-2'><a class=\"ez-toc-link ez-toc-heading-7\" href=\"https:\/\/xrei.com\/it\/campo-de-ourique-e-amoreiras\/#Trasporto_e_accesso_a_Campo_de_Ourique_e_Amoreiras\" >Trasporto e accesso a Campo de Ourique e Amoreiras<\/a><\/li><li class='ez-toc-page-1 ez-toc-heading-level-2'><a class=\"ez-toc-link ez-toc-heading-8\" href=\"https:\/\/xrei.com\/it\/campo-de-ourique-e-amoreiras\/#Posizione_della_Parrocchia_di_Campo_de_Ourique_sulla_mappa_di_Lisbona\" >Posizione della Parrocchia di Campo de Ourique sulla mappa di Lisbona<\/a><\/li><\/ul><\/nav><\/div>\n<h2><span class=\"ez-toc-section\" id=\"Campo_de_Ourique_e_Amoreiras\"><\/span>Campo de Ourique e Amoreiras<span class=\"ez-toc-section-end\"><\/span><\/h2>\n<p><strong>Campo de Ourique e Amoreiras<\/strong> \u00e8 un quartiere situato in una delle colline e degli ingressi di Lisbona, prima di Pra\u00e7a do Marqu\u00eas de Pombal. Campo de Ourique \u00e8 una zona nota per il centro commerciale Amoreiras, il primo centro commerciale costruito in Portogallo nel 1985, e il Lyceum francese Charles Lepierre, considerato una delle migliori scuole del Portogallo. Campo de Ourique \u00e8 integrato nella parrocchia di Campolide, uno degli accessi da sud e ovest a Lisbona. Ogni giorno nelle ore di punta, dalle 18:00, questa zona \u00e8 impraticabile, a causa delle macchine che partono da Lisbona verso le citt\u00e0 circostanti: l&#8217;autostrada A5 collega a Cascais e Sintra. Amoreiras \u00e8 una zona commerciale per la presenza del Centro commerciale Amoreiras, un luogo con importanti uffici del turismo d&#8217;affari e di lusso, hotel a quattro e cinque stelle, vale a dire il Ritz, Tivoli, Dom Pedro Lisboa e altri importanti hotel. <em>Campo de Ourique e Amoreiras<\/em> e considerato un&#8217;area di glamour e gastronomia di lusso per la presenza di alcuni ristoranti, in particolare il ristorante Eleven e La Trattoria. \u00c8 una zona residenziale a causa del quartiere di Campo de Ourique e una zona multiculturale per la presenza della Moschea centrale di Lisbona. Campo de Ourique \u00e8 sicuramente un luogo moderno e scelto da molti imprenditori che visitano Lisbona per fare affari.<\/p>\n<blockquote>\n<p>Campo de Ourique \u00e8 gestito dal Consiglio Parrocchiale di Campo de Ourique<\/p>\n<\/blockquote>\n<h2 id=\"attrazioni-da-visitare-a-campo-de-ourique-e-amoreiras-top-10-\"><span class=\"ez-toc-section\" id=\"Attrazioni_da_visitare_a_Campo_de_Ourique_e_Amoreiras_top_10\"><\/span>Attrazioni da visitare a Campo de Ourique e Amoreiras (top 10)<span class=\"ez-toc-section-end\"><\/span><\/h2>\n<p><strong>1. Centro Comercial das Amoreiras<\/strong> \u00e8 un centro commerciale e uno degli spazi simbolici della citt\u00e0 di Lisbona, situato in Avenida Duarte Pacheco. Il centro commerciale Amoreiras \u00e8 stato aperto nel 1985 con un progetto dell&#8217;architetto Tom\u00e1s Taveira, all&#8217;epoca il primo centro commerciale in Portogallo e il quarto centro commerciale pi\u00f9 grande d&#8217;Europa. Il centro commerciale Amoreiras \u00e8 attualmente molto frequentato da portoghesi e turisti. Le principali attrazioni sono:<\/p>\n<ul>\n<li><strong>Amoreiras Vista panoramica a 360\u00ba<\/strong>, un belvedere situato in cima a Torres das Amoreiras, a circa 17 metri di altezza. L&#8217;accesso al punto di vista avviene tramite il 2 \u00b0 piano del Centro commerciale Amoreiras, che offre una vista a 360 \u00b0 sulla citt\u00e0 di Lisbona, vale a dire: fiume Tago, Ponte 25 de Abril, Cristo Rei, Castello di S\u00e3o Jorge, Basilica di Estrela, Cattedrale Lisbona, Rotunda do Marqu\u00eas de Pombal o Parque Eduardo VII;<\/li>\n<li><strong>Esistenza di oltre duecento negozi<\/strong> di marchi nazionali ed esteri, in particolare Chanel, Ralph Lauren, Calvin Klein, Hugo Boss;<\/li>\n<li><strong>Zona di restauro con oltre tremila metri quadrati<\/strong>, dove \u00e8 possibile gustare cucina portoghese e straniera in ristoranti come O Madeirense, Black House, O Barbatana o Serra da Estrela .<\/li>\n<\/ul>\n<p><strong>2. Acquedotto di \u00c1guas Livres<\/strong> \u00e8 un sistema di approvvigionamento idrico nella citt\u00e0 di Lisbona, situato nella valle dell&#8217;Alc\u00e2ntara. L&#8217;Acquedotto fu costruito dal 1748 su progetto di Ant\u00f3nio Cannevari, Manuel da Maia e Carlos Mardel, con un&#8217;estensione di 58 km distribuiti su 127 archi, con la sezione principale nella Valle dell&#8217;Alc\u00e2ntara con 36 archostendo e l&#8217;arco pi\u00f9 alto con un&#8217;altitudine di 65 metri. L&#8217;acquedotto <em>\u00c1guas Livres<\/em> \u00e8 stato disattivato nel 1973 e aperto al pubblico per le visite nel 1986. I punti salienti dell&#8217;acquedotto sono il <em>Museu da \u00c1gua<\/em>; il <em>M\u00e3e d&#8217;\u00c1gua das Amoreiras<\/em>; e il <em>bacino patriarcale di Jardim do Princ\u00edpe Real<\/em>.<\/p>\n<div class=\"mceTemp\">\n<dl id=\"attachment_6991\" class=\"wp-caption alignleft\" style=\"width: 1280px;\" data-mce-style=\"width: 1280px;\">\n<dt class=\"wp-caption-dt\"><a href=\"https:\/\/xrei.com\/images\/aqueduto-aguas-livres.jpg\" data-mce-href=\"https:\/\/xrei.com\/images\/aqueduto-aguas-livres.jpg\"><img loading=\"lazy\" decoding=\"async\" class=\"size-full wp-image-6991\" src=\"https:\/\/xrei.com\/images\/aqueduto-aguas-livres.jpg\" alt=\"Der Complexo das Amoreiras war der erste gro\u00dfe Gewerbe- und Dienstleistungsbereich in einer Stadt in Portugal, der 1985 gegr\u00fcndet wurde und aus einem Einkaufszentrum, B\u00fcrogeb\u00e4uden und Wohngeb\u00e4uden bestand. Bekannt als &quot;Amoreiras&quot;, schuf es ein Gesch\u00e4fts- und Freizeitzentrum im Zentrum von Campo de Ourique\" width=\"1280\" height=\"960\" data-mce-src=\"https:\/\/xrei.com\/images\/aqueduto-aguas-livres.jpg\" srcset=\"https:\/\/xrei.com\/images\/aqueduto-aguas-livres.jpg 1280w, https:\/\/xrei.com\/images\/aqueduto-aguas-livres-980x735.jpg 980w, https:\/\/xrei.com\/images\/aqueduto-aguas-livres-480x360.jpg 480w\" sizes=\"(min-width: 0px) and (max-width: 480px) 480px, (min-width: 481px) and (max-width: 980px) 980px, (min-width: 981px) 1280px, 100vw\" \/><\/a><\/dt>\n<dd class=\"wp-caption-dd\">Der Complexo das Amoreiras war der erste gro\u00dfe Gewerbe- und Dienstleistungsbereich in einer Stadt in Portugal, der 1985 gegr\u00fcndet wurde und aus einem Einkaufszentrum, B\u00fcrogeb\u00e4uden und Wohngeb\u00e4uden bestand. Bekannt als &#8220;Amoreiras&#8221;, schuf es ein Gesch\u00e4fts- und Freizeitzentrum im Zentrum von Campo de Ourique<\/dd>\n<\/dl>\n<\/div>\n<p><strong>3. Chiesa del Santo Constable<\/strong> \u00e8 un tempio cristiano costruito per onorare Dom Nuno \u00c1lvares Pereira (1360-1431), situato a Campo de Ourique. La chiesa fu inaugurata nel 1951 con un progetto di Vasco Morais Palmeiro (Regaleira), con una croce latina a tre navate. I punti salienti della <em>Igreja do Santo Condest\u00e1vel<\/em> sono la <em>facciata principale<\/em> con le statue che rappresentano l&#8217;Angelo del Portogallo a sinistra e S\u00e3o Miguel Arcanjo a destra, dall&#8217;autore Leopoldo de Almeida; il <em>Capela-Mor<\/em> con un <em>Affresco<\/em> che rappresenta la glorificazione del Beato Nuno de Santa Maria, dei pittori Portela J\u00fanior e Joaquim Rebocho; le <em>vetrate raffiguranti il \u200b\u200bSacro Cuore di Ges\u00f9, il Buon Pastore, Il Cuore di Maria, L&#8217;Annunciazione dell&#8217;Angelo<\/em>, di Almada Negreiros. e le <em>reliquie del Santo Constable<\/em>.<\/p>\n<p><strong>4. Casa-Museo Am\u00e1lia Rodrigues<\/strong> \u00e8 uno spazio museale dedicato alla conservazione dell&#8217;opera della cantante di fado Am\u00e1lia Rodrigues, situato a Rua de S\u00e3o Bento. La Casa-Museu, ex residenza del cantante, \u00e8 stata inaugurata nel 1999. I punti salienti della <em>Casa-Museo Am\u00e1lia Rodrigues<\/em> sono il soggiorno, la camera da letto, la decorazione con un tema legato al fado e un piccolo giardino esteriore.<\/p>\n<p><strong>5. Mercato municipale di Campo de Ourique<\/strong> \u00e8 uno dei mercati pi\u00f9 importanti della citt\u00e0 di Lisbona, situato a Rua Coelho da Rocha. Il mercato originale fu aperto nel 1934, essendo stato dichiarato patrimonio del Consiglio comunale di Lisbona nel 1973 e rilanciato nel <em>2013 con l&#8217;ispirazione del Mercado da Ribeira<\/em>. I punti salienti del <em>Mercato municipale di Campo de Ourique<\/em> sono le <em>bancarelle tradizionali<\/em> che vendono pesce e verdure; e i 16 spazi di varia gastronomia.<\/p>\n<p><strong>6. Casa Fernando Pessoa<\/strong> \u00e8 un museo dedicato alla conservazione e alla diffusione della vita e delle opere dello scrittore di Lisbona Fernando Pessoa, situato a Rua Coelho da Rocha. Casa Fernando Pessoa era il luogo in cui Fernando Pessoa visse gli ultimi quindici anni della sua vita. Fernando Pessoa (1888-1935) \u00e8 uno degli scrittori portoghesi pi\u00f9 conosciuti al mondo. Lo scrittore portoghese \u00e8 nato a Lisbona in una casa di fronte al Teatro Nazionale di S\u00e3o Carlos, ha vissuto nove anni di infanzia in Sudafrica, dove suo padre era console e ha vissuto in stanze e appartamenti nella citt\u00e0 di Lisbona fino alla sua morte nel 1935 a Rua Conde da Rocha. Fernando Pessoa ha pubblicato diverse opere, vale a dire <strong>&#8220;Livro do Desassossego&#8221;<\/strong> nel 1913, <strong>&#8220;The Message&#8221;<\/strong> del 1934, <strong>ha fondato l&#8217;editore Olisipo nel 1821<\/strong> e la rivista <strong>\u201cAtena\u201d<\/strong> nel 1924. I punti salienti di <em>Casa Fernando Pessoa<\/em> sono: i mobili <em>usato da Fernando Pessoa<\/em>, ovvero il com\u00f2 o la libreria dove teneva i libri; la <em>Documentazione<\/em> dove \u00e8 possibile osservare una carta d&#8217;identit\u00e0, diversi biglietti da visita, un affitto di appartamenti, la lettera scritta al critico letterario Adolfo Casais Monteiro dove spiega la tecnica di scrittura che usa e il foglio dove scrisse l&#8217;ultima frase alla vigilia della morte: &#8220;Non so che cosa porter\u00e0 il domani&#8221;; la <em>Biblioteca privata<\/em>, attualmente completamente digitalizzata; e il <em>ritratto dell&#8217;omaggio a Fernando Pessoa<\/em> dipinto nel 1954 da Almada Negreiros.<\/p>\n<p><strong>7. Cemit\u00e9rio dos Prazeres<\/strong> \u00e8 uno dei cimiteri pi\u00f9 importanti del paese, considerato un autentico museo a cielo aperto, situato a Pra\u00e7a Jo\u00e3o Bosco. Il Cemit\u00e9rio dos Prazeres inizi\u00f2 a essere costruito nel 1833 per ospitare i corpi delle vittime fatali dell&#8217;epidemia di colera che stava imperversando all&#8217;epoca a Lisbona, dopo aver integrato il nuovo piano di sepoltura del Consiglio comunale di Lisbona, con l&#8217;obiettivo di migrare il 130 piccoli cimiteri che esistevano in tutta la citt\u00e0 solo per due grandi cimiteri &#8211; <em>Cemit\u00e9rio dos Prazeres, a ovest<\/em> e <em>Cemit\u00e9rio do Alto de S\u00e3o Jo\u00e3o, a est<\/em>. I punti salienti del <em>Cemit\u00e9rio dos Prazeres<\/em> sono: il <em>Mausoleo dei Duchi di Palmela<\/em>, il pi\u00f9 grande mausoleo privato in Europa, costruito nel 1847 su progetto dell&#8217;italiano Cinatti. Nel Mausoleo dei Duchi di Palmela ci sono pi\u00f9 di 200 tombe, comprese le tombe degli impiegati pi\u00f9 vicini alla famiglia dei Duchi di Palmela; la pi\u00f9 antica e grande collezione di cipressi della penisola iberica; oltre 7 mila depositi distribuiti su 12 ettari; la <em>Crypt of Firefighters Sapadores<\/em>, inaugurata nel 1878 con un progetto dell&#8217;architetto Dias da Silva per onorare la corporazione dei vigili del fuoco Sapadores. In questa cripta si trovano le vecchie sale per le autopsie, dove venivano eseguite le prime autopsie all&#8217;esterno dell&#8217;Istituto di medicina legale; il <em>Jazigo di Ant\u00f3nio Augusto Monteiro<\/em>, Ant\u00f3nio Augusto Monteiro (1848-1920) fu responsabile della creazione della Quinta da Regaleira a Sintra. La tomba fu costruita nel 1908 con un progetto di Luigi Manini (1848-1936); il <em>Deposito della contessa di Burnay<\/em>, progettato dall&#8217;architetto Ernest Korrodi (1870-1944); o <em>Talh\u00e3o dos Artistas<\/em>, il luogo in cui sono sepolti alcuni dei pi\u00f9 importanti artisti portoghesi, vale a dire:<\/p>\n<ul>\n<li>Ant\u00f3nio Gede\u00e3o;<\/li>\n<li>C\u00e2ndida Branca Flor;<\/li>\n<li>Carlos Paredes;<\/li>\n<li>Henriques Mendes;<\/li>\n<li>M\u00e1rio Cesariny;<\/li>\n<li>Vasco Santana;<\/li>\n<li>Of\u00e9lia Queiroz, a \u00fanica namorada conhecida de Fernando Pessoa.<\/li>\n<\/ul>\n<p><strong>8. giardino Marcelino Mesquita<\/strong> \u00e8 uno dei giardini pi\u00f9 antichi della citt\u00e0 di Lisbona, situato a Pra\u00e7a das Amoreiras. Jardim Marcelino Mesquita, noto anche come <strong>Jardim das Amoreiras<\/strong> a causa dell&#8217;esistenza di 331 alberi di gelso, fu costruito nel 1711 dal Marchese di Pombal con l&#8217;obiettivo di <em>sviluppare l&#8217;industria sete in Portogallo<\/em>. I punti salienti del <em>Jardim Marcelino Mesquita<\/em> sono: il <em>Acquedotto di \u00c1guas Livres<\/em>; il <em>Museu Arpad Sz\u00e8nes Vieira da Silva<\/em>, situato nell&#8217;ex F\u00e1brica das \u00c1guas Sete costruite per volere di Marqu\u00eas de Pombal; la <em>Cappella di Nossa Senhora de Monserrate<\/em>, costruita per volere degli operai della Fabbrica della seta nel 1768 in onore del santo patrono degli artigiani francesi. La <em>Cappella di Nossa Senhora de Monserrate<\/em> \u00e8 stata costruita nello spazio di uno degli archi dell&#8217;acquedotto di \u00c1guas Livres.<\/p>\n<p><strong>9. serbatoio d&#8217;acqua di M\u00e3e d&#8217;Agua das Amoreiras<\/strong> \u00e8 il pi\u00f9 antico serbatoio d&#8217;acqua di Lisbona, situato a Pra\u00e7a das Amoreiras. Il bacino idrico di Agua das Amoreiras fu progettato nel 1746 da Carlos Mardel con lo scopo di ricevere l&#8217;acqua che attraversava l&#8217;acquedotto di \u00c1guas Livres e di distribuirla successivamente in tutta la citt\u00e0. La costruzione del serbatoio ha richiesto un totale di 88 anni ed \u00e8 attualmente una struttura integrata nel <em>Museu da \u00c1gua<\/em>. I principali punti salienti del <em>serbatoio di M\u00e3e d\u2019\u00c1gua das Amoreiras<\/em> sono: gli archi a tutto sesto; la terrazza panoramica; o serbatoio profondo 7,5 metri con una capacit\u00e0 di 5500 m3 di acqua; e la <em>Casa do Registo<\/em>, il luogo in cui l&#8217;acqua scorre verso fontane, fabbriche, conventi e case nobili.<\/p>\n<p><strong>10. Casa Veva de Lima<\/strong> \u00e8 la sede della <em>sede dell&#8217;associazione Casa Veva de Lima<\/em>, situata a Rua Saraiva de Carvalho. Genoveva Lima Mayer (1886-1963), comunemente noto come Veva Lima, fu riconosciuto come scrittore, per l&#8217;eccentricit\u00e0 di avere una pantera come animale domestico e per la vita amorosa travagliata, nonostante fosse sposata, era una delle famose fidanzate di Oliveira Salazar. I punti salienti principali <em>Casa Veva de Lima<\/em> sono: essere uno degli spazi in cui \u00e8 stato girato il film &#8220;Os Maias&#8221;; lo svolgimento di incontri bisettimanali; e la decorazione interna.<\/p>\n<h3 id=\"altre-attrazioni-da-scoprire-in-campo-de-ourique-e-amoreiras\"><span class=\"ez-toc-section\" id=\"Altre_attrazioni_da_scoprire_in_Campo_de_Ourique_e_Amoreiras\"><\/span>Altre attrazioni da scoprire in Campo de Ourique e Amoreiras<span class=\"ez-toc-section-end\"><\/span><\/h3>\n<ul>\n<li><strong>Ermida do Senhor Jesus dos Terramotos<\/strong> \u00e8 un eremo del XVIII secolo, situato a Rua do Arco do Carvalh\u00e3o. La cappella fu costruita tra il 1756 e il 1796, e ricostruita nel 1842. L&#8217;attrazione principale dell&#8217;Eremo del Signore dei Terremoti \u00e8 il fatto che \u00e8 vicina alle <em>Scale del Terremoto<\/em>.<\/li>\n<li><strong>Monumento a Maria da Fonte<\/strong> \u00e8 una statua dedicata a Maria che guid\u00f2 la rivolta di <em>Maria da Fonte in Minho nel 1846<\/em>. La statua fu inaugurata nel 1920 con un progetto di Ant\u00f3nio da Costa Motta (zio).<\/li>\n<li><strong>Cinema Europa<\/strong> \u00e8 uno spazio culturale Europa Cinema, situato presso il Metrass di Rua Francisco. Cinema Europa \u00e8 stato aperto negli anni &#8217;30 con un progetto di Raul Martins, essendo stato uno dei cinema pi\u00f9 importanti della citt\u00e0 di Lisbona. Il <em>Cinema Europa<\/em> ha funzionato come un cinema fino al 1981 e alla fine \u00e8 stato demolito nel 2010. L&#8217;edificio \u00e8 stato successivamente recuperato dal movimento civile SOS Cinema Europa, che ha riunito i cittadini del quartiere di Campo de Ourique e la citt\u00e0 di Lisbona per ricostruire l&#8217;edificio. Le principali attrazioni di <em>Cinema Europa<\/em> sono la <em>Library of Cinema<\/em>; e <em>Alto-Relevo<\/em>, di Euclides Vaz<\/li>\n<li><strong>Chiesa di Santa Isabel<\/strong> \u00e8 una chiesa del 18 \u00b0 secolo, situata a Rua Saraiva de Carvalho. La chiesa fu inaugurata nel 1748 progettata in stile neoclassico, con una vasta dimensione interna e un retablo principale in intaglio dorato.<\/li>\n<li>Centro Comercial Twin Towers<\/li>\n<li>Convento do Senhor Jesus da Boa Morte<\/li>\n<li>Igreja do Col\u00e9gio de Nossa Senhora da Concei\u00e7\u00e3o de Campolide<\/li>\n<li>Mesquita Central de Lisboa<\/li>\n<li>Oficinas de S\u00e3o Jos\u00e9<\/li>\n<li>P\u00e1tio dos Artistas<\/li>\n<li>Pra\u00e7a de Campolide<\/li>\n<li>Pra\u00e7a de Espanha<\/li>\n<li>Teatro Aberto<\/li>\n<\/ul>\n<h2 id=\"principali-strade-e-piazze-di-campo-de-ourique-e-amoreiras\"><span class=\"ez-toc-section\" id=\"Principali_strade_e_piazze_di_Campo_de_Ourique_e_Amoreiras\"><\/span>Principali strade e piazze di Campo de Ourique e Amoreiras<span class=\"ez-toc-section-end\"><\/span><\/h2>\n<ul>\n<li><strong>Rua Coelho da Rocha<\/strong> \u00e8 una delle strade centrali di Campo de Ourique, con un collegamento tra Rua Sampaio Brito, Rua Saraiva de Carvalho e Rua da Estrela. La strada \u00e8 quindi designata per onorare Manuel Ant\u00f3nio Coelho da Rocha (1793-1850), un professore universitario sacerdote a Coimbra e un deputato alla Camera dei deputati nel 1836. I principali punti di interesse esistenti su <em>Rua Coelho da Rocha<\/em> sono: il <em>Mercato municipale di Campo de Ourique<\/em>; e il <em>Casa-Museu Fernando Pessoa<\/em>.<\/li>\n<li><strong>Rua Saraiva de Carvalho<\/strong> \u00e8 una delle strade pi\u00f9 trafficate del quartiere Campo de Ourique, con un collegamento tra Pra\u00e7a S\u00e3o Jo\u00e3o Bosco e Rua Saraiva de Carvalho. La <em>Rua Saraiva de Carvalho<\/em> prende il nome da Saraiva de Carvalho (1839-1882), deputato, professore di diritto a Coimbra e proprietario di uno dei pi\u00f9 importanti studi legali nella citt\u00e0 di Lisbona durante il XIX secolo. I principali punti di interesse sono: la <em>Igreja do Santo Condest\u00e1vel<\/em>; la <em>Salesianos de Lisboa<\/em>; e la <em>Livraria Salesiana de Lisboa <\/em><\/li>\n<li><strong>Pra\u00e7a S\u00e3o Jo\u00e3o Bosco<\/strong> \u00e8 una piazza nel quartiere di Campo de Ourique vicino al Cemit\u00e9rio dos Prazeres e ai Salesiani di Lisbona, con un collegamento con l&#8217;Estrada dos Prazeres, Rua Sampaio Bruno, Rua Saraiva de Carvalho e Rua Coronel Ribeiro Viana. La <em>Piazza San Giovanni Bosco<\/em> \u00e8 cos\u00ec chiamata perch\u00e9 San Giovanni Bosco era responsabile della fondazione <em>dei salesiani in Italia<\/em>, <em>un metodo di insegnamento preventivo con totale assenza di punizione<\/em>. Attualmente i <strong>salesiani esistono in diversi paesi<\/strong>, ovvero Italia, Spagna, Portogallo, Francia, Inghilterra, Belgio, Svizzera, Austria, Palestina, Algeria, Messico, Argentina, Ecuador, Brasile, Paraguay, Bolivia, Uruguay, Cile, Per\u00f9, Venezuela, Colombia e Stati Uniti d&#8217;America. Le principali attrazioni esistenti vicino a <em>Pra\u00e7a S\u00e3o Jo\u00e3o Bosco<\/em> sono: il Cemit\u00e9rio dos Prazeres; i salesiani di Lisbona; il Jardim dos Prazeres; e la statua di Don Bosco.<\/li>\n<li><strong>Rua Maria Pia<\/strong> \u00e8 una delle strade di entrata e di uscita dal centro di Lisbona e una delle strade pi\u00f9 grandi di Campo de Ourique, con un collegamento tra Rua Arco do Carvalh\u00e3o e Rua Jo\u00e3o de Oliveira Miguel. La <em>Rua Maria Pia<\/em> \u00e8 quindi designata per onorare la regina del Portogallo Maria Pia de Sab\u00f3ia (1847-1911), moglie del re Dom Lu\u00eds. I principali punti di interesse di <em>Rua Maria Pia<\/em> sono: <em>Vila Graciete<\/em>, un vecchio villaggio operaio; Vila Neves \u00e8 anche un vecchio villaggio operaio; e la stazione ferroviaria di Alc\u00e2ntara.<\/li>\n<\/ul>\n<h2 id=\"strutture-educative-a-campo-de-ourique-e-amoreiras\"><span class=\"ez-toc-section\" id=\"Strutture_educative_a_Campo_de_Ourique_e_Amoreiras\"><\/span>Strutture educative a Campo de Ourique e Amoreiras<span class=\"ez-toc-section-end\"><\/span><\/h2>\n<ul>\n<li>scuola Mestre Querubim Lapa<\/li>\n<li>scuola Secund\u00e1ria Josefa de \u00d3bidos<\/li>\n<li>liceo Franc\u00eas Charles Lepierre<\/li>\n<li>NOVA IMS Information Management School<\/li>\n<li>Salesianos de Lisboa<\/li>\n<li>universit\u00e0 Nova de Lisboa<\/li>\n<\/ul>\n<h2 id=\"sviluppi-turistici-a-campo-de-ourique-e-amoreiras\"><span class=\"ez-toc-section\" id=\"Sviluppi_turistici_a_Campo_de_Ourique_e_Amoreiras\"><\/span>Sviluppi turistici a Campo de Ourique e Amoreiras<span class=\"ez-toc-section-end\"><\/span><\/h2>\n<ul>\n<li>Altis Prime Hotel<\/li>\n<li>Corinthia Hotel Lisbon<\/li>\n<li>Epic Sana Lisboa Hotel<\/li>\n<li>Four Seasons Hotel Ritz Lisbon<\/li>\n<li>Hotel The Vintage Lisboa<\/li>\n<li>Intercontinental Lisboa<\/li>\n<li>Marriott Hotel<\/li>\n<\/ul>\n<h2 id=\"trasporto-e-accesso-a-campo-de-ourique-e-amoreiras\"><span class=\"ez-toc-section\" id=\"Trasporto_e_accesso_a_Campo_de_Ourique_e_Amoreiras\"><\/span>Trasporto e accesso a Campo de Ourique e Amoreiras<span class=\"ez-toc-section-end\"><\/span><\/h2>\n<ul>\n<li>Treni:\n<ul>\n<li>Stazione ferroviaria di Campolide<\/li>\n<\/ul>\n<\/li>\n<li>Tram:\n<ul>\n<li>Numero 25<\/li>\n<li>Numero 28<\/li>\n<\/ul>\n<\/li>\n<li>Metropolitan:\n<ul>\n<li>Stazione della metropolitana Rato (linea gialla)<\/li>\n<li>Stazione metro S\u00e3o Sebasti\u00e3o (linee rosse e blu)<\/li>\n<\/ul>\n<\/li>\n<li>Parcheggio sotterraneo nella piazza della chiesa di Santo Condest\u00e1vel<\/li>\n<\/ul>\n<h2 id=\"posizione-della-parrocchia-di-campo-de-ourique-sulla-mappa-di-lisbona\"><span class=\"ez-toc-section\" id=\"Posizione_della_Parrocchia_di_Campo_de_Ourique_sulla_mappa_di_Lisbona\"><\/span>Posizione della Parrocchia di Campo de Ourique sulla mappa di Lisbona<span class=\"ez-toc-section-end\"><\/span><\/h2>\n<div class=\"mceTemp\">\n<dl id=\"attachment_2371\" class=\"wp-caption alignleft\" style=\"width: 1280px;\" data-mce-style=\"width: 1280px;\">\n<dt class=\"wp-caption-dt\"><a href=\"https:\/\/xrei.com\/images\/mapa-campo-de-ourique.jpg\" data-mce-href=\"https:\/\/xrei.com\/images\/mapa-campo-de-ourique.jpg\"><img loading=\"lazy\" decoding=\"async\" class=\"size-full wp-image-2371\" src=\"https:\/\/xrei.com\/images\/mapa-campo-de-ourique.jpg\" alt=\"Posizione della parrocchia Campo de Ourique sulla mappa di Lisbona\" width=\"1280\" height=\"1280\" data-mce-src=\"https:\/\/xrei.com\/images\/mapa-campo-de-ourique.jpg\" srcset=\"https:\/\/xrei.com\/images\/mapa-campo-de-ourique.jpg 1280w, https:\/\/xrei.com\/images\/mapa-campo-de-ourique-980x980.jpg 980w, https:\/\/xrei.com\/images\/mapa-campo-de-ourique-480x480.jpg 480w\" sizes=\"(min-width: 0px) and (max-width: 480px) 480px, (min-width: 481px) and (max-width: 980px) 980px, (min-width: 981px) 1280px, 100vw\" \/><\/a><\/dt>\n<dd class=\"wp-caption-dd\">Posizione della parrocchia Campo de Ourique sulla mappa di Lisbona<\/dd>\n<\/dl>\n<\/div>\n","protected":false},"excerpt":{"rendered":"<p>Das zwischen dem 18. und 19. Jahrhundert erbaute Aqu\u00e4dukt \u00c1guas Livres versorgt Lissabon mit Wasser in einem Gesamtnetz von 58 km Aqu\u00e4dukt, wobei die Schwerkraft, in der der Hauptast 14 km lang ist, von M\u00e3e de \u00c1gua Velha in Casal de Cambra bis Campo de Ourique Campo de Ourique e Amoreiras Campo de Ourique e [&hellip;]<\/p>\n","protected":false},"author":1,"featured_media":6985,"comment_status":"closed","ping_status":"open","sticky":false,"template":"","format":"standard","meta":{"_et_pb_use_builder":"","_et_pb_old_content":"","_et_gb_content_width":"","footnotes":""},"categories":[147],"tags":[],"class_list":["post-376","post","type-post","status-publish","format-standard","has-post-thumbnail","hentry","category-centro-di-lisbona"],"_links":{"self":[{"href":"https:\/\/xrei.com\/it\/wp-json\/wp\/v2\/posts\/376","targetHints":{"allow":["GET"]}}],"collection":[{"href":"https:\/\/xrei.com\/it\/wp-json\/wp\/v2\/posts"}],"about":[{"href":"https:\/\/xrei.com\/it\/wp-json\/wp\/v2\/types\/post"}],"author":[{"embeddable":true,"href":"https:\/\/xrei.com\/it\/wp-json\/wp\/v2\/users\/1"}],"replies":[{"embeddable":true,"href":"https:\/\/xrei.com\/it\/wp-json\/wp\/v2\/comments?post=376"}],"version-history":[{"count":0,"href":"https:\/\/xrei.com\/it\/wp-json\/wp\/v2\/posts\/376\/revisions"}],"wp:featuredmedia":[{"embeddable":true,"href":"https:\/\/xrei.com\/it\/wp-json\/wp\/v2\/media\/6985"}],"wp:attachment":[{"href":"https:\/\/xrei.com\/it\/wp-json\/wp\/v2\/media?parent=376"}],"wp:term":[{"taxonomy":"category","embeddable":true,"href":"https:\/\/xrei.com\/it\/wp-json\/wp\/v2\/categories?post=376"},{"taxonomy":"post_tag","embeddable":true,"href":"https:\/\/xrei.com\/it\/wp-json\/wp\/v2\/tags?post=376"}],"curies":[{"name":"wp","href":"https:\/\/api.w.org\/{rel}","templated":true}]}}