{"id":342,"date":"2020-08-08T08:08:00","date_gmt":"2020-08-08T08:08:00","guid":{"rendered":"https:\/\/foiv.com\/imobiliarialisboa.com\/2020\/05\/07\/alfama\/"},"modified":"2021-09-07T17:34:44","modified_gmt":"2021-09-07T17:34:44","slug":"alfama","status":"publish","type":"post","link":"https:\/\/xrei.com\/it\/alfama\/","title":{"rendered":"Alfama, Lisbona"},"content":{"rendered":"<div class=\"mceTemp\">\n<dl id=\"attachment_2030\" class=\"wp-caption alignnone\" style=\"width: 1280px;\" data-mce-style=\"width: 1280px;\">\n<dt class=\"wp-caption-dt\"><a href=\"https:\/\/xrei.com\/images\/alfama.jpg\" data-mce-href=\"https:\/\/xrei.com\/images\/alfama.jpg\"><img loading=\"lazy\" decoding=\"async\" class=\"size-full wp-image-2030\" src=\"https:\/\/xrei.com\/images\/alfama.jpg\" alt=\"Alfama con design in pietra portoghese della cantante di fado Am\u00e1lida Rodrigues\" width=\"1280\" height=\"960\" data-mce-src=\"https:\/\/xrei.com\/images\/alfama.jpg\" srcset=\"https:\/\/xrei.com\/images\/alfama.jpg 1280w, https:\/\/xrei.com\/images\/alfama-980x735.jpg 980w, https:\/\/xrei.com\/images\/alfama-480x360.jpg 480w\" sizes=\"(min-width: 0px) and (max-width: 480px) 480px, (min-width: 481px) and (max-width: 980px) 980px, (min-width: 981px) 1280px, 100vw\" \/><\/a><\/dt>\n<dd class=\"wp-caption-dd\">Alfama con design in pietra portoghese della cantante di fado Am\u00e1lida Rodrigues<\/dd>\n<\/dl>\n<\/div>\n<div id=\"ez-toc-container\" class=\"ez-toc-v2_0_82_2 counter-hierarchy ez-toc-counter ez-toc-light-blue ez-toc-container-direction\">\n<div class=\"ez-toc-title-container\"><p class=\"ez-toc-title\" style=\"cursor:inherit\">In this article, you will get to know about...<\/p>\n<\/div><nav><ul class='ez-toc-list ez-toc-list-level-1 ' ><li class='ez-toc-page-1 ez-toc-heading-level-2'><a class=\"ez-toc-link ez-toc-heading-1\" href=\"https:\/\/xrei.com\/it\/alfama\/#Alfama\" >Alfama<\/a><\/li><li class='ez-toc-page-1 ez-toc-heading-level-2'><a class=\"ez-toc-link ez-toc-heading-2\" href=\"https:\/\/xrei.com\/it\/alfama\/#Esplora_Alfama\" >Esplora Alfama<\/a><ul class='ez-toc-list-level-3' ><li class='ez-toc-heading-level-3'><a class=\"ez-toc-link ez-toc-heading-3\" href=\"https:\/\/xrei.com\/it\/alfama\/#Attrazioni_da_visitare_ad_Alfama_top_10\" >Attrazioni da visitare ad Alfama (top 10)<\/a><\/li><li class='ez-toc-page-1 ez-toc-heading-level-3'><a class=\"ez-toc-link ez-toc-heading-4\" href=\"https:\/\/xrei.com\/it\/alfama\/#Outros_locais_a_explorar_em_Alfama\" >Outros locais a explorar em Alfama<\/a><\/li><li class='ez-toc-page-1 ez-toc-heading-level-3'><a class=\"ez-toc-link ez-toc-heading-5\" href=\"https:\/\/xrei.com\/it\/alfama\/#Istituti_di_Alfama_classificati_classificati\" >Istituti di Alfama classificati classificati<\/a><\/li><li class='ez-toc-page-1 ez-toc-heading-level-3'><a class=\"ez-toc-link ez-toc-heading-6\" href=\"https:\/\/xrei.com\/it\/alfama\/#Strade_principali_e_piazze_di_Alfama\" >Strade principali e piazze di Alfama<\/a><\/li><li class='ez-toc-page-1 ez-toc-heading-level-3'><a class=\"ez-toc-link ez-toc-heading-7\" href=\"https:\/\/xrei.com\/it\/alfama\/#Le_case_del_Fado_di_Alfama\" >Le case del Fado di Alfama<\/a><\/li><\/ul><\/li><li class='ez-toc-page-1 ez-toc-heading-level-2'><a class=\"ez-toc-link ez-toc-heading-8\" href=\"https:\/\/xrei.com\/it\/alfama\/#Strutture_educative_in_Alfama\" >Strutture educative in Alfama<\/a><\/li><li class='ez-toc-page-1 ez-toc-heading-level-2'><a class=\"ez-toc-link ez-toc-heading-9\" href=\"https:\/\/xrei.com\/it\/alfama\/#Sviluppi_turistici_ad_Alfama\" >Sviluppi turistici ad Alfama<\/a><\/li><li class='ez-toc-page-1 ez-toc-heading-level-2'><a class=\"ez-toc-link ez-toc-heading-10\" href=\"https:\/\/xrei.com\/it\/alfama\/#Fiere_feste_e_pellegrinaggi_ad_Alfama\" >Fiere, feste e pellegrinaggi ad Alfama<\/a><\/li><li class='ez-toc-page-1 ez-toc-heading-level-2'><a class=\"ez-toc-link ez-toc-heading-11\" href=\"https:\/\/xrei.com\/it\/alfama\/#Trasporto_e_accesso_ad_Alfama\" >Trasporto e accesso ad Alfama<\/a><\/li><li class='ez-toc-page-1 ez-toc-heading-level-2'><a class=\"ez-toc-link ez-toc-heading-12\" href=\"https:\/\/xrei.com\/it\/alfama\/#Urbanismo_di_Alfama\" >Urbanismo di Alfama<\/a><\/li><li class='ez-toc-page-1 ez-toc-heading-level-2'><a class=\"ez-toc-link ez-toc-heading-13\" href=\"https:\/\/xrei.com\/it\/alfama\/#Alfamas_Quick_Facts\" >Alfama&#8217;s Quick Facts<\/a><\/li><li class='ez-toc-page-1 ez-toc-heading-level-2'><a class=\"ez-toc-link ez-toc-heading-14\" href=\"https:\/\/xrei.com\/it\/alfama\/#Posizione_della_Parrocchia_di_Santa_Maira_Maior_Alfama_sulla_mappa_di_Lisbona\" >Posizione della Parrocchia di Santa Maira Maior (Alfama) sulla mappa di Lisbona<\/a><\/li><\/ul><\/nav><\/div>\n<h2><span class=\"ez-toc-section\" id=\"Alfama\"><\/span>Alfama<span class=\"ez-toc-section-end\"><\/span><\/h2>\n<p><strong>Alfama<\/strong> \u00e8 il quartiere pi\u00f9 antico di Lisbona e il secondo pi\u00f9 antico d&#8217;Europa. Alfama \u00e8 un quartiere dove puoi tornare a <em>Lisbona<\/em> nel Medioevo e, allo stesso tempo, sentire la modernit\u00e0 che accompagna la capitale portoghese. Situato su una collina di fronte al fiume Tago a Lisbona, dal quartiere Alfama possiamo vedere i tetti di Lisbona disposti in un anfiteatro, sul fiume Tago e sulla riva sud di Lisbona. Alfama si trova nel centro storico di Lisbona, al confine con il quartiere di Gra\u00e7a, Mouraria, Castelo e Baixa. Alfama \u00e8 vicino alla lussuosa Avenida da Liberdade di Lisbona, al cosmopolita Chiado e al boh\u00e9mien Bairro Alto.<\/p>\n<div class=\"mceTemp\">\n<dl id=\"attachment_2102\" class=\"wp-caption alignnone\" style=\"width: 1280px;\" data-mce-style=\"width: 1280px;\">\n<dt class=\"wp-caption-dt\"><a href=\"https:\/\/xrei.com\/images\/telhados-de-alfama.jpg\" data-mce-href=\"https:\/\/xrei.com\/images\/telhados-de-alfama.jpg\"><img loading=\"lazy\" decoding=\"async\" class=\"size-full wp-image-2102\" src=\"https:\/\/xrei.com\/images\/telhados-de-alfama.jpg\" alt=\"Tetti di case ad Alfama con vista sulla chiesa e sul pantheon all'orizzonte\" width=\"1280\" height=\"721\" data-mce-src=\"https:\/\/xrei.com\/images\/telhados-de-alfama.jpg\" srcset=\"https:\/\/xrei.com\/images\/telhados-de-alfama.jpg 1280w, https:\/\/xrei.com\/images\/telhados-de-alfama-980x552.jpg 980w, https:\/\/xrei.com\/images\/telhados-de-alfama-480x270.jpg 480w\" sizes=\"(min-width: 0px) and (max-width: 480px) 480px, (min-width: 481px) and (max-width: 980px) 980px, (min-width: 981px) 1280px, 100vw\" \/><\/a><\/dt>\n<dd class=\"wp-caption-dd\">Tetti di case ad Alfama con vista sulla chiesa e sul pantheon all&#8217;orizzonte<\/dd>\n<\/dl>\n<\/div>\n<p>Alfama mantiene le strade <strong>strette<\/strong>, tortuose e labirintiche con vicoli e vicoli. Qui, \u00e8 possibile vedere i vestiti sparsi alle finestre, le persone parlano ad alta voce da una finestra all&#8217;altra come se fossero in un piccolo villaggio, guardando le porte delle case aperte durante il giorno e ascoltando <strong>fado<\/strong> nel mezzo della strada.<\/p>\n<div class=\"mceTemp\">\n<dl id=\"attachment_2078\" class=\"wp-caption alignnone\" style=\"width: 1280px;\" data-mce-style=\"width: 1280px;\">\n<dt class=\"wp-caption-dt\"><a href=\"https:\/\/xrei.com\/images\/restaurante-de-fado-ao-ar-livre.jpg\" data-mce-href=\"https:\/\/xrei.com\/images\/restaurante-de-fado-ao-ar-livre.jpg\"><img loading=\"lazy\" decoding=\"async\" class=\"size-full wp-image-2078\" src=\"https:\/\/xrei.com\/images\/restaurante-de-fado-ao-ar-livre.jpg\" alt=\"Ristoranti di fado ad Alfama con terrazze all'aperto\" width=\"1280\" height=\"853\" data-mce-src=\"https:\/\/xrei.com\/images\/restaurante-de-fado-ao-ar-livre.jpg\" srcset=\"https:\/\/xrei.com\/images\/restaurante-de-fado-ao-ar-livre.jpg 1280w, https:\/\/xrei.com\/images\/restaurante-de-fado-ao-ar-livre-980x653.jpg 980w, https:\/\/xrei.com\/images\/restaurante-de-fado-ao-ar-livre-480x320.jpg 480w\" sizes=\"(min-width: 0px) and (max-width: 480px) 480px, (min-width: 481px) and (max-width: 980px) 980px, (min-width: 981px) 1280px, 100vw\" \/><\/a><\/dt>\n<dd class=\"wp-caption-dd\">Ristoranti di fado ad Alfama con terrazze all&#8217;aperto<\/dd>\n<\/dl>\n<\/div>\n<p>Alfama \u00e8 uno dei luoghi in cui \u00e8 nato il fado, essendo molto popolare grazie alle numerose case di fado. \u00c8 una tradizione per i cantanti di fado riunirsi in strada per cantare durante l&#8217;estate, offrendo un&#8217;atmosfera unica per coloro che visitano il quartiere. Alfama \u00e8 un luogo calmo, tranquillo e sicuro durante il giorno, dove gruppi di turisti passano accanto alle case di fado e <strong>ristoranti<\/strong>, luoghi dove \u00e8 possibile gustare la tanto apprezzata cucina tradizionale portoghese. Uno dei momenti salienti di Alfama accade a giugno durante le festivit\u00e0 cittadine. Il quartiere di Alfama \u00e8 pieno di migliaia di persone provenienti da tutte le nazioni che si accumulano nelle strade, dove vivono insieme fino all&#8217;alba. Alfama \u00e8 un luogo sicuro che offre eccellenti spazi per il divertimento, il riposo e il turismo ai visitatori che provengono da tutto il mondo per visitare il quartiere. Di notte, Alfama diventa un luogo popolare grazie al gran numero di ristoranti.<\/p>\n<p>Il Fado divenne famoso quando Conde de Vimioso inizi\u00f2 a promuovere nella corte portoghese con la creazione di spettacoli di Maria Severa Onofriana (1820-1846), riconosciuta come la prima cantante di fado. Con la nascita di Am\u00e1lia Rodrigues, il fado ha acquisito maggiore notoriet\u00e0 ed \u00e8 stato riconosciuto a livello internazionale, quando Am\u00e1lia Rodrigues ha raggiunto una carriera internazionale, la prima volta per un artista portoghese. Alcuni dei fadisti pi\u00f9 noti oggi sono di Alfama, ovvero <em>Ricardo Ribeiro<\/em> e <em>Raquel Tavares<\/em> o <em>Artur Batalha<\/em>, Fado \u00e8 classificato come patrimonio mondiale dall&#8217;UNESCO dal 2011.<\/p>\n<h2 id=\"esplora-alfama\"><span class=\"ez-toc-section\" id=\"Esplora_Alfama\"><\/span>Esplora Alfama<span class=\"ez-toc-section-end\"><\/span><\/h2>\n<p>Il modo migliore per visitare Alfama \u00e8 camminare per le strade, tuttavia Tram 28 \u00e8 un&#8217;ottima alternativa per arrivare qui. Il percorso del Tram 28 inizia a Pra\u00e7a do Martim Moniz e termina a Campo de Ourique, attraversando alcuni dei principali punti di interesse della citt\u00e0, vale a dire il quartiere Alfama, il punto panoramico Nossa Senhora do Monte, il punto panoramico Gra\u00e7a, S\u00e9 Catedral de Lisbona, Pra\u00e7a do Com\u00e9rcio, Rua Garrett, Pra\u00e7a Lu\u00eds de Cam\u00f5es, Miradouro de Santa Catarina, Basilica da Estrela, Jardim da Estrela, Mercato di Campo de Ourique, Cemit\u00e9rio dos Prazeres o la Chiesa di Santo Condest\u00e1vel a Campo de Ourique. Il primo viaggio inizia alle 6 del mattino e termina dopo le 23:00, tutti i giorni dell&#8217;anno. La linea Tram 28 ha 50 tram disponibili, ciascuno con una capacit\u00e0 di 20 passeggeri seduti e 38 passeggeri in piedi. La linea 28 \u00e8 stata creata nel 1914 ed \u00e8 attualmente uno dei simboli e una delle principali attrazioni turistiche di Lisbona.<\/p>\n<h3 id=\"attrazioni-da-visitare-ad-alfama-top-10-\"><span class=\"ez-toc-section\" id=\"Attrazioni_da_visitare_ad_Alfama_top_10\"><\/span>Attrazioni da visitare ad Alfama (top 10)<span class=\"ez-toc-section-end\"><\/span><\/h3>\n<ol>\n<li><strong>National Pantheon<\/strong>: Il National Pantheon fa parte della <strong>Chiesa di Santa Engr\u00e1cia<\/strong>, situata in Campo de Santa Clara. \u00c8 un edificio dedicato alla memoria di illustri personaggi, un luogo in cui sono depositati i loro resti. L&#8217;attuale chiesa inizi\u00f2 a essere costruita nel 1632 durante il regno di Filippo III sotto la guida dell&#8217;architetto Mateus Couto, dopo aver impiegato circa 350 anni per essere costruita. La chiesa di Santa Engr\u00e1cia ha svolto diverse funzioni dall&#8217;estinzione degli ordini religiosi nel 1834, in particolare la caserma del secondo battaglione della guardia nazionale di Lisbona, la fabbrica di armamenti e i laboratori di produzione di scarpe. La <strong>Igreja de Santa Engr\u00e1cia fu classificata come Pantheon Nazionale nel 1916<\/strong>, subendo profondi cambiamenti negli anni &#8217;50 con l&#8217;intervento di diversi architetti, vale a dire Ant\u00f3nio Lino, Joaquim Areal e Silva, Ra\u00fal Lino e Lu\u00eds Amoroso Lopes . Il Pantheon Nazionale fu inaugurato nel 1966 in occasione del Quarantesimo anniversario dell&#8217;Estado Novo con la costruzione definitiva della cupola in cemento armato dell&#8217;architetto Edgar Cardoso. Gli illustri portoghesi sepolti nel Pantheon nazionale sono:\n<ul>\n<li>Manuel de Arriaga;<\/li>\n<li>Te\u00f3filo Braga;<\/li>\n<li>Sid\u00f3nio Pais;<\/li>\n<li>\u00d3scar Carmona;<\/li>\n<li>Almeida Garrett;<\/li>\n<li>Aquilino Ribeiro;<\/li>\n<li>Guerra Junqueiro;<\/li>\n<li>Jo\u00e3o de Deus;<\/li>\n<li>Am\u00e1lia Rodrigues;<\/li>\n<li>Humberto Delgado;<\/li>\n<li>Sophia de Mello Breyner Andresen;<\/li>\n<li>Eus\u00e9bio da Silva Ferreira.<br \/>Il Pantheon Nazionale rende omaggio alle seguenti personalit\u00e0 portoghesi:<\/li>\n<li>Lu\u00eds Vaz de Cam\u00f5es;<\/li>\n<li>Pedro \u00c1lvares Cabral;<\/li>\n<li>Infante Dom Henrique;<\/li>\n<li>Vasco da Gama;<\/li>\n<li>Afonso de Albuquerque;<\/li>\n<li>Dom Nuno \u00c1lvares Pereira.<br \/>Altri monumenti in Portogallo riconosciuti come National Pantheons sono i seguenti:<\/li>\n<li><strong>Monastero di Santa Cruz de Coimbra<\/strong>: dove sono sepolti Dom Afonso Henriques e Dom Sancho I;<\/li>\n<li><strong>Monastero di Alcoba\u00e7a<\/strong>: dove sono sepolti Dom Afonso II, Dom Afonso III e Dom Pedro I;<\/li>\n<li><strong>Monastero di Batalha<\/strong>: dove sono sepolti Dom Jo\u00e3o I e Dona Filipa de Lencastre, Dom Duarte e Dona Leonor de Arag\u00e3o, Dom Afonso V, Dom Jo\u00e3o II;<\/li>\n<li><strong>Monastero di Jer\u00f3nimos<\/strong>: dove sono sepolti Dom Manuel I, Dom Jo\u00e3o III, Dom Sebasti\u00e3o e il Cardinale Dom Henrique;<\/li>\n<li><strong>Monastero di S\u00e3o Vicente de Fora<\/strong>: dove sono sepolti Dom Jo\u00e3o IV e Dom Manuel II, ad eccezione delle tombe di Dom Pedro IV che \u00e8 sepolto nella Cattedrale di Petr\u00f3polis in Brasile e di Dona Maria I che \u00e8 sepolto nella Basilica da Estrela<br \/>Outros monumentos onde se encontram sepultados Reis e Rainhas de Portugal, contudo que n\u00e3o s\u00e3o reconhecidos como Pante\u00f5es Nacionais s\u00e3o:<\/li>\n<li><strong>Convento di Odivelas<\/strong>: Tomba di Dom Dinis;<\/li>\n<li><strong>Cattedrale di Lisbona<\/strong>: Tomba di Dom Afonso IV;<\/li>\n<li><strong>Museu do Carmo<\/strong>: Tomba di Dom Fernando I;<\/li>\n<li><strong>Cattedrale di Toledo in Spagna<\/strong>: luogo in cui \u00e8 sepolto Dom Sancho II.<br \/>La parola &#8220;pantheon&#8221; deriva dal latino &#8220;pantheon&#8221; che significa &#8220;tempio consacrato agli dei&#8221;. La prima <strong>Chiesa di Santa Engr\u00e1cia<\/strong> in Portogallo fu costruita nel 1570 per volere di Dona Maria, l&#8217;ultima figlia del re Dom Manuel I e \u200b\u200bdevota di <strong>Santa Engr\u00e1cia<\/strong><\/li>\n<\/ul>\n<\/li>\n<\/ol>\n<div class=\"mceTemp\">\n<dl id=\"attachment_2072\" class=\"wp-caption alignnone\" style=\"width: 1280px;\" data-mce-style=\"width: 1280px;\">\n<dt class=\"wp-caption-dt\"><a href=\"https:\/\/xrei.com\/images\/panteao-nacional.jpg\" data-mce-href=\"https:\/\/xrei.com\/images\/panteao-nacional.jpg\"><img loading=\"lazy\" decoding=\"async\" class=\"size-full wp-image-2072\" src=\"https:\/\/xrei.com\/images\/panteao-nacional.jpg\" alt=\"Pantheon Nazionale, un luogo dove sono sepolte alcune delle antiche personalit\u00e0 portoghesi che in qualche modo hanno avuto riconoscimento nella societ\u00e0\" width=\"1280\" height=\"1153\" data-mce-src=\"https:\/\/xrei.com\/images\/panteao-nacional.jpg\" srcset=\"https:\/\/xrei.com\/images\/panteao-nacional.jpg 1280w, https:\/\/xrei.com\/images\/panteao-nacional-980x883.jpg 980w, https:\/\/xrei.com\/images\/panteao-nacional-480x432.jpg 480w\" sizes=\"(min-width: 0px) and (max-width: 480px) 480px, (min-width: 481px) and (max-width: 980px) 980px, (min-width: 981px) 1280px, 100vw\" \/><\/a><\/dt>\n<dd class=\"wp-caption-dd\">Pantheon Nazionale, un luogo dove sono sepolte alcune delle antiche personalit\u00e0 portoghesi che in qualche modo hanno avuto riconoscimento nella societ\u00e0<\/dd>\n<\/dl>\n<\/div>\n<ol>\n<li><strong>Cattedrale di Lisbona<\/strong>: La cattedrale di Lisbona \u00e8 la chiesa pi\u00f9 importante della citt\u00e0 di Lisbona, situata a Largo da S\u00e9, e fu inaugurata nel 1150 in stile romanico sotto la guida di Mestre Roberto, fu ufficialmente designata la <strong>Chiesa di Santa Maria Maior<\/strong> per ordine di Dom Afonso Henriques e obiettivo di numerosi interventi nel corso dei secoli, tra cui la costruzione del chiostro tra il 1281 e il 1319 durante il Regno di Dom Dinis, la costruzione della cappella di S\u00e3o Bartolomeu nel 1324, la cappella principale durante il regno di Dom Afonso IV, la testiera, il dipinto del chiostro della cattedrale di Mestre Manuel Andr\u00e9 nel 1569, la sala capitolare e la sala del tesoro durante il regno di Dom Jo\u00e3o V, la costruzione dell&#8217;orologio nel 1743 e la ricostruzione della Cattedrale dopo il terremoto del 1755. I principali punti salienti <em>Cattedrale di Lisbona<\/em> sono:<\/li>\n<li>Sagrestia;<\/li>\n<li>Capela-Mor;<\/li>\n<li>Tomba di Dom Afonso IV;<\/li>\n<li>Fontana dove fu battezzato Santo Ant\u00f3nio nel 1195;<\/li>\n<li>Chiostro;<\/li>\n<li>Scavi archeologici di oltre tremila anni nel chiostro gotico;<\/li>\n<li>Presepe di Machado de Castro, 1766;<\/li>\n<li>Royal Treasury che include oggetti come la Custodia di Dom Jos\u00e9 I;<\/li>\n<li>Vista panoramica sul fiume Tago dalla cima della torre.<\/li>\n<\/ol>\n<div class=\"mceTemp\">\n<dl id=\"attachment_2090\" class=\"wp-caption alignnone\" style=\"width: 1280px;\" data-mce-style=\"width: 1280px;\">\n<dt class=\"wp-caption-dt\"><a href=\"https:\/\/xrei.com\/images\/se-catedral.jpg\" data-mce-href=\"https:\/\/xrei.com\/images\/se-catedral.jpg\"><img loading=\"lazy\" decoding=\"async\" class=\"size-full wp-image-2090\" src=\"https:\/\/xrei.com\/images\/se-catedral.jpg\" alt=\"Cattedrale di Lisbona, un'icona delle cartoline di Lisbona\" width=\"1280\" height=\"1016\" data-mce-src=\"https:\/\/xrei.com\/images\/se-catedral.jpg\" srcset=\"https:\/\/xrei.com\/images\/se-catedral.jpg 1280w, https:\/\/xrei.com\/images\/se-catedral-980x778.jpg 980w, https:\/\/xrei.com\/images\/se-catedral-480x381.jpg 480w\" sizes=\"(min-width: 0px) and (max-width: 480px) 480px, (min-width: 481px) and (max-width: 980px) 980px, (min-width: 981px) 1280px, 100vw\" \/><\/a><\/dt>\n<dd class=\"wp-caption-dd\">Cattedrale di Lisbona, un&#8217;icona delle cartoline di Lisbona<\/dd>\n<\/dl>\n<\/div>\n<ol>\n<li><strong>Monastero di S\u00e3o Vicente de Fora<\/strong>: Il monastero di S\u00e3o Vicente de Fora \u00e8 uno dei monasteri pi\u00f9 antichi della citt\u00e0 di Lisbona, essendo stato costruito in segno di gratitudine per la <strong>Conquista di Lisbona nel 1147<\/strong> Il monastero di S\u00e3o Vicente de Fora inizi\u00f2 a essere costruito il 21 novembre 1147, essendo stato consacrato a <em>Nossa Senhora da Concei\u00e7\u00e3o da Enfermaria<\/em> e <em>S\u00e3o Vicente M\u00e1rtir<\/em> e consegnato all&#8217;Ordine dei Reggenti di Sant&#8217;Agostino. L&#8217;attuale monastero fu costruito durante il regno di Filippo I (1527-1598) con i principali architetti Juan de Herrera (1530-1597), responsabili anche della costruzione del Monastero di San Lorenzo de El Escorial (1563-1584), Filippo Terzi ( 1520-1597), Baltazar \u00c1lvares (1560-1630), Jo\u00e3o Frederico Ludovice (1673-1752). I principali punti di interesse del monastero <em>di S\u00e3o Vicente de Fora<\/em> sono:\n<ul>\n<li><strong>Pantheon della dinastia di Bragan\u00e7a<\/strong>: Il Pantheon della dinastia di Bragan\u00e7a inizi\u00f2 a essere progettato da Dom Jo\u00e3o V, essendo stato completato solo nel 1932. Il progetto del 1932 fu guidato dall&#8217;architetto Raul Lino con l&#8217;obiettivo di elaborare una tomba pi\u00f9 dignitosa per re Dom Carlos;<\/li>\n<li><strong>Facciata con due torri<\/strong>: Questa costruzione era innovativa, poich\u00e9 la costruzione di due torri in una chiesa <strong>era esclusiva delle cattedrali<\/strong> La costruzione delle due torri nella chiesa influenz\u00f2 la costruzione di altri templi Cristiani in tutto il paese, vale a dire la <em>S\u00c9 Nova a Coimbra<\/em> (1598), la <em>S\u00e3o Louren\u00e7o Church<\/em> (1690) a Porto o la <em>Estrela Basilica<\/em> (1779) a Lisbona;<\/li>\n<li><strong>Cisterna<\/strong>: \u00e8 l&#8217;unica struttura rimasta del monastero ordinata da Dom Afonso Henriques da costruire. La cisterna continua a funzionare;<\/li>\n<li><strong>La pi\u00f9 grande collezione di piastrelle barocche al mondo<\/strong>: L&#8217;unica struttura che si avvicina \u00e8 il Chiostro del Convento di S\u00e3o Francisco a Salvador da Bahia in Brasile;<\/li>\n<li><strong>Ordinanza del monastero di S\u00e3o Vicente de Fora<\/strong>: che evidenzia le rappresentazioni in pannelli di piastrelle di episodi della storia del Portogallo e dei vari re del Portogallo che hanno contribuito alla costruzione del monastero e alla pittura del tetto del autore dell&#8217;italiano Vicenzo Baccarelli;<\/li>\n<li><strong>Chiostro del Monastero<\/strong>: Il chiostro del Monastero di S\u00e3o Vicente fu costruito nel 17 \u00b0 secolo e presenta 81 pannelli di piastrelle con circa quindicimila piastrelle del Regno di Dom Jo\u00e3o V;<\/li>\n<li><strong>Cappella di Santo Ant\u00f3nio<\/strong>: Cappella dove fu sepolta Teresa Teixeira, madre di Santo Ant\u00f3nio;<\/li>\n<li><strong>Sacrestia<\/strong>: La sacrestia \u00e8 stata costruita da Dom Jo\u00e3o V e si distingue per la sua opulenza;<\/li>\n<li><strong>Cappella dei Ragazzi di Palhav\u00e3<\/strong>: La Cappella ha questo nome perch\u00e9 \u00e8 stata trasferita dal Palazzo Palhav\u00e3 a Lisbona, l&#8217;attuale ambasciata spagnola. Nella Cappella sono sepolti i baxzydo figli di Dom Jo\u00e3o V;<\/li>\n<li><strong>Pannelli di piastrelle con favole di La Fontaine<\/strong>: Le favole di La Fontaine sono rappresentate in un totale di 38 pannelli di piastrelle del 18 \u00b0 secolo;<\/li>\n<li>**Torre da Igreja (rxzySwith:)La torre della chiesa \u00e8 un luogo privilegiato per osservare Lisbona, il fiume Tago e la Serra da Arr\u00e1bida;<\/li>\n<li><strong>Organo<\/strong>: L&#8217;organo del monastero di S\u00e3o Vicente de Fora fu costruito nel 1765 da Jo\u00e3o Fontanes de Maqueira. L&#8217;organo ha pi\u00f9 di tremila valvole distribuite su due tastiere e sessanta registri. L&#8217;organo del monastero di S\u00e3o Vicente de Fora \u00e8 uno dei pi\u00f9 grandi organi del Portogallo.<br \/><strong>S\u00e3o Vicente<\/strong> era un diacono a Saragozza e uno dei martiri ispanici e, secondo la leggenda, fu esposto a una straordinaria tortura che port\u00f2 alla sua morte il 22 gennaio 304. S\u00e3o Vicente fu infine sepolto in un cimitero di Valencia e trasferito a Cabo de S\u00e3o Vicente, in Algarve, dopo l&#8217;invasione musulmana della penisola iberica. Dom Afonso Henriques decise di inviare una flotta a Cabo de S\u00e3o Vicente per salvare il corpo e le reliquie, trasportato su una nave a Lisbona e trasformato nel grande simbolo dell&#8217;unione cristiana contro il nemico musulmano.<\/li>\n<\/ul>\n<\/li>\n<li><strong>Punto panoramico di Santa Luzia<\/strong>: Il punto panoramico di Santa Luzia \u00e8 uno dei punti panoramici pi\u00f9 famosi di Lisbona grazie alla fantastica vista su Alfama, il fiume Tago e la Serra da Arr\u00e1bida, situata a Largo de Santa Luzia . I punti salienti principali sono la vista sul quartiere Alfama, i pannelli di piastrelle che rappresentano la Conquista di Lisbona nel 1147, la Pra\u00e7a do Com\u00e9rcio prima del terremoto del 1755 e un busto di omaggio allo storico di Lisbona Norberto de Ara\u00fajo. Il Miradouro de Santa Luzia \u00e8 molto visitato dai turisti di tutto il mondo, il che contribuisce a creare un ambiente molto piacevole nella citt\u00e0 di Lisbona;<\/li>\n<\/ol>\n<div class=\"mceTemp\">\n<dl id=\"attachment_2054\" class=\"wp-caption alignnone\" style=\"width: 1280px;\" data-mce-style=\"width: 1280px;\">\n<dt class=\"wp-caption-dt\"><a href=\"https:\/\/xrei.com\/images\/miradouro-santa-luzia.jpg\" data-mce-href=\"https:\/\/xrei.com\/images\/miradouro-santa-luzia.jpg\"><img loading=\"lazy\" decoding=\"async\" class=\"size-full wp-image-2054\" src=\"https:\/\/xrei.com\/images\/miradouro-santa-luzia.jpg\" alt=\"Punto di vista di Santa Luzia, che domina il quartiere di Alfama\" width=\"1280\" height=\"854\" data-mce-src=\"https:\/\/xrei.com\/images\/miradouro-santa-luzia.jpg\" srcset=\"https:\/\/xrei.com\/images\/miradouro-santa-luzia.jpg 1280w, https:\/\/xrei.com\/images\/miradouro-santa-luzia-980x654.jpg 980w, https:\/\/xrei.com\/images\/miradouro-santa-luzia-480x320.jpg 480w\" sizes=\"(min-width: 0px) and (max-width: 480px) 480px, (min-width: 481px) and (max-width: 980px) 980px, (min-width: 981px) 1280px, 100vw\" \/><\/a><\/dt>\n<dd class=\"wp-caption-dd\">Punto di vista di Santa Luzia, che domina il quartiere di Alfama<\/dd>\n<\/dl>\n<\/div>\n<div class=\"mceTemp\">\n<dl id=\"attachment_2066\" class=\"wp-caption alignnone\" style=\"width: 1280px;\" data-mce-style=\"width: 1280px;\">\n<dt class=\"wp-caption-dt\"><a href=\"https:\/\/xrei.com\/images\/paineis-viuva-lamego.jpg\" data-mce-href=\"https:\/\/xrei.com\/images\/paineis-viuva-lamego.jpg\"><img loading=\"lazy\" decoding=\"async\" class=\"size-full wp-image-2066\" src=\"https:\/\/xrei.com\/images\/paineis-viuva-lamego.jpg\" alt=\"Pannelli di piastrelle Vi\u00fava Lamego ai punti panoramici di Alfama\" width=\"1280\" height=\"721\" data-mce-src=\"https:\/\/xrei.com\/images\/paineis-viuva-lamego.jpg\" srcset=\"https:\/\/xrei.com\/images\/paineis-viuva-lamego.jpg 1280w, https:\/\/xrei.com\/images\/paineis-viuva-lamego-980x552.jpg 980w, https:\/\/xrei.com\/images\/paineis-viuva-lamego-480x270.jpg 480w\" sizes=\"(min-width: 0px) and (max-width: 480px) 480px, (min-width: 481px) and (max-width: 980px) 980px, (min-width: 981px) 1280px, 100vw\" \/><\/a><\/dt>\n<dd class=\"wp-caption-dd\">Pannelli di piastrelle Vi\u00fava Lamego ai punti panoramici di Alfama<\/dd>\n<\/dl>\n<\/div>\n<ol>\n<li><strong>Punto di vista di Portas do Sol<\/strong>: Il punto di vista di Portas do Sol \u00e8 uno dei punti di vista pi\u00f9 popolari nella citt\u00e0 di Lisbona, situato a Largo das Portas do Sol, chiamato anche **Varanda do Tejo (rxzyswith ,) vicino al castello di S\u00e3o Jorge. Dal punto di vista \u00e8 possibile avixzy il Pantheon Nazionale, il Monastero di S\u00e3o Vicente de Fora, il quartiere Alfama, il Museo del Fado, la Chiesa di S\u00e3o Miguel, la Chiesa di Santo Est\u00eav\u00e3o, il fiume Tago e la Serra da Arr\u00e1bida. I punti salienti del punto di vista sono:\n<ul>\n<li>Statua di S\u00e3o Vicente di Raul Xavier;<\/li>\n<li>Palazzo Azurara dove \u00e8 installata la Fondazione Ricardo Esp\u00edrito Santo Silva;<\/li>\n<li>Recinto Moura del X secolo<br \/>Il Largo das Portas do Sol si distingue:<\/li>\n<li>Museo delle arti decorative;<\/li>\n<li>Chiesa di Santiago.<\/li>\n<\/ul>\n<\/li>\n<\/ol>\n<div class=\"mceTemp\">\n<dl id=\"attachment_2060\" class=\"wp-caption alignnone\" style=\"width: 1280px;\" data-mce-style=\"width: 1280px;\">\n<dt class=\"wp-caption-dt\"><a href=\"https:\/\/xrei.com\/images\/mirante-portas-do-sol.jpg\" data-mce-href=\"https:\/\/xrei.com\/images\/mirante-portas-do-sol.jpg\"><img loading=\"lazy\" decoding=\"async\" class=\"size-full wp-image-2060\" src=\"https:\/\/xrei.com\/images\/mirante-portas-do-sol.jpg\" alt=\"Punto panoramico di Portas do Sol, con vista panoramica sull'Alfama e sul fiume Tago\" width=\"1280\" height=\"654\" data-mce-src=\"https:\/\/xrei.com\/images\/mirante-portas-do-sol.jpg\" srcset=\"https:\/\/xrei.com\/images\/mirante-portas-do-sol.jpg 1280w, https:\/\/xrei.com\/images\/mirante-portas-do-sol-980x501.jpg 980w, https:\/\/xrei.com\/images\/mirante-portas-do-sol-480x245.jpg 480w\" sizes=\"(min-width: 0px) and (max-width: 480px) 480px, (min-width: 481px) and (max-width: 980px) 980px, (min-width: 981px) 1280px, 100vw\" \/><\/a><\/dt>\n<dd class=\"wp-caption-dd\">Punto panoramico di Portas do Sol, con vista panoramica sull&#8217;Alfama e sul fiume Tago<\/dd>\n<\/dl>\n<\/div>\n<ol>\n<li><strong>Museo di chitarra Fado e portoghese<\/strong>: Il Museo di Fado \u00e8 un museo in cui \u00e8 possibile osservare l&#8217;evoluzione storica del Fado, assistere a spettacoli di questo genere musicale portoghese e imparare a suonare la chitarra portoghese. Il Museo del Fado si trova a <strong>Largo do Chafariz de Dentro<\/strong>, che collega Rua de S\u00e3o Pedro, Rua dos Rem\u00e9dios e il fiume Tago. Questo museo \u00e8 stato inaugurato il 25 settembre 1998, presentando i seguenti punti salienti:\n<ul>\n<li>Opera <strong>O Fado<\/strong> di Jos\u00e9 Malhoa del 1910;<\/li>\n<li>Trittico <strong>O Marinheiro<\/strong> di Constantino Fernandes del 1913;<\/li>\n<li>Il pi\u00f9 portoghese dei dipinti ad olio di Jo\u00e3o Vieira del 2005;<\/li>\n<li>Esposizione di strumenti musicali e costumi;<\/li>\n<li>Centro di documentazione dove \u00e8 possibile studiare il Fado;<\/li>\n<li>Scuola del museo dove puoi imparare a cantare il fado e suonare la chitarra portoghese<\/li>\n<\/ul>\n<\/li>\n<\/ol>\n<div class=\"mceTemp\">\n<dl id=\"attachment_2048\" class=\"wp-caption alignnone\" style=\"width: 1280px;\" data-mce-style=\"width: 1280px;\">\n<dt class=\"wp-caption-dt\"><a href=\"https:\/\/xrei.com\/images\/entrada-de-alfama.jpg\" data-mce-href=\"https:\/\/xrei.com\/images\/entrada-de-alfama.jpg\"><img loading=\"lazy\" decoding=\"async\" class=\"size-full wp-image-2048\" src=\"https:\/\/xrei.com\/images\/entrada-de-alfama.jpg\" alt=\"Ingresso al quartiere Alfama\" width=\"1280\" height=\"960\" data-mce-src=\"https:\/\/xrei.com\/images\/entrada-de-alfama.jpg\" srcset=\"https:\/\/xrei.com\/images\/entrada-de-alfama.jpg 1280w, https:\/\/xrei.com\/images\/entrada-de-alfama-980x735.jpg 980w, https:\/\/xrei.com\/images\/entrada-de-alfama-480x360.jpg 480w\" sizes=\"(min-width: 0px) and (max-width: 480px) 480px, (min-width: 481px) and (max-width: 980px) 980px, (min-width: 981px) 1280px, 100vw\" \/><\/a><\/dt>\n<dd class=\"wp-caption-dd\">Ingresso al quartiere Alfama<\/dd>\n<\/dl>\n<\/div>\n<ol>\n<li><strong>Punto di vista di Santo Est\u00eav\u00e3o<\/strong>: Il punto di vista di Santo Est\u00eav\u00e3o \u00e8 uno dei punti di vista meno conosciuti nel quartiere di Alfama, situato nel cortile di fronte alla chiesa di Santo Est\u00eav\u00e3o, \u00e8 un posto tranquillo e lontano dal trambusto degli altri punti di vista pi\u00f9 noti della citt\u00e0, che consentono di contemplare il quartiere Alfama, la Serra da Arr\u00e1bida e il fiume Tago.<\/li>\n<li><strong>Chiesa di Nossa Senhora da Concei\u00e7\u00e3o-a-Velha<\/strong>: La Chiesa di Nossa Senhora da Concei\u00e7\u00e3o-a-Velha \u00e8 la chiesa che stabilisce la fine di Baixa Pombalina e l&#8217;inizio di Alfama. La prima chiesa fu costruita nel 1496 con il nome <strong>Concei\u00e7\u00e3o dos Frades Church<\/strong>, per sostituire la sinagoga che esisteva l\u00ec durante il 15 \u00b0 secolo, essendo stata distrutta dal terremoto del 1755. L&#8217;attuale chiesa fu ricostruita dopo il terremoto con un progetto di Francisco Ant\u00f3nio Ferreira. I principali punti di interesse della <em>Chiesa di Nossa Senhora da Concei\u00e7\u00e3o-a-Velha<\/em> sono:\n<ul>\n<li><strong>Facciata principale<\/strong>: si ritiene che sia ci\u00f2 che resta della chiesa iniziale, prima del terremoto del 1755. La facciata \u00e8 un portico costruito in stile manuelino dove spicca la presenza di Nossa Senhora da Miseric\u00f3rdia e la Vergine. Maria con un manto per proteggere l&#8217;intera societ\u00e0 portoghese;<\/li>\n<li><strong>Nave da Igreja<\/strong>: Il soffitto dipinto a stucco che rappresenta il Trionfo di Nossa Senhora da Concei\u00e7\u00e3o di F\u00e9lix da Rocha;<\/li>\n<li><strong>Statue raffiguranti S\u00e3o Pedro e S\u00e3o Paulo<\/strong> di Jos\u00e9 de Almeida;<\/li>\n<li><strong>Cappella principale<\/strong>: L&#8217;attuale cappella principale era inizialmente una cappella laterale costruita da Simoa Godinha (1530-1594), un ricco nobile nero di S\u00e3o Tom\u00e9 e Pr\u00edncipe, un importante produttore di zucchero. Il clou della <strong>Capela-Mor<\/strong> va alla statua di Nossa Senhora da Concei\u00e7\u00e3o-a-Velha scolpita tra il 1730 e il 1740 da Jos\u00e9 de Almeida;<\/li>\n<li><strong>Immagine di Nossa Senhora de Bel\u00e9m<\/strong>: commissionata dall&#8217;Infante Dom Henrique (1394-1460) per una piccola chiesa appartenuta all&#8217;Ordine di Cristo e che fu distrutta in modo da poter costruire il monastero di Jer\u00f3nimos. L&#8217;immagine \u00e8 importante perch\u00e9 fu, secondo la tradizione orale, che Vasco da Gama preg\u00f2 prima di partire per l&#8217;India nel 1498;<\/li>\n<li><strong>Organo a canne<\/strong>: Questo piccolo organo proveniva dal Pal\u00e1cio das Necessidades di Lisbona.<\/li>\n<\/ul>\n<\/li>\n<li><strong>Teatro Romano<\/strong>: Il Teatro Romano, \u00e8 un reperto archeologico risalente al I secolo d.C., con una capacit\u00e0 stimata di 4 mila spettatori. \u00c8 uno dei cinque poli del Museo di Lisbona, insieme al Palazzo Pimenta, al Museo Santo Ant\u00f3nio, alla Casa dos Bicos e alla Torre ovest di Pra\u00e7a do Com\u00e9rcio. Il teatro romano si trova tra Rua de S\u00e3o Mamede e Rua da Saudade, che collega Largo do Caldas e Rua da Madalena. Le rovine del <em>Teatro Romano<\/em> furono scoperte nel 1798, essendo state ricreate per la prima volta dall&#8217;architetto italiano Francisco Xavier Fabri. Il teatro romano \u00e8 stato oggetto di numerosi interventi archeologici nel corso degli anni, in particolare tra il 1964 e il 1967 sotto la guida di Fernando de Almeida e di Irisalva Moita, tra il 1989 e il 1993 sotto la guida del Museo di Lisbona e del Municipio di Lisbona e aperto nel 2001. Il museo \u00e8 stato integrato in due edifici, un palazzo del 18 \u00b0 secolo e una vecchia fabbrica del 19 \u00b0 secolo.<\/li>\n<\/ol>\n<div class=\"mceTemp\">\n<dl id=\"attachment_2096\" class=\"wp-caption alignnone\" style=\"width: 1280px;\" data-mce-style=\"width: 1280px;\">\n<dt class=\"wp-caption-dt\"><a href=\"https:\/\/xrei.com\/images\/teatro-romano.jpg\" data-mce-href=\"https:\/\/xrei.com\/images\/teatro-romano.jpg\"><img loading=\"lazy\" decoding=\"async\" class=\"size-full wp-image-2096\" src=\"https:\/\/xrei.com\/images\/teatro-romano.jpg\" alt=\"Rovine del teatro romano scoperte ad Alfama\" width=\"1280\" height=\"854\" data-mce-src=\"https:\/\/xrei.com\/images\/teatro-romano.jpg\" srcset=\"https:\/\/xrei.com\/images\/teatro-romano.jpg 1280w, https:\/\/xrei.com\/images\/teatro-romano-980x654.jpg 980w, https:\/\/xrei.com\/images\/teatro-romano-480x320.jpg 480w\" sizes=\"(min-width: 0px) and (max-width: 480px) 480px, (min-width: 481px) and (max-width: 980px) 980px, (min-width: 981px) 1280px, 100vw\" \/><\/a><\/dt>\n<dd class=\"wp-caption-dd\">Rovine del teatro romano scoperte ad Alfama<\/dd>\n<\/dl>\n<\/div>\n<ol>\n<li><strong>Casa dos Bicos<\/strong>: Casa dos Bicos \u00e8 uno dei poli del Museo di Lisbona e il sito della Fondazione Jos\u00e9 Saramago, Premio Nobel per la letteratura, con sede a Campo das Cebolas. La Casa dos Bicos fu costruita da Br\u00e1s de Albuquerque, figlio di Afonso de Albuquerque, vicer\u00e9 dell&#8217;India tra il 1521 e il 1523 sotto la guida di Francisco de Arruda. La facciata principale del palazzo \u00e8 stata ispirata dal Palazzo dei Diamanti di Ferrara in Italia, costruito a forma di punte di pietra anzich\u00e9 di diamanti, da cui l&#8217;attuale denominazione. Casa dos Bicos fu parzialmente distrutta dal terremoto del 1755 e riabilitata nel 1981 sotto la guida degli architetti Manuel Vicente e Daniel Santa Rita con l&#8217;obiettivo di integrare l&#8217;Esposizione europea di arte, scienza e cultura e di inaugurare il <em>nucleo Os Descobrimentos Portugueses<\/em> e <em>Europa rinascimentale<\/em> L&#8217;edificio <em>Casa dos Bicos<\/em> ha svolto diverse funzioni, vale a dire il magazzino del merluzzo, sede della Commissione nazionale per la commemorazione delle scoperte portoghesi tra il 1987 e il 2002, Vereamento di Cultura del Consiglio Comunale di Lisbona tra il 2003 e il 2008 e <strong>Fondazione Jos\u00e9 Saramago dal 2008 ad oggi<\/strong> I punti salienti di <em>Casa dos Bicos<\/em> sono i seguenti:\n<ul>\n<li><em>Rovine della Lisbona romana<\/em>: evidenziando la scoperta di fabbriche di condimenti di pesce del I secolo d.C., parte delle mura romane di Lisbona, una torre semicircolare del 3 \u00b0 secolo;<\/li>\n<li><em>Funda\u00e7\u00e3o Jos\u00e9 Saramago<\/em>: installato ai due piani superiori di Casa dos Bicos, dove possiamo osservare e studiare il lavoro dello scrittore Jos\u00e9 Saramago;<\/li>\n<li><em>Muro medievale<\/em>: \u00e8 stata scoperta una parte del muro medievale;<\/li>\n<li><em>Cetaria<\/em>: si tratta di vasche di una pianta rettangolare che venivano utilizzate nelle fabbriche durante il periodo dell&#8217;occupazione romana.<\/li>\n<\/ul>\n<\/li>\n<\/ol>\n<div class=\"mceTemp\">\n<dl id=\"attachment_2036\" class=\"wp-caption alignnone\" style=\"width: 1280px;\" data-mce-style=\"width: 1280px;\">\n<dt class=\"wp-caption-dt\"><a href=\"https:\/\/xrei.com\/images\/casa-dos-bicos.jpg\" data-mce-href=\"https:\/\/xrei.com\/images\/casa-dos-bicos.jpg\"><img loading=\"lazy\" decoding=\"async\" class=\"size-full wp-image-2036\" src=\"https:\/\/xrei.com\/images\/casa-dos-bicos.jpg\" alt=\"Casa dos Bicos, centro del Museo di Lisbona e sito della Fondazione Jos\u00e9 Saramago - Premio Nobel per la letteratura\" width=\"1280\" height=\"853\" data-mce-src=\"https:\/\/xrei.com\/images\/casa-dos-bicos.jpg\" srcset=\"https:\/\/xrei.com\/images\/casa-dos-bicos.jpg 1280w, https:\/\/xrei.com\/images\/casa-dos-bicos-980x653.jpg 980w, https:\/\/xrei.com\/images\/casa-dos-bicos-480x320.jpg 480w\" sizes=\"(min-width: 0px) and (max-width: 480px) 480px, (min-width: 481px) and (max-width: 980px) 980px, (min-width: 981px) 1280px, 100vw\" \/><\/a><\/dt>\n<dd class=\"wp-caption-dd\">Casa dos Bicos, centro del Museo di Lisbona e sito della Fondazione Jos\u00e9 Saramago &#8211; Premio Nobel per la letteratura<\/dd>\n<\/dl>\n<\/div>\n<h3 id=\"outros-locais-a-explorar-em-alfama\"><span class=\"ez-toc-section\" id=\"Outros_locais_a_explorar_em_Alfama\"><\/span>Outros locais a explorar em Alfama<span class=\"ez-toc-section-end\"><\/span><\/h3>\n<ul>\n<li><strong>Chiesa di Santo Ant\u00f3nio<\/strong>: La chiesa di Santo Ant\u00f3nio \u00e8 un luogo simbolico nella citt\u00e0 di Lisbona perch\u00e9 fu costruita nel luogo in cui <strong>Santo Ant\u00f3nio nacque nel 1190<\/strong> nell&#8217;attuale Largo de Santo Ant\u00f3nio da Vedi: La costruzione della chiesa fu eseguita dal 1495 durante il regno di Dom Jo\u00e3o II e terminata durante il regno di Dom Manuel I. L&#8217;attuale chiesa fu completamente ricostruita tra il 1767 e il 1812 sotto la guida dell&#8217;architetto Mateus Vicente de Oliveira (1706- 1786). I principali punti di interesse sono:\n<ul>\n<li>Statua di Santo Ant\u00f3nio inaugurata da Papa Giovanni Paolo II durante la visita in Portogallo nel 1982 e da Soares Branco;<\/li>\n<li>facciata in stile neoclassico;<\/li>\n<li>Lapide con iscrizione del mandato di Papa Pio VI per concedere indulgenza plenaria a chiunque visiti Casa de Santo Ant\u00f3nio;<\/li>\n<li>Stemma del Portogallo e della famiglia Bulh\u00f5es, nome della famiglia Santo Ant\u00f3nio dipinto sul nartece della chiesa;<\/li>\n<li>Organo costruito nel 1872;<\/li>\n<li>Stanza in cui nacque Santo Ant\u00f3nio.<\/li>\n<\/ul>\n<\/li>\n<li><strong>Chiesa di S\u00e3o Miguel<\/strong>: La chiesa di S\u00e3o Miguel \u00e8 la chiesa pi\u00f9 importante del quartiere Alfama, situata a Largo de S\u00e3o Miguel. La chiesa di S\u00e3o Miguel fu inaugurata nel 1295 e l&#8217;attuale versione fu costruita tra il 1673 e il 1720 sotto la guida dell&#8217;architetto Jo\u00e3o Nunes Tinoco e costituisce una delle pi\u00f9 grandi sculture dorate nella citt\u00e0 di Lisbona. I punti salienti della <em>S\u00e3o Miguel Church<\/em> sono:\n<ul>\n<li>Statua di S\u00e3o Miguel sulla facciata principale;<\/li>\n<li>Soffitto in legno dipinto in quindici acquerelli raffiguranti angeli;<\/li>\n<li>Cappella di Santo Ant\u00f3nio tutta ricoperta da sculture in legno dorato;<\/li>\n<li>Sedici dipinti incorniciati in legno dorato con rappresentazioni del Nuovo Testamento di Bento Coelho da Silveira (1617-1706);<\/li>\n<li>Cappella principale in legno dorato con al centro un&#8217;immagine di S\u00e3o Miguel e accanto a una statua di S\u00e3o Jos\u00e9 e un&#8217;altra di Nossa Senhora da Boa Viagem.<\/li>\n<\/ul>\n<\/li>\n<li><strong>Museo militare di Lisbona<\/strong>: Il Museo militare di Lisbona \u00e8 il museo pi\u00f9 antico di Lisbona, aperto il 10 dicembre 1851 come Museo di artiglieria, situato nel Largo del Museo di artiglieria di Alfama, vicino al Stazione ferroviaria di Santa Apol\u00f3nia e Terminal Crociere. Il Museo militare di Lisbona mira <em>a divulgare la storia militare del Portogallo<\/em>, con un set di oltre 26 mila pezzi in mostra. L&#8217;edificio del Museo militare di Lisbona \u00e8 stato danneggiato due volte, in particolare a causa di un&#8217;esplosione e del terremoto del 1755. Il Museo militare di Lisbona ha i seguenti punti salienti:\n<ul>\n<li>*Facciata principale (Alfama) con una scultura femminile che simboleggia la Patria;<\/li>\n<li><em>Cortile centrale<\/em> con cannoni e ventisei pannelli di piastrelle che raccontano la storia del Portogallo, dalla riconquista del XII secolo alla prima guerra mondiale (1914-1918);<\/li>\n<li><em>Collezione di pezzi di artiglieria<\/em> in bronzo, una delle pi\u00f9 grandi collezioni di artiglieria al mondo;<\/li>\n<li><em>Veicolo utilizzato per trasportare le colonne che fanno parte del Arco da Rua Augusta<\/em>;<\/li>\n<li><em>Sala Vasco da Gama<\/em>: con dipinti di Columbano Bordalo Pinheiro come \u201cO Velho do Restelo\u201d, che ritrae la Scoperta della Via marittima in India, \u201cIl murale\u201d di Carlos Reis, il tetto del edificio progettato da Luigi Manini;<\/li>\n<li><em>Sala Am\u00e9rica<\/em>: punto culminante per il soffitto dipinto da Columbano Bordalo Pinheiro;<\/li>\n<\/ul>\n<\/li>\n<li>Spazio dedicato a Jo\u00e3o Maria Ferreira do Amaral, comandante del Battaglione di fanteria 15, l&#8217;unit\u00e0 pi\u00f9 decorata della fanteria portoghese a causa degli atti compiuti nella battaglia di La Lys del 9 aprile 1918. Jo\u00e3o Maria Ferreira do Amaral scrisse dopo la prima guerra mondiale il libro &#8220;La bugia delle Fiandre&#8221; e &#8220;La paura&#8221;, dove ha criticato la politica del tempo;\n<ul>\n<li><em>Great War Rooms<\/em>: in questa stanza si evidenziano i dipinti del pittore Sousa Lopes con rappresentazioni della Prima Guerra Mondiale e il Monumento al Milite Ignoto.<\/li>\n<\/ul>\n<\/li>\n<li><strong>Pittura in omaggio ad Am\u00e1lia Rodrigues<\/strong> &#8211; la Pittura di omaggio a Am\u00e1lia Rodrigues \u00e8 una dedica al pi\u00f9 famoso cantante portoghese di fado. Il dipinto si trova tra Rua de S\u00e3o Tom\u00e9 e Cal\u00e7ada do Menino de Deus ad Alfama. Il dipinto \u00e8 stato inaugurato il 2 luglio 2015 dall&#8217;artista di arte urbana Vhils e dalla Scuola Calceteiros del Consiglio comunale di Lisbona.<\/li>\n<li><strong>Museu do Aljube: Resist\u00eancia e Liberdade<\/strong>: Il Museu do Aljube: Resist\u00eancia e Liberdade \u00e8 un museo dedicato alla pubblicit\u00e0 della lotta contro il regime dittatoriale che govern\u00f2 il Portogallo tra il 1926 e il 1974, con sede a P\u00e1tio do Aljube, tra la S\u00e9 Catedral de Lisboa e il Miradouro de Santa Luzia ad Alfama. Il museo \u00e8 integrato nell&#8217;edificio Aljube, una parola di origine araba &#8220;al-jubb&#8221; che significa un pozzo senza acqua, prigione o prigione. L&#8217;edificio \u00e8 stato una prigione sin dalla sua fondazione nel periodo romano, in particolare per il clero, le donne nel 19 \u00b0 secolo e la resistenza politica tra il 1928 e il 1965. Il museo \u00e8 strutturato come segue:\n<ul>\n<li><strong>Piano Meno 1<\/strong>: Resti archeologici di epoca romana e islamica;<\/li>\n<li><strong>Piano terra<\/strong>: Ex porta principale della prigione, attuale ingresso al museo;<\/li>\n<li><strong>Piano 1<\/strong>: Luogo in cui si trova parte dell&#8217;Esposizione permanente con i seguenti nuclei: Rise and Fall of Fascisms, Portogallo 1890-1976, Certezza indiscussa, Clandestine Press, Clandestinity e Police and Courts and Courts;<\/li>\n<li><strong>Piano 2<\/strong>: Luogo in cui si trova parte dell&#8217;Esposizione permanente con i seguenti nuclei: Resist, Circuito carcerario, Identificazione, Interrogazioni e torture, Prigioni e campi di concentramento, Resist nelle catene e Isolamento in \u201crecinti\u201d;<\/li>\n<li><strong>Piano 3<\/strong>: Luogo in cui si trova parte dell&#8217;Esposizione permanente, con i seguenti nuclei: Colonialismo e lotta anticoloniale, Quelli lasciati indietro, Liberdade, 25 aprile 1974, Memoria e cittadinanza, Centro di documentazione;<\/li>\n<li><strong>Piano 4<\/strong>: Auditorium e caffetteria.<\/li>\n<\/ul>\n<\/li>\n<li><strong>Chiesa di Santo Est\u00eav\u00e3o<\/strong>: La Chiesa di Santo Est\u00eav\u00e3o \u00e8 una chiesa che integra una delle parrocchie pi\u00f9 antiche di Lisbona, creata nel 1183 e situata a Largo de Santo Est\u00eav\u00e3o. La prima chiesa fu costruita tra il 1316 e il 1543, dopo essere stata fortemente colpita dal terremoto del 1755. L&#8217;attuale chiesa fu inaugurata nel 1775. La chiesa di Santo Est\u00eav\u00e3o presenta i seguenti punti salienti:\n<ul>\n<li>Cappella di Nossa Senhora do Monte do Carmo con statuina in legno;<\/li>\n<li>Cappella di Nossa Senhora da Concei\u00e7\u00e3o con medaglione in marmo raffigurante Sant&#8217;Ana;<\/li>\n<li>Cappella principale con rappresentazioni degli Evangelisti, la decorazione in marmo rosa di Serra da Arr\u00e1bida;<\/li>\n<li>Cristo crocifisso affiancato da due serafini di Jos\u00e9 de Almeida e Jer\u00f3nimo da Costa;<\/li>\n<li>Immagine di Santo Est\u00eav\u00e3o di Nicolau Pinto;<\/li>\n<li>Pannelli di piastrelle del 17 \u00b0 secolo con scene bibliche.<\/li>\n<\/ul>\n<\/li>\n<li><strong>Chafariz d\u2019El-Rei<\/strong>: Il Chafariz d\u2019El-Rei \u00e8 una delle fontane pi\u00f9 antiche della citt\u00e0 di Lisbona, risalente al periodo islamico. La fontana si trova a Travessa do Chafariz d&#8217;El-Rei ad Alfama. Questa fontana fu costruita nel 13 \u00b0 secolo durante il regno di Dom Dinis (1281-1325) e cambi\u00f2 successivamente, fino a raggiungere l&#8217;aspetto attuale che risale al 19 \u00b0 secolo. Chafariz d&#8217;El-Rei \u00e8 integrato nel Palazzo dei Marchesi di Angeja e presenta i seguenti punti salienti:\n<ul>\n<li>Ultimo piano con terrazza;<\/li>\n<li>Piano inferiore con rubinetti;<\/li>\n<li>Pannelli con due caravelle e le braccia di Lisbona.<\/li>\n<\/ul>\n<\/li>\n<li><strong>Chafariz de Dentro<\/strong>: Chafariz de Dentro \u00e8 uno dei luoghi di approvvigionamento idrico per la popolazione di Alfama e si trova a Largo do Chafariz de Dentro. La fontana fu aperta nel 13 \u00b0 secolo e guadagn\u00f2 il suo nome grazie al fatto di essere all&#8217;interno del recinto Fernandina costruito durante il regno di Dom Fernando I (1345-1383), noto come <em>Chafariz dos Cavalos<\/em> a causa dell&#8217;esistenza di cavalli di bronzo che decorava la facciata, che sarebbe stata rubata dalle truppe spagnole durante l&#8217;assedio di Lisbona nel 1384. Il clou principale del <em>Chafariz de Dentro<\/em> \u00e8 la facciata costruita in stile barocco e romantico, essendo l&#8217;attuale versione di 1872.<\/li>\n<li><strong>Museum-School of Decorative Arts<\/strong>: La Museum-School of Decorative Arts \u00e8 una scuola-museo che mira a divulgare i vari stili decorativi delle case padronali portoghesi tra il XVII e il XIX secolo, essendo situata nel Palazzo Azurara a Largo das Portas do Sol. Il Palazzo Azurara ha svolto diverse funzioni nel corso del XX secolo, in particolare il Corpo dello Stato maggiore dell&#8217;esercito tra il 1902 e il 1907, la scuola religiosa di Dona J\u00falia Brito e Cunha tra il 1907 e il 1912, ospizio legato all&#8217;idrofobia (paura acqua o liquidi) tra il 1913 e il 1933. Il palazzo Azurara fu acquistato da Ricardo Esp\u00edrito Santo Silva nel 1947 che lo restaur\u00f2 con un progetto dell&#8217;architetto Raul Lino (1879-1974). I punti salienti della <em>Museum-School of Decorative Arts<\/em> sono:\n<ul>\n<li><strong>Escadaria Nobre<\/strong>: L&#8217;Escadaria Nobre ha come punti di interesse principali i pannelli di piastrelle di Bartolomeu Antunes (1688-1753), uno specchio con cornice dorata, due arazzi fiamminghi del XVI o XVII secolo e due vasi di porcellana della dinastia cinese Qing;<\/li>\n<li><strong>Sal\u00e3o Nobre<\/strong>: Il Sal\u00e3o Nobre presenta temi legati all&#8217;esotismo orientale e all&#8217;espansione portoghese, in particolare un arazzo con rappresentazioni di animali e personaggi orientali, un ufficio indo-portoghese costruito nella Mongolia moderna e il tappeto Arraiolos del XVIII secolo;<\/li>\n<li><strong>Sedia portoghese Nucleus<\/strong>: nella sedia portoghese Nucleus ci sono pi\u00f9 di 300 sedie e 30 canap\u00e9 \/ divani risalenti al 17 \u00b0 al 19 \u00b0 secolo dalla collezione privata di Ricardo do Esp\u00edrito Santo Silva;<\/li>\n<li><strong>Sala das Vitrinas<\/strong>: La Sala das Vitrinas \u00e8 cos\u00ec chiamata per la presenza di numerose vetrine che fanno parte della collezione di maioliche del Museo che risale al XVIII e XX secolo. Le terraglie provengono da tutto il paese, in particolare dall&#8217;ex Real F\u00e1brica do Rato de Lisboa, da Viana do Castelo, Miragaia o Massarelos;<\/li>\n<li><strong>Dom Jos\u00e9 I (1750-1777) e Dona Maria I (1777-1816) Rooms<\/strong>: in Dom Jos\u00e9 I e Dona Maria Rooms i punti salienti sono i mobili rococ\u00f2 e un dipinto rappresentare il \u201cVirgem do Leite\u201d di Greg\u00f3rio Lopes;<\/li>\n<li><strong>Sala Cadaval<\/strong>: in Sala Cadaval il trittico del XVI secolo raffigurante San Bartolomeo, Compianto su Cristo morto e San Francesco di Greg\u00f3rio Lopes (1490-1550) merita una menzione speciale;<\/li>\n<li><strong>Sala dos Pr\u00eapios<\/strong>: nella Sala dos Pr\u00eapios c&#8217;\u00e8 un punto culminante del presepe con figure realizzate in terracotta da Silvestre Faria Lobo;<\/li>\n<li><strong>Sala Dom Jo\u00e3o V<\/strong>: La Sala Dom Jo\u00e3o V ha come protagonista principale un ritratto di Dom Jo\u00e3o V dipinto da Pierre Antoine Quillard (1701-1753).<\/li>\n<\/ul>\n<\/li>\n<li><strong>Chiesa del Figlio di Dio (Igreja do Menino de Deus)<\/strong>: La Chiesa del Figlio di Dio \u00e8 nota per il lusso e il lusso dello stile barocco, avendo servito come ispirazione per la costruzione di altre chiese in citt\u00e0, situata sulla Cal\u00e7ada do Menino de Deus. L&#8217;attuale chiesa fu costruita tra il 1711 e il 1730 sotto la guida di numerosi architetti, vale a dire Jo\u00e3o Antunes (1643-1712) e Jo\u00e3o Frederico Ludovice (1673-1752). Alla chiesa attuale fu ordinato di essere costruito da Dom Jo\u00e3o V (1689-1750) per ospitare un&#8217;immagine <em>del Figlio di Dio<\/em> che avrebbe fatto miracoli offerti dalla badessa della Madre di Dio Cecilia de Jesus. (1694-1766 ). I punti salienti della chiesa sono le <em>pale d&#8217;altare dorate<\/em> per autore di pittori come Vieira Lusitano, Andr\u00e9 Rubira e Andr\u00e9 Gon\u00e7alves.<\/li>\n<li><strong>Casa residenziale del XVI secolo<\/strong>: La casa residenziale del XVI secolo \u00e8 una delle poche case residenziali esistenti a Lisbona prima del terremoto del 1755. Questa casa si trova a Rua dos Cegos, vicino a Rua de S\u00e3o Tom\u00e9 e presenta come highlight principale un pannello di piastrelle degli anni &#8217;40.<\/li>\n<li><strong>Chiesa di Santa Luzia e S\u00e3o Br\u00e1s<\/strong>: La Chiesa di Santa Luzia e S\u00e3o Br\u00e1s \u00e8 una chiesa che appartiene all&#8217;Ordine di Malta, essendo situata in Largo de Santa Luzia. Santa Luzia \u00e8 la patrona della visione e S\u00e3o Br\u00e1s la patrona della medicina per l&#8217;Ordine di Malta. La Chiesa di Santa Luzia e S\u00e3o Br\u00e1s fu costruita durante il regno di Dom Afonso Henriques e donata all&#8217;Ordine di Malta in ringraziamento per l&#8217;aiuto dato nella conquista della citt\u00e0 di Lisbona dai Mori nel 1147 e successivamente trasformata in chiesa-fortezza. L&#8217;attuale chiesa fu ricostruita dopo il terremoto del 1755 sotto la guida dell&#8217;architetto Mateus Vicente Oliveira. I principali punti di interesse sono:\n<ul>\n<li>Pannello di piastrelle raffigurante Lisbona prima del terremoto del 1755;<\/li>\n<li>Pannello di piastrelle che rappresenta la Conquista di Lisbona dai Mori nel 1147;<\/li>\n<li>Dieci tombe con iscrizioni latine;<\/li>\n<li>Statua di Dom Nuno \u00c1lvares Pereira;<\/li>\n<li>Statua della regina Santa Isabel.<\/li>\n<\/ul>\n<\/li>\n<\/ul>\n<h3 id=\"istituti-di-alfama-classificati-classificati\"><span class=\"ez-toc-section\" id=\"Istituti_di_Alfama_classificati_classificati\"><\/span>Istituti di Alfama classificati classificati<span class=\"ez-toc-section-end\"><\/span><\/h3>\n<ul>\n<li><strong>Restaurante Estrela da S\u00e9<\/strong>: Il ristorante Estrela da S\u00e9 prende il nome dalla patria del proprietario, Santiago de Compostela, che significa campo stellare. Agapito Fernandes fu il fondatore del ristorante nel 1857. Le specialit\u00e0 gastronomiche del <em>Restaurante Estrela da S\u00e9<\/em> sono budino nero, chorizo \u200b\u200barrosto, salsiccia fritta con fagioli in umido, Bife \u00e0 Estrela o Iscas \u00e0 Portuguesa<\/li>\n<\/ul>\n<h3 id=\"strade-principali-e-piazze-di-alfama\"><span class=\"ez-toc-section\" id=\"Strade_principali_e_piazze_di_Alfama\"><\/span>Strade principali e piazze di Alfama<span class=\"ez-toc-section-end\"><\/span><\/h3>\n<ul>\n<li><strong>Rua dos Rem\u00e9dios<\/strong>: Rua dos Rem\u00e9dios \u00e8 la strada pi\u00f9 importante di Alfama, essendo il principale luogo di commercio e restauro nel quartiere di Lisbona. Rua dos Rem\u00e9dios \u00e8 cos\u00ec chiamato per la presenza della <em>Cappella di Nossa Senhora dos Rem\u00e9dios<\/em>, essendo stato designato <strong>Rua das Portas do Sol<\/strong> fino al 1859. Rua dos Rem\u00e9dios ha come attrazione principale il ( rxzy) Cappella di Nossa Senhora dos Rem\u00e9dios*;<\/li>\n<li><strong>Rua de S\u00e3o Pedro<\/strong>: Rua de S\u00e3o Pedro \u00e8 anche conosciuta come <strong>Rua Direita de S\u00e3o Pedro<\/strong>, dove puoi trovare diversi ristoranti<em>*, <\/em>negozi<em> e <\/em>case di fado* Questa strada collega Largo do Chafariz de Dentro e Rua de S\u00e3o Miguel. Rua de S\u00e3o Pedro apparve menzionato per la prima volta nel 1191 dal vescovo di Lisbona Dom Soeiro Annes, responsabile della chiesa di S\u00e3o Pedro de Alfama, trasferito nel 1770 nella parrocchia di S\u00e3o Pedro de Alc\u00e2ntara con il nome di S\u00e3o Pedro de Alc\u00e2ntara Church ,<\/li>\n<li><strong>Largo de S\u00e3o Miguel<\/strong>: Largo de S\u00e3o Miguel \u00e8 il cuore del quartiere Alfama e collega Rua de S\u00e3o Miguel a Travessa do Terreiro do Trigo. Largo de S\u00e3o Miguel \u00e8 cos\u00ec chiamato a causa dell&#8217;esistenza della chiesa di S\u00e3o Miguel .;<\/li>\n<li><strong>Rua de S\u00e3o Miguel<\/strong>: Rua de S\u00e3o Miguel \u00e8 la giusta strada medievale di Alfama che collega Largo de S\u00e3o Miguel a Rua dos Rem\u00e9dios. Rua de S\u00e3o Miguel fu costruita tra il 1150 e il 1180;<\/li>\n<li><strong>Largo do Chafariz de Dentro<\/strong>: Largo do Chafariz de Dentro \u00e8 considerato il <strong>rossio de Alfama<\/strong>, un grande spazio dove puoi goderti, passeggiare e visitare la fiera dell&#8217;artigianato che si svolge tutto il gioved\u00ec dell&#8217;anno, ad eccezione di luglio a causa delle festivit\u00e0 di Santo Ant\u00f3nio de Lisboa. Largo do Chafariz de Dentro collega Rua do Terreiro do Trigo, Rua do Jardim do Tabaco, Rua dos Rem\u00e9dios e Rua de S\u00e3o Pedro. Questa piazza \u00e8 cos\u00ec chiamata per il fatto che la fontana si trova all&#8217;interno della Fernandina Cerca costruita tra il 1373 e il 1375 dal re Dom Fernando I. I punti salienti del <em>Largo do Chafariz de Dentro<\/em> sono il Chafariz de Dentro e il Museo del Fado.<\/li>\n<\/ul>\n<h3 id=\"le-case-del-fado-di-alfama\"><span class=\"ez-toc-section\" id=\"Le_case_del_Fado_di_Alfama\"><\/span>Le case del Fado di Alfama<span class=\"ez-toc-section-end\"><\/span><\/h3>\n<ul>\n<li><strong>Clube de Fado<\/strong>: situato in via S\u00e3o Jo\u00e3o da Pra\u00e7a, vicino alla Cattedrale di Lisbona, il <em>Clube de Fado<\/em> si distingue per la sua atmosfera calda e romantica. Clube do Fado fa parte di un edificio che ha pi\u00f9 di trecento anni e si distingue dall&#8217;interno, vale a dire gli archi, le pareti molto spesse, il soffitto o il Pozzo del Moiro. Ci sono diversi artisti che lavorano nel <em>Clube de Fado<\/em>, ovvero M\u00e1rio Pacheco, Cuca Roseta e Carlos Leit\u00e3o;<\/li>\n<li><strong>Casa de Linhares<\/strong>: situata a met\u00e0 strada tra la Cattedrale di Lisbona e il fiume Tago, la <em>Casa de Linhares<\/em> \u00e8 ufficialmente chiamata<em> Bacalhau do Molho<\/em> The House de Linhares era il luogo in cui vivevano i Conti di Linhares e si distingue per i soffitti a volta, il grande camino che rende lo spazio accogliente, il pavimento acciottolato, i tavoli rustici in legno e i divani illuminati di rosso appoggiati alle pareti. Casa de Linhares presenta un cast di artisti di qualit\u00e0, vale a dire Jorge Fernando e F\u00e1bia Rebord\u00e3o;<\/li>\n<li><strong>Taverna del Rey<\/strong>: situata a Largo do Chafariz de Dentro, <em>Taverna del Rey<\/em> \u00e8 una delle case di fado pi\u00f9 famose di Alfama. Taverna del Rey si distingue per la sua decorazione del soffitto in legno che simula le caravelle utilizzate nelle scoperte portoghesi e il pavimento della pavimentazione portoghese con temi legati al fado. Alla <em>Taverna del Rey<\/em> hanno recitato in famosi cantanti di fado, vale a dire Tony de Matos e Fernando Maur\u00edcio .;<\/li>\n<li><strong>Mesa de Frades<\/strong>: situato a Rua dos Rem\u00e9dios lo spazio <em>Mesa de Frades<\/em> era una volta una cappella, un negozio di alimentari e una taverna. La decorazione con piastrelle blu, l&#8217;atmosfera accogliente e la qualit\u00e0 del cibo ne fanno una delle case di fado pi\u00f9 ricercate a Lisbona. Qui cantanti famosi cantano, in particolare Ricardo Ribeiro e Pedro Moutinho;<\/li>\n<li><strong>Parreirinha de Alfama<\/strong>: situato vicino a Rua dos Rem\u00e9dios, <em>Parreirinha de Alfama<\/em> \u00e8 stata fondata da <strong>Argentina Santos<\/strong>, una leggenda del fado. In <em>The Parreirinha de Alfama<\/em> interpretato da artisti come Am\u00e1lia Rodrigues, Alfredo Marceneiro o Maria da F\u00e9. Il ristorante si distingue per la sua decorazione con motivi legati al fado e alla gastronomia portoghese;<\/li>\n<li>Tasca do Jaime d\u2019Alfama;<\/li>\n<li>Senhor Fado;<\/li>\n<li>Adega dos Fadistas;<\/li>\n<li>A Bai\u00faca;<\/li>\n<li>Drag\u00e3o de Alfama;<\/li>\n<li>A Travessa do Fado &#8211; Bij Alfama;<\/li>\n<li>Esquina de Alfama;<\/li>\n<li>P\u00e1teo de Alfama;<\/li>\n<\/ul>\n<div class=\"mceTemp\">\n<dl id=\"attachment_2042\" class=\"wp-caption alignnone\" style=\"width: 1280px;\" data-mce-style=\"width: 1280px;\">\n<dt class=\"wp-caption-dt\"><a href=\"https:\/\/xrei.com\/images\/casas-de-fado.jpg\" data-mce-href=\"https:\/\/xrei.com\/images\/casas-de-fado.jpg\"><img loading=\"lazy\" decoding=\"async\" class=\"size-full wp-image-2042\" src=\"https:\/\/xrei.com\/images\/casas-de-fado.jpg\" alt=\"Casa tradizionale del Fado ad Alfama\" width=\"1280\" height=\"853\" data-mce-src=\"https:\/\/xrei.com\/images\/casas-de-fado.jpg\" srcset=\"https:\/\/xrei.com\/images\/casas-de-fado.jpg 1280w, https:\/\/xrei.com\/images\/casas-de-fado-980x653.jpg 980w, https:\/\/xrei.com\/images\/casas-de-fado-480x320.jpg 480w\" sizes=\"(min-width: 0px) and (max-width: 480px) 480px, (min-width: 481px) and (max-width: 980px) 980px, (min-width: 981px) 1280px, 100vw\" \/><\/a><\/dt>\n<dd class=\"wp-caption-dd\">Casa tradizionale del Fado ad Alfama<\/dd>\n<\/dl>\n<\/div>\n<ul>\n<li>Pastel do Fado;<\/li>\n<li>Guitarras de Lisboa;<\/li>\n<li>Fado na Morgadinha;<\/li>\n<li>Cora\u00e7\u00e3o de Alfama;<\/li>\n<li>S\u00e3o Miguel de Alfama;<\/li>\n<li>Boteco da F\u00e1;<\/li>\n<li>Tasca Bela;<\/li>\n<li>Tasca do Chico;<\/li>\n<li>Duetos da S\u00e9.<\/li>\n<\/ul>\n<blockquote>\n<p>Il Consiglio Parrocchiale Alfama \u00e8 il Consiglio Parrocchiale di Santa Maria Maior<\/p>\n<\/blockquote>\n<h2 id=\"strutture-educative-in-alfama\"><span class=\"ez-toc-section\" id=\"Strutture_educative_in_Alfama\"><\/span>Strutture educative in Alfama<span class=\"ez-toc-section-end\"><\/span><\/h2>\n<ul>\n<li>Escola Superio de Almeida Almeida Garrett;<\/li>\n<li>Istituto universitario di scienze psicologiche, sociali e della vita.<\/li>\n<\/ul>\n<h2 id=\"sviluppi-turistici-ad-alfama\"><span class=\"ez-toc-section\" id=\"Sviluppi_turistici_ad_Alfama\"><\/span>Sviluppi turistici ad Alfama<span class=\"ez-toc-section-end\"><\/span><\/h2>\n<ul>\n<li>Alfama Patio<\/li>\n<li>Hotel Convento do Salvador<\/li>\n<li>Memmo Alfama<\/li>\n<li>Palacete Chafariz d\u2019el Rei<\/li>\n<li>Santiago de Alfama: Boutique Hotel<\/li>\n<\/ul>\n<h2 id=\"fiere-feste-e-pellegrinaggi-ad-alfama\"><span class=\"ez-toc-section\" id=\"Fiere_feste_e_pellegrinaggi_ad_Alfama\"><\/span>Fiere, feste e pellegrinaggi ad Alfama<span class=\"ez-toc-section-end\"><\/span><\/h2>\n<ul>\n<li><strong>Feira da Ladra<\/strong>: si svolge settimanalmente marted\u00ec e sabato mattina vicino al Pantheon Nazionale;<\/li>\n<li><strong>Santos Populares de Lisboa<\/strong>: si svolgono ogni anno durante il mese di giugno, con il punto pi\u00f9 alto il 12;<\/li>\n<li><strong>CaixaAlfama<\/strong>: si svolge ogni anno a settembre.<\/li>\n<\/ul>\n<h2 id=\"trasporto-e-accesso-ad-alfama\"><span class=\"ez-toc-section\" id=\"Trasporto_e_accesso_ad_Alfama\"><\/span>Trasporto e accesso ad Alfama<span class=\"ez-toc-section-end\"><\/span><\/h2>\n<p>Alfama ha a disposizione i seguenti mezzi pubblici:<\/p>\n<ul>\n<li><strong>Metropolitano de Lisboa<\/strong>: lungo l&#8217;Avenida ci sono tre stazioni:<br \/>Stazione di Santa Apol\u00f3nia (linea blu)<\/li>\n<li><strong>Trains<\/strong>: Stazione di Santa Apol\u00f3nia;<\/li>\n<li><strong>Parcheggi<\/strong>: Punto di vista di Portas do Sol.<\/li>\n<\/ul>\n<p>Storia di Alfama<\/p>\n<div class=\"mceTemp\">\n<dl id=\"attachment_2084\" class=\"wp-caption alignnone\" style=\"width: 1280px;\" data-mce-style=\"width: 1280px;\">\n<dt class=\"wp-caption-dt\"><a href=\"https:\/\/xrei.com\/images\/ruas-de-alfama.jpg\" data-mce-href=\"https:\/\/xrei.com\/images\/ruas-de-alfama.jpg\"><img loading=\"lazy\" decoding=\"async\" class=\"size-full wp-image-2084\" src=\"https:\/\/xrei.com\/images\/ruas-de-alfama.jpg\" alt=\"Vie tradizionali di Alfama, con edifici storici\" width=\"1280\" height=\"853\" data-mce-src=\"https:\/\/xrei.com\/images\/ruas-de-alfama.jpg\" srcset=\"https:\/\/xrei.com\/images\/ruas-de-alfama.jpg 1280w, https:\/\/xrei.com\/images\/ruas-de-alfama-980x653.jpg 980w, https:\/\/xrei.com\/images\/ruas-de-alfama-480x320.jpg 480w\" sizes=\"(min-width: 0px) and (max-width: 480px) 480px, (min-width: 481px) and (max-width: 980px) 980px, (min-width: 981px) 1280px, 100vw\" \/><\/a><\/dt>\n<dd class=\"wp-caption-dd\">Vie tradizionali di Alfama, con edifici storici<\/dd>\n<\/dl>\n<\/div>\n<p><strong>Alfama<\/strong> era uno dei quartieri ebraici della citt\u00e0. Il nome Alfama deriva dalla parola araba &#8220;Al-Hamma&#8221;, che significa bagni caldi o terme. Fino all&#8217;inizio del ventesimo secolo Alfama era noto per le fonti di trattamento delle malattie delle acque sotterranee, con propriet\u00e0 curative e temperature che raggiungevano i 40 \u00b0 C. I musulmani hanno diviso Alfama in due zone:<\/p>\n<ol>\n<li><em>Alfama do Alto<\/em>, luogo in cui viveva l&#8217;aristocrazia, e;<\/li>\n<li><em>Alfama do Mar<\/em>, il luogo pi\u00f9 vicino al fiume, dove vivevano le persone.<br \/>Alfama era il luogo in cui i musulmani vissero per la prima volta, e in seguito ebrei dopo la riconquista cristiana. Dal Medioevo in poi, Alfama entr\u00f2 in un declino che dur\u00f2 fino alla seconda met\u00e0 del 20 \u00b0 secolo. Alfama era un quartiere con grande criminalit\u00e0 fino agli anni &#8217;90, quando inizi\u00f2 a riprendersi. Attualmente, \u00e8 uno dei quartieri pi\u00f9 ricercati da vivere e visitare a causa della sicurezza e della riabilitazione che \u00e8 stata fatta in questi anni. Al giorno d&#8217;oggi, \u00e8 possibile passeggiare per le stesse stradine strette e tortuose, attraverso i numerosi vicoli e vicoli, attraverso le varie scale esistenti sin dalla fondazione e che consentono di arrampicarsi in direzione di Castelo de S\u00e3o Jorge o Gra\u00e7a e scendere al fiume Tago o Baixa. Le strade pi\u00f9 importanti sono Rua dos Rem\u00e9dios, Rua de S\u00e3o Tom\u00e9 e Rua de S\u00e3o Pedro. Le piazze pi\u00f9 importanti sono Campo das Cebolas, Largo de S\u00e3o Miguel e Largo do Chafariz de Dentro. Alfama \u00e8 uno dei luoghi della citt\u00e0, insieme a Mouraria e Bairro Alto, dove \u00e8 possibile ascoltare il fado, uno stile musicale portoghese che qualcuno ha chiamato il blues del Portogallo. Alfama \u00e8 anche il sito della Cattedrale di Lisbona e alcuni dei punti panoramici pi\u00f9 belli della capitale portoghese: Miradouro das Portas do Sol, Miradouro de Santa Luzia e Miradouro de Santo Est\u00eav\u00e3o.<br \/>Un&#8217;ottima alternativa per visitare Alfama \u00e8 sul tram 28, che attraversa la vecchia Lisbona.<\/li>\n<\/ol>\n<h2 id=\"urbanismo-di-alfama\"><span class=\"ez-toc-section\" id=\"Urbanismo_di_Alfama\"><\/span>Urbanismo di Alfama<span class=\"ez-toc-section-end\"><\/span><\/h2>\n<p>Alfama veniva costruito in base alle esigenze della popolazione, senza un piano urbano. \u00c8 un quartiere labirintico con stradine tortuose e strette, numerosi vicoli e scale che consentono di salire in direzione di Gra\u00e7a e Castelo de S\u00e3o Jorge o in direzione del fiume Tago e Baixa de Lisboa. I punti salienti di Alfama sono: <strong>rua de S\u00e3o Tom\u00e9<\/strong>, dove si trova il segnale stradale pi\u00f9 antico <em>a Lisbona<\/em>, <em>rua dos Rem\u00e9dios<\/em>, <em>rua do quartiere<\/em>, il <em>Rua de S\u00e3o Pedro<\/em>, noto come la boh\u00e9mien Alfama street e il luogo in cui si trova il maggior numero di case di fado di Alfama, il <em>Campo das Cebolas<\/em>, dove la &#8220;Casa dos Bicos&#8221;, sede della Fondazione Jos\u00e9 Saramago (Premio Nobel per la letteratura portoghese) il <em>Largo de S\u00e3o Miguel<\/em>, dove si trova la chiesa di S\u00e3o Miguel, la chiesa pi\u00f9 importante del quartiere, le installazioni future del <em>Museo ebraico di Lisbona<\/em> e il <em>Largo do Chafariz de Dentro<\/em> (porta d&#8217;ingresso Alfama) che d\u00e0 accesso a Rua dos Rem\u00e9dios, a Rua de S\u00e3o Pedro dove si trova il Museo del Fado.<\/p>\n<p>Curiosit\u00e0 di Alfama<\/p>\n<ul>\n<li>Nel 2002 c&#8217;\u00e8 stato un progetto, che non \u00e8 andato avanti, per riabilitare tutte le fonti di Alfama;<\/li>\n<li>Esiste una localit\u00e0 in Israele, chiamata al-Alhaman (Alfama) nota per le sue acque termali;<\/li>\n<li>\u00c8 ad Alfama, in via S\u00e3o Tom\u00e9, che \u00e8 il pi\u00f9 antico segnale stradale del Portogallo, risalente al 1686;<\/li>\n<li>Alfama aveva quattro case termali nel XIX secolo: Alca\u00e7arias do Duque, Alca\u00e7arias do Dona Clara, Alca\u00e7arias do Baptista e Banhos do Doutor;<\/li>\n<li>La regina Dona Maria I era abituale alle terme di Alfama;<\/li>\n<li>\u00c8 ad Alfama che si tiene una delle pi\u00f9 grandi fiere di libero scambio di Lisbona: la <strong>Feira da Ladra<\/strong>;<\/li>\n<li>Ad Alfama ci sono venditori ambulanti che vendono &#8220;ginginha&#8221; davanti a case private.<\/li>\n<\/ul>\n<h2 id=\"alfama-s-quick-facts\"><span class=\"ez-toc-section\" id=\"Alfamas_Quick_Facts\"><\/span>Alfama&#8217;s Quick Facts<span class=\"ez-toc-section-end\"><\/span><\/h2>\n<ul>\n<li>Alfama ha circa diecimila abitanti;<\/li>\n<li>Principali attivit\u00e0 economiche: turismo, ristoranti e pesca.<\/li>\n<\/ul>\n<h2 id=\"posizione-della-parrocchia-di-santa-maira-maior-alfama-sulla-mappa-di-lisbona\"><span class=\"ez-toc-section\" id=\"Posizione_della_Parrocchia_di_Santa_Maira_Maior_Alfama_sulla_mappa_di_Lisbona\"><\/span>Posizione della Parrocchia di Santa Maira Maior (Alfama) sulla mappa di Lisbona<span class=\"ez-toc-section-end\"><\/span><\/h2>\n<pre><code class=\"lang-clojure\"><\/code><\/pre>\n<div class=\"mceTemp\">\n<dl id=\"attachment_2443\" class=\"wp-caption alignnone\" style=\"width: 1280px;\" data-mce-style=\"width: 1280px;\">\n<dt class=\"wp-caption-dt\"><a href=\"https:\/\/xrei.com\/images\/mapa-santa-maria-maior.jpg\" data-mce-href=\"https:\/\/xrei.com\/images\/mapa-santa-maria-maior.jpg\"><img loading=\"lazy\" decoding=\"async\" class=\"size-full wp-image-2443\" src=\"https:\/\/xrei.com\/images\/mapa-santa-maria-maior.jpg\" alt=\"Posizione della parrocchia di Santa Maria Maior sulla mappa di Lisbona\" width=\"1280\" height=\"1280\" data-mce-src=\"https:\/\/xrei.com\/images\/mapa-santa-maria-maior.jpg\" srcset=\"https:\/\/xrei.com\/images\/mapa-santa-maria-maior.jpg 1280w, https:\/\/xrei.com\/images\/mapa-santa-maria-maior-980x980.jpg 980w, https:\/\/xrei.com\/images\/mapa-santa-maria-maior-480x480.jpg 480w\" sizes=\"(min-width: 0px) and (max-width: 480px) 480px, (min-width: 481px) and (max-width: 980px) 980px, (min-width: 981px) 1280px, 100vw\" \/><\/a><\/dt>\n<dd class=\"wp-caption-dd\">Posizione della parrocchia di Santa Maria Maior sulla mappa di Lisbona<span style=\"font-family: &quot;Courier New&quot;, monospace;\">\ufeff<\/span><\/dd>\n<\/dl>\n<\/div>\n<pre><code class=\"lang-clojure\"><\/code><\/pre>\n","protected":false},"excerpt":{"rendered":"<p>Alfama con design in pietra portoghese della cantante di fado Am\u00e1lida Rodrigues Alfama Alfama \u00e8 il quartiere pi\u00f9 antico di Lisbona e il secondo pi\u00f9 antico d&#8217;Europa. Alfama \u00e8 un quartiere dove puoi tornare a Lisbona nel Medioevo e, allo stesso tempo, sentire la modernit\u00e0 che accompagna la capitale portoghese. Situato su una collina di [&hellip;]<\/p>\n","protected":false},"author":1,"featured_media":2030,"comment_status":"closed","ping_status":"open","sticky":false,"template":"","format":"standard","meta":{"_et_pb_use_builder":"","_et_pb_old_content":"","_et_gb_content_width":"","footnotes":""},"categories":[152],"tags":[],"class_list":["post-342","post","type-post","status-publish","format-standard","has-post-thumbnail","hentry","category-centro-storico"],"_links":{"self":[{"href":"https:\/\/xrei.com\/it\/wp-json\/wp\/v2\/posts\/342","targetHints":{"allow":["GET"]}}],"collection":[{"href":"https:\/\/xrei.com\/it\/wp-json\/wp\/v2\/posts"}],"about":[{"href":"https:\/\/xrei.com\/it\/wp-json\/wp\/v2\/types\/post"}],"author":[{"embeddable":true,"href":"https:\/\/xrei.com\/it\/wp-json\/wp\/v2\/users\/1"}],"replies":[{"embeddable":true,"href":"https:\/\/xrei.com\/it\/wp-json\/wp\/v2\/comments?post=342"}],"version-history":[{"count":0,"href":"https:\/\/xrei.com\/it\/wp-json\/wp\/v2\/posts\/342\/revisions"}],"wp:featuredmedia":[{"embeddable":true,"href":"https:\/\/xrei.com\/it\/wp-json\/wp\/v2\/media\/2030"}],"wp:attachment":[{"href":"https:\/\/xrei.com\/it\/wp-json\/wp\/v2\/media?parent=342"}],"wp:term":[{"taxonomy":"category","embeddable":true,"href":"https:\/\/xrei.com\/it\/wp-json\/wp\/v2\/categories?post=342"},{"taxonomy":"post_tag","embeddable":true,"href":"https:\/\/xrei.com\/it\/wp-json\/wp\/v2\/tags?post=342"}],"curies":[{"name":"wp","href":"https:\/\/api.w.org\/{rel}","templated":true}]}}