{"id":306,"date":"2020-08-08T08:08:00","date_gmt":"2020-08-08T08:08:00","guid":{"rendered":"https:\/\/foiv.com\/imobiliarialisboa.com\/2020\/05\/07\/parc-des-nations-parque-das-nacoes-expo\/"},"modified":"2021-09-07T17:17:28","modified_gmt":"2021-09-07T17:17:28","slug":"parc-des-nations-parque-das-nacoes-expo","status":"publish","type":"post","link":"https:\/\/xrei.com\/fr\/parc-des-nations-parque-das-nacoes-expo\/","title":{"rendered":"Parque das Na\u00e7\u00f5es, Lisbonne"},"content":{"rendered":"<div class=\"mceTemp\">\n<dl id=\"attachment_3572\" class=\"wp-caption alignnone\" style=\"width: 1280px;\" data-mce-style=\"width: 1280px;\">\n<dt class=\"wp-caption-dt\"><a href=\"https:\/\/xrei.com\/images\/parque-das-nacoes.jpg\" data-mce-href=\"https:\/\/xrei.com\/images\/parque-das-nacoes.jpg\"><img loading=\"lazy\" decoding=\"async\" class=\"size-full wp-image-3572\" src=\"https:\/\/xrei.com\/images\/parque-das-nacoes.jpg\" alt=\"Parque das Na\u00e7\u00f5es est un quartier recr\u00e9\u00e9 \u00e0 la fin des ann\u00e9es 90 dans le but d'accueillir l'exposition universelle EXPO98 qui a eu lieu \u00e0 Lisbonne en 1998. C'est actuellement le quartier le plus moderne de Lisbonne, avec des infrastructures de design contemporain dans un emplacement au bord de la rivi\u00e8re, avec d'immenses espaces autour en plein air pour vivre l'environnement paisible. Le Parque das Na\u00e7\u00f5es accueille \u00e9galement des \u00e9v\u00e9nements culturels, foires d'affaires et centre commercial\" width=\"1280\" height=\"854\" data-mce-src=\"https:\/\/xrei.com\/images\/parque-das-nacoes.jpg\" srcset=\"https:\/\/xrei.com\/images\/parque-das-nacoes.jpg 1280w, https:\/\/xrei.com\/images\/parque-das-nacoes-980x654.jpg 980w, https:\/\/xrei.com\/images\/parque-das-nacoes-480x320.jpg 480w\" sizes=\"(min-width: 0px) and (max-width: 480px) 480px, (min-width: 481px) and (max-width: 980px) 980px, (min-width: 981px) 1280px, 100vw\" \/><\/a><\/dt>\n<dd class=\"wp-caption-dd\">Parque das Na\u00e7\u00f5es est un quartier recr\u00e9\u00e9 \u00e0 la fin des ann\u00e9es 90 dans le but d&rsquo;accueillir l&rsquo;exposition universelle EXPO98 qui a eu lieu \u00e0 Lisbonne en 1998. C&rsquo;est actuellement le quartier le plus moderne de Lisbonne, avec des infrastructures de design contemporain dans un emplacement au bord de la rivi\u00e8re, avec d&rsquo;immenses espaces autour en plein air pour vivre l&rsquo;environnement paisible. Le Parque das Na\u00e7\u00f5es accueille \u00e9galement des \u00e9v\u00e9nements culturels, foires d&rsquo;affaires et centre commercial<\/dd>\n<\/dl>\n<\/div>\n<div id=\"ez-toc-container\" class=\"ez-toc-v2_0_82_2 counter-hierarchy ez-toc-counter ez-toc-light-blue ez-toc-container-direction\">\n<div class=\"ez-toc-title-container\"><p class=\"ez-toc-title\" style=\"cursor:inherit\">In this article, you will get to know about...<\/p>\n<\/div><nav><ul class='ez-toc-list ez-toc-list-level-1 ' ><li class='ez-toc-page-1 ez-toc-heading-level-2'><a class=\"ez-toc-link ez-toc-heading-1\" href=\"https:\/\/xrei.com\/fr\/parc-des-nations-parque-das-nacoes-expo\/#Parque_das_Nacoes_Parc_des_Nations\" >Parque das Na\u00e7\u00f5es (Parc des Nations)<\/a><\/li><li class='ez-toc-page-1 ez-toc-heading-level-2'><a class=\"ez-toc-link ez-toc-heading-2\" href=\"https:\/\/xrei.com\/fr\/parc-des-nations-parque-das-nacoes-expo\/#Organisation_administrative\" >Organisation administrative<\/a><\/li><li class='ez-toc-page-1 ez-toc-heading-level-2'><a class=\"ez-toc-link ez-toc-heading-3\" href=\"https:\/\/xrei.com\/fr\/parc-des-nations-parque-das-nacoes-expo\/#Attractions_a_visiter_a_Parque_das_Nacoes_top_10\" >Attractions \u00e0 visiter \u00e0 Parque das Na\u00e7\u00f5es (top 10)<\/a><ul class='ez-toc-list-level-3' ><li class='ez-toc-heading-level-3'><a class=\"ez-toc-link ez-toc-heading-4\" href=\"https:\/\/xrei.com\/fr\/parc-des-nations-parque-das-nacoes-expo\/#Autres_attractions_a_explorer_au_Parque_das_Nacoes\" >Autres attractions \u00e0 explorer au Parque das Na\u00e7\u00f5es<\/a><\/li><li class='ez-toc-page-1 ez-toc-heading-level-3'><a class=\"ez-toc-link ez-toc-heading-5\" href=\"https:\/\/xrei.com\/fr\/parc-des-nations-parque-das-nacoes-expo\/#Principales_rues_et_places_du_Parque_das_Nacoes\" >Principales rues et places du Parque das Na\u00e7\u00f5es<\/a><\/li><\/ul><\/li><li class='ez-toc-page-1 ez-toc-heading-level-2'><a class=\"ez-toc-link ez-toc-heading-6\" href=\"https:\/\/xrei.com\/fr\/parc-des-nations-parque-das-nacoes-expo\/#Etablissements_denseignement_a_Parque_das_Nacoes\" >\u00c9tablissements d&rsquo;enseignement \u00e0 Parque das Na\u00e7\u00f5es<\/a><\/li><li class='ez-toc-page-1 ez-toc-heading-level-2'><a class=\"ez-toc-link ez-toc-heading-7\" href=\"https:\/\/xrei.com\/fr\/parc-des-nations-parque-das-nacoes-expo\/#Developpements_touristiques_au_Parque_das_Nacoes\" >D\u00e9veloppements touristiques au Parque das Na\u00e7\u00f5es<\/a><\/li><li class='ez-toc-page-1 ez-toc-heading-level-2'><a class=\"ez-toc-link ez-toc-heading-8\" href=\"https:\/\/xrei.com\/fr\/parc-des-nations-parque-das-nacoes-expo\/#Endroits_pour_faire_du_shopping_a_Parque_das_Nacoes\" >Endroits pour faire du shopping \u00e0 Parque das Na\u00e7\u00f5es<\/a><\/li><li class='ez-toc-page-1 ez-toc-heading-level-2'><a class=\"ez-toc-link ez-toc-heading-9\" href=\"https:\/\/xrei.com\/fr\/parc-des-nations-parque-das-nacoes-expo\/#Transport_et_acces_au_Parque_das_Nacoes\" >Transport et acc\u00e8s au Parque das Na\u00e7\u00f5es<\/a><\/li><li class='ez-toc-page-1 ez-toc-heading-level-2'><a class=\"ez-toc-link ez-toc-heading-10\" href=\"https:\/\/xrei.com\/fr\/parc-des-nations-parque-das-nacoes-expo\/#Localisation_de_la_paroisse_de_Parque_das_Nacoes_sur_la_carte_de_Lisbonne\" >Localisation de la paroisse de Parque das Na\u00e7\u00f5es sur la carte de Lisbonne<\/a><\/li><li class='ez-toc-page-1 ez-toc-heading-level-2'><a class=\"ez-toc-link ez-toc-heading-11\" href=\"https:\/\/xrei.com\/fr\/parc-des-nations-parque-das-nacoes-expo\/#Parque_das_Nacoes_est_situe_%E2%80%A6\" >Parque das Na\u00e7\u00f5es est situ\u00e9 &#8230;<\/a><\/li><\/ul><\/nav><\/div>\n<h2><span class=\"ez-toc-section\" id=\"Parque_das_Nacoes_Parc_des_Nations\"><\/span>Parque das Na\u00e7\u00f5es (Parc des Nations)<span class=\"ez-toc-section-end\"><\/span><\/h2>\n<p>Le Parque das Na\u00e7\u00f5es est un quartier r\u00e9cent recr\u00e9\u00e9 \u00e0 la fin des ann\u00e9es 90 dans le but d&rsquo;accueillir l&rsquo;\u00e9v\u00e9nement EXPO98, l&rsquo;exposition mondiale qui a eu lieu \u00e0 Lisbonne en 1998, o\u00f9 la plupart des pays du monde \u00e9taient repr\u00e9sent\u00e9s, avec leurs cultures et leurs spectacles. Le Parque das Na\u00e7\u00f5es est le quartier le plus moderne de la ville de Lisbonne, avec des infrastructures de design contemporain, une partie de la ville cr\u00e9\u00e9e \u00e0 partir d&rsquo;une ancienne zone industrielle pour cr\u00e9er le nouveau quartier de la ville de Lisbonne que nous appelons Parque das Na\u00e7\u00f5es. <em> Parque das Na\u00e7\u00f5es <\/em> est int\u00e9gr\u00e9 au conseil paroissial de Parque das Na\u00e7\u00f5es, une zone industrielle ancienne et d\u00e9grad\u00e9e de Lisbonne avant l&rsquo;Expo 1998. Parque das Na\u00e7\u00f5es a \u00e9t\u00e9 transform\u00e9 en l&rsquo;un des quartiers les plus nobles et les plus recherch\u00e9s de la ville, 5 km de zone riveraine \u00e0 c\u00f4t\u00e9 du Tage, en font un endroit populaire pour les familles avec enfants, les cadres, les touristes pendant la journ\u00e9e et les jeunes pour socialiser et s&rsquo;amuser la nuit.<\/p>\n<div class=\"mceTemp\">\n<dl id=\"attachment_3578\" class=\"wp-caption alignnone\" style=\"width: 1280px;\" data-mce-style=\"width: 1280px;\">\n<dt class=\"wp-caption-dt\"><a href=\"https:\/\/xrei.com\/images\/parque-das-nacoes-espelho-de-agua.jpg\" data-mce-href=\"https:\/\/xrei.com\/images\/parque-das-nacoes-espelho-de-agua.jpg\"><img loading=\"lazy\" decoding=\"async\" class=\"size-full wp-image-3578\" src=\"https:\/\/xrei.com\/images\/parque-das-nacoes-espelho-de-agua.jpg\" alt=\"Les environnements du Parque das Na\u00e7\u00f5es sont compos\u00e9s de th\u00e8mes vari\u00e9s, \u00e0 savoir l'eau, pr\u00e9sente dans de nombreux endroits, des miroirs d'eau, aux jardins \u00e0 th\u00e8me de l'eau, \u00e0 l'Oc\u00e9anarium de Lisbonne, la proximit\u00e9 du fleuve et du centre commercial Vasco da Gama , avec plusieurs environnements li\u00e9s \u00e0 l'oc\u00e9an, y compris l'environnement relaxant de la cascade d'eau pr\u00e9sente dans le toit du b\u00e2timent\" width=\"1280\" height=\"854\" data-mce-src=\"https:\/\/xrei.com\/images\/parque-das-nacoes-espelho-de-agua.jpg\" srcset=\"https:\/\/xrei.com\/images\/parque-das-nacoes-espelho-de-agua.jpg 1280w, https:\/\/xrei.com\/images\/parque-das-nacoes-espelho-de-agua-980x654.jpg 980w, https:\/\/xrei.com\/images\/parque-das-nacoes-espelho-de-agua-480x320.jpg 480w\" sizes=\"(min-width: 0px) and (max-width: 480px) 480px, (min-width: 481px) and (max-width: 980px) 980px, (min-width: 981px) 1280px, 100vw\" \/><\/a><\/dt>\n<dd class=\"wp-caption-dd\">Les environnements du Parque das Na\u00e7\u00f5es sont compos\u00e9s de th\u00e8mes vari\u00e9s, \u00e0 savoir l&rsquo;eau, pr\u00e9sente dans de nombreux endroits, des miroirs d&rsquo;eau, aux jardins \u00e0 th\u00e8me de l&rsquo;eau, \u00e0 l&rsquo;Oc\u00e9anarium de Lisbonne, la proximit\u00e9 du fleuve et du centre commercial Vasco da Gama , avec plusieurs environnements li\u00e9s \u00e0 l&rsquo;oc\u00e9an, y compris l&rsquo;environnement relaxant de la cascade d&rsquo;eau pr\u00e9sente dans le toit du b\u00e2timent<\/dd>\n<\/dl>\n<\/div>\n<p>L&rsquo;Expo, comme on l&rsquo;appelle \u00e9galement, est l&rsquo;un des principaux lieux de vie nocturne de la capitale portugaise en raison de la rue des bars et des clubs qui s&rsquo;y trouvent. Le Parque das Na\u00e7\u00f5es est tr\u00e8s recherch\u00e9 par les amateurs d&rsquo;architecture contemporaine en raison des diff\u00e9rents b\u00e2timents de l&rsquo;architecture moderne, \u00e0 savoir le Pavillon portugais par \u00c1lvaro Siza Vieira, l&rsquo;Oc\u00e9anarium de Lisbonne par Peter Chermayeff, le Pavillon Atlantique par Regino Cruz , Teatro Cam\u00f5es de Manuel Salgado et Gare do Oriente de Santiago Calatrava;<\/p>\n<div class=\"mceTemp\">\n<dl id=\"attachment_3590\" class=\"wp-caption alignnone\" style=\"width: 1280px;\" data-mce-style=\"width: 1280px;\">\n<dt class=\"wp-caption-dt\"><a href=\"https:\/\/xrei.com\/images\/pavilhao-de-portugal.jpg\" data-mce-href=\"https:\/\/xrei.com\/images\/pavilhao-de-portugal.jpg\"><img loading=\"lazy\" decoding=\"async\" class=\"size-full wp-image-3590\" src=\"https:\/\/xrei.com\/images\/pavilhao-de-portugal.jpg\" alt=\"Pavilh\u00e3o de Portugal est un b\u00e2timent class\u00e9 Monument d'Int\u00e9r\u00eat Public en raison du projet de l'architecte Siza Vieira qui se compose d'une place couverte par le plus grand pic de b\u00e9ton suspendu par des c\u00e2bles d'acier, d\u00e9limit\u00e9 par deux portiques en b\u00e9ton. L'id\u00e9e est bas\u00e9e sur l'id\u00e9e d'une feuille de papier reposant sur deux briques. Ce travail a remport\u00e9 le prix Valmor en 1998. Actuellement, le Pavilh\u00e3o de Portugal est responsable de l'Universit\u00e9 de Lisbonne, qui alloue un espace \u00e0 une activit\u00e9 dans des domaines tels que l'\u00e9ducation, la recherche scientifique, la promotion des connaissances et la pr\u00e9sentation \u00e0 la soci\u00e9t\u00e9 ouvri\u00e8re qui est d\u00e9velopp\u00e9 par l'Universit\u00e9.\" width=\"1280\" height=\"854\" data-mce-src=\"https:\/\/xrei.com\/images\/pavilhao-de-portugal.jpg\" srcset=\"https:\/\/xrei.com\/images\/pavilhao-de-portugal.jpg 1280w, https:\/\/xrei.com\/images\/pavilhao-de-portugal-980x654.jpg 980w, https:\/\/xrei.com\/images\/pavilhao-de-portugal-480x320.jpg 480w\" sizes=\"(min-width: 0px) and (max-width: 480px) 480px, (min-width: 481px) and (max-width: 980px) 980px, (min-width: 981px) 1280px, 100vw\" \/><\/a><\/dt>\n<dd class=\"wp-caption-dd\">Pavilh\u00e3o de Portugal est un b\u00e2timent class\u00e9 Monument d&rsquo;Int\u00e9r\u00eat Public en raison du projet de l&rsquo;architecte Siza Vieira qui se compose d&rsquo;une place couverte par le plus grand pic de b\u00e9ton suspendu par des c\u00e2bles d&rsquo;acier, d\u00e9limit\u00e9 par deux portiques en b\u00e9ton. L&rsquo;id\u00e9e est bas\u00e9e sur l&rsquo;id\u00e9e d&rsquo;une feuille de papier reposant sur deux briques. Ce travail a remport\u00e9 le prix Valmor en 1998. Actuellement, le Pavilh\u00e3o de Portugal est responsable de l&rsquo;Universit\u00e9 de Lisbonne, qui alloue un espace \u00e0 une activit\u00e9 dans des domaines tels que l&rsquo;\u00e9ducation, la recherche scientifique, la promotion des connaissances et la pr\u00e9sentation \u00e0 la soci\u00e9t\u00e9 ouvri\u00e8re qui est d\u00e9velopp\u00e9 par l&rsquo;Universit\u00e9.<\/dd>\n<\/dl>\n<\/div>\n<p>pour les amoureux de la nature, le Parque das Na\u00e7\u00f5es compte environ un tiers du territoire peupl\u00e9 de jardins et d&rsquo;espaces verts d&rsquo;art urbain, \u00e0 savoir l&rsquo;Alameda dos Oceanos, les jardins Garcia d&rsquo;Orta et les jardins suspendus; b\u00e2timents avec des dessins d&rsquo;Ant\u00f3nio Segui, Arthur Boyd et Err\u00f3, ou avec des \u0153uvres d&rsquo;Adalgisa Duarte, Ant\u00f3nio Vidigal et Jo\u00e3o Cutileiro sur les avenues et les trottoirs<\/p>\n<div class=\"mceTemp\">\n<dl id=\"attachment_3611\" class=\"wp-caption alignnone\" style=\"width: 1280px;\" data-mce-style=\"width: 1280px;\">\n<dt class=\"wp-caption-dt\"><a href=\"https:\/\/xrei.com\/images\/torre-vasco-da-gama.jpg\" data-mce-href=\"https:\/\/xrei.com\/images\/torre-vasco-da-gama.jpg\"><img loading=\"lazy\" decoding=\"async\" class=\"size-full wp-image-3611\" src=\"https:\/\/xrei.com\/images\/torre-vasco-da-gama.jpg\" alt=\"La tour Vasco da Gama est le plus haut gratte-ciel du Portugal, une tour de structure mixte d'une hauteur d'environ 140 m. L'architecture de Leonor Janeiro, Nick Jacobs et SOM - Skidmore, Owings et Merrill) a \u00e9t\u00e9 inspir\u00e9e par la forme des voiles d'une caravelle, avec la structure de la rivi\u00e8re. Lors de l'exposition EXPO98, un restaurant de luxe avec vue panoramique sur le Tage a fonctionn\u00e9 au sommet de la tour. La tour fonctionne actuellement comme un h\u00f4tel de luxe dans la cha\u00eene SANA Hot\u00e9is, avec un nouveau b\u00e2timent ajout\u00e9 \u00e0 la tour initiale\" width=\"1280\" height=\"894\" data-mce-src=\"https:\/\/xrei.com\/images\/torre-vasco-da-gama.jpg\" srcset=\"https:\/\/xrei.com\/images\/torre-vasco-da-gama.jpg 1280w, https:\/\/xrei.com\/images\/torre-vasco-da-gama-980x684.jpg 980w, https:\/\/xrei.com\/images\/torre-vasco-da-gama-480x335.jpg 480w\" sizes=\"(min-width: 0px) and (max-width: 480px) 480px, (min-width: 481px) and (max-width: 980px) 980px, (min-width: 981px) 1280px, 100vw\" \/><\/a><\/dt>\n<dd class=\"wp-caption-dd\">La tour Vasco da Gama est le plus haut gratte-ciel du Portugal, une tour de structure mixte d&rsquo;une hauteur d&rsquo;environ 140 m. L&rsquo;architecture de Leonor Janeiro, Nick Jacobs et SOM &#8211; Skidmore, Owings et Merrill) a \u00e9t\u00e9 inspir\u00e9e par la forme des voiles d&rsquo;une caravelle, avec la structure de la rivi\u00e8re. Lors de l&rsquo;exposition EXPO98, un restaurant de luxe avec vue panoramique sur le Tage a fonctionn\u00e9 au sommet de la tour. La tour fonctionne actuellement comme un h\u00f4tel de luxe dans la cha\u00eene SANA Hot\u00e9is, avec un nouveau b\u00e2timent ajout\u00e9 \u00e0 la tour initiale<\/dd>\n<\/dl>\n<\/div>\n<p>Le Parque das Na\u00e7\u00f5es est l&rsquo;un des principaux points d&rsquo;arriv\u00e9e et de d\u00e9part du transport de passagers \u00e0 Lisbonne, avec des trains (de banlieue et longue distance), des bus, du m\u00e9tro (avec une connexion directe \u00e0 l&rsquo;a\u00e9roport de Lisbonne) et des taxis. Le Parque das Na\u00e7\u00f5es est un lieu moderne, cosmopolite et multiculturel, o\u00f9 vous pouvez vous promener, faire du sport, faire des affaires et vivre en toute s\u00e9curit\u00e9.<\/p>\n<h2 id=\"organisation-administrative\"><span class=\"ez-toc-section\" id=\"Organisation_administrative\"><\/span>Organisation administrative<span class=\"ez-toc-section-end\"><\/span><\/h2>\n<p>Parque das Na\u00e7\u00f5es est g\u00e9r\u00e9 par le conseil paroissial de Parque das Na\u00e7\u00f5es.<\/p>\n<h2 id=\"attractions-visiter-parque-das-na-es-top-10-\"><span class=\"ez-toc-section\" id=\"Attractions_a_visiter_a_Parque_das_Nacoes_top_10\"><\/span>Attractions \u00e0 visiter \u00e0 Parque das Na\u00e7\u00f5es (top 10)<span class=\"ez-toc-section-end\"><\/span><\/h2>\n<ol>\n<li><strong>Ocean\u00e1rio de Lisboa<\/strong> est l&rsquo;un des plus grands aquariums publics au monde, situ\u00e9 sur l&rsquo;Esplanada Dom Carlos I. Ocean\u00e1rio de Lisboa a \u00e9t\u00e9 inaugur\u00e9 en 1998 avec un projet de l&rsquo;architecte Peter Chermayeff avec l&rsquo;objectif attirer l&rsquo;attention du public sur la surexploitation des oc\u00e9ans, pr\u00e9sentant les attraits suivants:\n<ul>\n<li>Aquarium central avec environ 5 millions de litres d&rsquo;eau sal\u00e9e;<\/li>\n<li>Plus d&rsquo;un million de visiteurs par an;<\/li>\n<li>Exposition sur les for\u00eats submerg\u00e9es par Takashi Amano;<\/li>\n<li>Animaux d&rsquo;oc\u00e9anarium &#8211; avec plus de 25 000 esp\u00e8ces, \u00e0 savoir loutres de mer, pingouins de Magellan, pingouins sauteurs de roches, an\u00e9mones et requins.<\/li>\n<\/ul>\n<\/li>\n<li><strong>Casino de Lisboa<\/strong> est le plus grand casino du Portugal, situ\u00e9 \u00e0 Alameda dos Oceanos. Le Casino de Lisboa a \u00e9t\u00e9 ouvert en 2006, recevant environ deux millions de visiteurs par an, avec les points forts suivants:\n<ul>\n<li><strong>3 restaurants du Casino de Lisboa<\/strong> sont: <strong>Le Buffet<\/strong>, un restaurant avec buffet de sp\u00e9cialit\u00e9s portugaises; <strong>Hua Ta Li<\/strong> &#8211; restaurant de luxe avec cuisine chinoise; <strong>BelTejo<\/strong> &#8211; espace pour les anniversaires, galas, r\u00e9unions ou d\u00eeners.<\/li>\n<li><strong>4 bars du Casino de Lisboa<\/strong> sont: Arena Lounge; Paly Bar; Joker Bar; Bar Baccarat.<\/li>\n<li><strong>2 lieux de spectacles<\/strong>:<\/li>\n<li>\n<ul>\n<li><strong>Arena Lounge<\/strong> la salle o\u00f9 se tiennent les spectacles de cirque et de musique en direct;<\/li>\n<\/ul>\n<\/li>\n<li>\n<ul>\n<li><strong>Audit\u00f3rio dos Oceanos<\/strong>, l&rsquo;espace privil\u00e9gi\u00e9 pour l&rsquo;exposition de pi\u00e8ces de th\u00e9\u00e2tre.<\/li>\n<\/ul>\n<\/li>\n<li><strong>1100 machines \u00e0 sous <\/strong><\/li>\n<li><strong>Roulette Stands<\/strong>, <strong>Blackjack<\/strong>, <strong>Caribbean Stud Poker<\/strong>, <strong>French Banking<\/strong> and <strong>Ponto e Banca<\/strong>.<\/li>\n<\/ul>\n<\/li>\n<li><strong>Vasco da Gama Shopping Center<\/strong> est un centre commercial avec beaucoup de lumi\u00e8re naturelle gr\u00e2ce \u00e0 la construction moderne en verre, avec 4 \u00e9tages de boutiques et de restaurants avec de grands espaces, plusieurs \u00e9tages de stationnement, situ\u00e9 dans Avenida Dom Jo\u00e3o II. Le centre commercial Vasco da Gama a \u00e9t\u00e9 ouvert en 1999, con\u00e7u pour honorer le navigateur Vasco da Gama, avec les attractions suivantes: 170 magasins avec 2 \u00e9tages de restaurants, avec les principales marques de pr\u00eat-\u00e0-porter, de lecture, de technologie et d&rsquo;hypermarch\u00e9; 6 salles de cin\u00e9ma; 1 club de sant\u00e9.<\/li>\n<li><strong>Pavillon de Portugal<\/strong> est un <em> espace multiculturel g\u00e9r\u00e9 par l&rsquo;Universit\u00e9 de Lisbonne<\/em>, situ\u00e9 \u00e0 Alameda dos Oceanos. Le Pavillon du Portugal a \u00e9t\u00e9 inaugur\u00e9 en 1998 avec un projet de l&rsquo;architecte \u00c1lvaro Siza Vieira, pr\u00e9sentant les points d&rsquo;int\u00e9r\u00eat suivants:\n<ul>\n<li>Pra\u00e7a central utilizada para cerim\u00f3nias oficiais e outros eventos p\u00fablicos com aproximadamente 60 por 50 metros;<\/li>\n<li>Pala em bet\u00e3o pr\u00e9-armado com 1400 toneladas de peso, um dos grandes projetos inovadores do Arquiteto Siza Vieira; e o Centro de Exposi\u00e7\u00f5es.<\/li>\n<\/ul>\n<\/li>\n<li><strong>Pavilh\u00e3o do Conhecimento<\/strong> est l&rsquo;espace o\u00f9 se trouve le <strong>Centro Ci\u00eancia Viva<\/strong> du Parque das Na\u00e7\u00f5es, situ\u00e9 \u00e0 Largo Jos\u00e9 Mariano Gago. Le Pavillon de la connaissance a \u00e9t\u00e9 ouvert en 1998 avec un projet de l&rsquo;architecte Carrilho da Gra\u00e7a, puis converti en Centro Ci\u00eancia Viva, un <em> mus\u00e9e interactif des sciences <\/em>. Le Centre Ci\u00eancia Viva a plusieurs activit\u00e9s et espaces, \u00e0 savoir: Circuits Ci\u00eancia Viva; Auditorium; Biblioth\u00e8que; Caf\u00e9t\u00e9ria; Exposition accrue \u00e0 la pratique; Exposition Explora; Exposition des modules d&rsquo;\u00e9vasion; Exposition Femmes et sciences; Academia Ci\u00eancia Viva.<\/li>\n<li><strong>Le th\u00e9\u00e2tre Cam\u00f5es<\/strong> est un espace culturel o\u00f9 se d\u00e9roulent diverses repr\u00e9sentations, situ\u00e9 dans le Parque das Na\u00e7\u00f5es, pr\u00e8s de l&rsquo;Ocean\u00e1rio. Le Teatro Cam\u00f5es a \u00e9t\u00e9 ouvert en 1998 avec un projet de l&rsquo;architecte Manuel Salgado, pr\u00e9sentant les points d&rsquo;int\u00e9r\u00eat suivants: une fa\u00e7ade en verre face au Tage; un Auditorium de 873 places; et l&rsquo;Espace Orchestra, 16 m\u00e8tres de large et 5,5 m\u00e8tres de profondeur.<\/li>\n<li><strong>Jardin Alameda dos Oceanos<\/strong> est un centre commercial d&rsquo;environ deux kilom\u00e8tres de long, situ\u00e9 \u00e0 Alameda dos Oceanos. Le jardin a \u00e9t\u00e9 ouvert en 1998, avec trois chemins diff\u00e9rents, \u00e0 savoir:\n<ul>\n<li><strong>Chemin Sul<\/strong> situ\u00e9 entre Torre da Galp et Rotunda do Cabe\u00e7o das Rolas;<\/li>\n<li><strong>Chemin de Gare do Oriente<\/strong> est le chemin le plus large et bois\u00e9 situ\u00e9 \u00e0 proximit\u00e9 de la Gare do Oriente et du Pavilh\u00e3o de Portugal;<\/li>\n<li><strong>Caminho Norte<\/strong> \u00e9 o caminho com fontes, jogos de \u00e1gua e canteiros de arbustos.<\/li>\n<\/ul>\n<\/li>\n<li><strong>T\u00e9l\u00e9cabine Lisboa<\/strong> est un t\u00e9l\u00e9ph\u00e9rique, situ\u00e9 \u00e0 Parque das Na\u00e7\u00f5es qui longe tout le littoral de l&rsquo;exposition, avec une connexion entre l&rsquo;ancienne tour Vasco da Gama et l&rsquo;oc\u00e9anarium. Le t\u00e9l\u00e9ph\u00e9rique a \u00e9t\u00e9 inaugur\u00e9 en 1998, avec quarante cabines d&rsquo;une capacit\u00e9 de huit passagers, offrant une vue sur le Parque das Na\u00e7\u00f5es et le Tage dans un voyage de 8 \u00e0 12 minutes sur une longueur de 1230 m\u00e8tres, \u00e0 30 m\u00e8tres de hauteur.<\/li>\n<li><strong>Esta\u00e7\u00e3o do Oriente<\/strong> est une station d&rsquo;architecture moderne qui abrite les stations de train, de bus et de m\u00e9tro, situ\u00e9e sur l&rsquo;Avenida Dom Jo\u00e3o II. La gare d&rsquo;Oriente a \u00e9t\u00e9 ouverte en 1998 avec un projet de l&rsquo;architecte Santiago Calatrava, \u00e9tant l&rsquo;une des interfaces de transport les plus importantes de la ville de Lisbonne, car elle est desservie par train, bus, m\u00e9tro et taxis. L&rsquo;Esta\u00e7\u00e3o do Oriente a re\u00e7u le <strong>prix d&rsquo;architecture Brunel en 1998<\/strong>, avec le couvercle en verre au dernier \u00e9tage comme point culminant.<\/li>\n<li><strong>MEO ARENA (Pavilh\u00e3o Atl\u00e2ntico)<\/strong> est le plus grand pavillon d&rsquo;\u00e9v\u00e9nements et de spectacles du pays, situ\u00e9 \u00e0 Rossio dos Olivais. MEO ARENA (Pavilh\u00e3o Atl\u00e2ntico) a \u00e9t\u00e9 inaugur\u00e9 en 1998 avec un projet de l&rsquo;architecte Regino Cruz et du bureau international Skidmore, Owings et Merril. MEO ARENA (Pavilh\u00e3o Atl\u00e2ntico) a \u00e9t\u00e9 le th\u00e9\u00e2tre de plusieurs concerts de musique nationaux et internationaux, d&rsquo;\u00e9v\u00e9nements commerciaux et municipaux et d&rsquo;\u00e9v\u00e9nements politiques.<\/li>\n<\/ol>\n<h3 id=\"autres-attractions-explorer-au-parque-das-na-es\"><span class=\"ez-toc-section\" id=\"Autres_attractions_a_explorer_au_Parque_das_Nacoes\"><\/span>Autres attractions \u00e0 explorer au Parque das Na\u00e7\u00f5es<span class=\"ez-toc-section-end\"><\/span><\/h3>\n<ul>\n<li><strong>Le pont Vasco da Gama<\/strong> est le plus grand pont d&rsquo;Europe et le quatri\u00e8me plus vaste du monde, avec une connexion entre Lisbonne et Montijo. Le pont Vasco da Gama a \u00e9t\u00e9 inaugur\u00e9 en 1998 avec le nom actuel pour honorer Vasco da Gama dans l&rsquo;ann\u00e9e qui a c\u00e9l\u00e9br\u00e9 500 ans d&rsquo;arriv\u00e9e en Inde, avec un projet de TPF Consultores. Le pont Vasco da Gama pr\u00e9sente plusieurs caract\u00e9ristiques importantes, \u00e0 savoir:\n<ul>\n<li>Extension de plus de 17 km;<\/li>\n<li>Tours centrales de 150 m\u00e8tres de haut;<\/li>\n<li>Plateau \u00e0 47 m\u00e8tres au-dessus du niveau de l&rsquo;eau;<\/li>\n<li>Trois stations m\u00e9t\u00e9orologiques le long du pont;<\/li>\n<li>91 cam\u00e9ras de gestion du trafic.<\/li>\n<\/ul>\n<\/li>\n<li><strong>Parque Tejo<\/strong> est un site paysager, situ\u00e9 sur Passeio do Tejo. Le Parque Tejo a \u00e9t\u00e9 ouvert en 1998, avec une connexion entre le Parque das Na\u00e7\u00f5es et l&#8217;embouchure de la rivi\u00e8re Tranc\u00e3o. Parque Tejo a les points d&rsquo;int\u00e9r\u00eat suivants:\n<ul>\n<li>Site paysager le long du Tage;<\/li>\n<li>Zone tr\u00e8s fr\u00e9quent\u00e9e le week-end par les lisbo\u00e8tes et les touristes pour se reposer et pratiquer des activit\u00e9s sportives;<\/li>\n<li>Lieu privil\u00e9gi\u00e9 pour l&rsquo;observation des oiseaux le long de l&rsquo;estuaire du Tage.<\/li>\n<\/ul>\n<\/li>\n<li><strong>Rossio dos Olivais<\/strong> est le centre du Parque das Na\u00e7\u00f5es, situ\u00e9 entre le centre commercial Vasco da Gama et le pavillon Atlantique. Rossio dos Olivais est connu pour la pr\u00e9sence des drapeaux des pays qui ont particip\u00e9 \u00e0 l&rsquo;Exposition universelle de Lisbonne en 1998, pour le couloir d&rsquo;eau et pour le grand nombre d&rsquo;arbres plant\u00e9s.<\/li>\n<li><strong>Marina do Parque das Na\u00e7\u00f5es<\/strong> est l&rsquo;une des plus r\u00e9centes marinas de la ville de Lisbonne, situ\u00e9e \u00e0 Rua Rio Tejo. La marina a une capacit\u00e9 de 602 places pour des bateaux jusqu&rsquo;\u00e0 25 m\u00e8tres dans le bassin sud et des croisi\u00e8res ou des m\u00e9ga yachts jusqu&rsquo;\u00e0 230 m\u00e8tres \u00e0 Ponte Cais. La marina offre les services suivants: soutien aux marins; Hypermarch\u00e9 avec livraison d&rsquo;achats directs sur le bateau; Blanchisserie; Livres et films \u00e0 l&rsquo;usage des clients; Les banques; Soins de sant\u00e9; Location de v\u00e9los; F\u00eates d&rsquo;anniversaire.<\/li>\n<li><strong>Sky Bar Oriente<\/strong> est un toit situ\u00e9 \u00e0 Avenida Dom Jo\u00e3o II. Le Sky Bar Oriente offre une vue panoramique sur le Tage et le Parque das Na\u00e7\u00f5es; et le bar panoramique.<\/li>\n<li><strong>Tour de Galp<\/strong> est une ancienne tour de p\u00e9trole situ\u00e9e \u00e0 Rua Tom\u00e1s da Fonseca. La tour Galp est un exemple d&rsquo;arch\u00e9ologie industrielle, r\u00e9cup\u00e9r\u00e9e pour l&rsquo;exposition universelle de Lisbonne en 1998 pour se souvenir de la p\u00e9riode o\u00f9 le Parque das Na\u00e7\u00f5es \u00e9tait une raffinerie de p\u00e9trole.<\/li>\n<li><strong>LX Skate Park<\/strong> est un skate park, situ\u00e9 \u00e0 Parque das Na\u00e7\u00f5es. Le LX Skate Park pr\u00e9sente comme point d&rsquo;int\u00e9r\u00eat la vari\u00e9t\u00e9 des rampes et des obstacles pour les man\u0153uvres de skateboard, la qualit\u00e9 du sol pour le skateboard, la proximit\u00e9 de la promenade en bord de rivi\u00e8re du Parque das Na\u00e7\u00f5es; et la proximit\u00e9 du pont Vasco da Gama.<\/li>\n<li><strong>Jardin Cabe\u00e7o das Rolas<\/strong> est un jardin du Parque das Na\u00e7\u00f5es, situ\u00e9 sur l&rsquo;Avenida Ulisses. Le jardin Cabe\u00e7o das Rolas a la curiosit\u00e9 d&rsquo;\u00eatre \u00e0 33 m\u00e8tres au-dessus du niveau de l&rsquo;eau du Tage, ayant \u00e9t\u00e9 un lieu de passage pour les colombes. Le jardin Cabe\u00e7o das Rolas pr\u00e9sente les points d&rsquo;int\u00e9r\u00eat suivants: vue sur le Tage et le pont Vasco da Gama; Lac avec 2500 m2; Fontaines et fontaines; Plusieurs esp\u00e8ces d&rsquo;arbres, \u00e0 savoir l&rsquo;oranger, le cypr\u00e8s et l&rsquo;olivier.<\/li>\n<li><strong>Jardin Garcia d\u2019Orta<\/strong> est un jardin de flore exotique, situ\u00e9 \u00e0 Rua Alfredo Pimenta. Jardim Garcia d\u2019Orta a \u00e9t\u00e9 inaugur\u00e9 en 1998 avec un projet de l\u2019architecte paysagiste Jo\u00e3o Gomes da Silva, avec des esp\u00e8ces v\u00e9g\u00e9tales du Cap-Vert, de Goa, de S\u00e3o Tom\u00e9 et Princ\u00edpe et des A\u00e7ores et de Mad\u00e8re.<\/li>\n<li><strong>Les Jardins d\u2019\u00c1gua<\/strong> sont des espaces paysagers \u00e0 th\u00e8mes li\u00e9s \u00e0 l\u2019eau, situ\u00e9s dans la zone riveraine du Parque das Na\u00e7\u00f5es. Les Jardins d\u2019\u00c1gua ont \u00e9t\u00e9 inaugur\u00e9s en 1998, pr\u00e9sentant les points d\u2019int\u00e9r\u00eat suivants: Jardins da Palmeira; Verger m\u00e9diterran\u00e9en; Le lac d&rsquo;Ulysse; B\u00e2timent Cascade; Jardin hydraulique.<\/li>\n<li><strong>L&rsquo;h\u00f4pital CUF Descobertas<\/strong> est l&rsquo;un des h\u00f4pitaux renomm\u00e9s de la ville de Lisbonne, situ\u00e9 \u00e0 Rua M\u00e1rio Botas. L&rsquo;h\u00f4pital CUF Descobertas a \u00e9t\u00e9 ouvert en 2001, avec une capacit\u00e9 quotidienne d&rsquo;environ 1500 consultations, 2000 examens, 300 urgences, 60 op\u00e9rations, 10 accouchements et 35 patients sortis. L&rsquo;h\u00f4pital CUF Descobertas offre les espaces suivants:\n<ul>\n<li>158 lits d&rsquo;h\u00f4pital<\/li>\n<li>Salle d&rsquo;op\u00e9ration centrale avec 5 chambres<\/li>\n<li>Bloc de livraison avec 3 chambres<\/li>\n<li>116 bureaux de consultation sp\u00e9cialis\u00e9s<\/li>\n<\/ul>\n<\/li>\n<li><strong>Itin\u00e9raire d&rsquo;art urbain<\/strong>, avec les diff\u00e9rents espaces d&rsquo;exposition d&rsquo;art urbain du Parque das Na\u00e7\u00f5es, \u00e0 savoir:\n<ul>\n<li>Panneaux de tuiles par Abdoulaye Konat\u00e9;<\/li>\n<li>\u0152uvre de ngela Ferreira;<\/li>\n<li>Structure d&rsquo;Ant\u00f3nio Vidigal;<\/li>\n<li>Statue repr\u00e9sentant la reine Dona Catarina de Bragan\u00e7a par Audrey Flack;<\/li>\n<li>Panneaux carrel\u00e9s repr\u00e9sentant des personnages de dessins anim\u00e9s de l&rsquo;artiste islandais Err\u00f3;<\/li>\n<li>\u0152uvres de Fernanda Fragateiro, \u00e0 savoir Jardim das Ondas, statue repr\u00e9sentant une girafe;<\/li>\n<li>Cal\u00e7ada Portuguesa repr\u00e9sentant les vagues de la mer devant les drapeaux des pays qui ont particip\u00e9 \u00e0 l&rsquo;Exposition Universelle de Lisbonne, par Fernando Conduto;<\/li>\n<li>Panneau de tuiles du b\u00e2timent ECRAN par Jorge Martins;<\/li>\n<li>Sculpture en fer d&rsquo;environ 20 m\u00e8tres de haut et 15 tonnes repr\u00e9sentant le Soleil, par Jorge Vieira;<\/li>\n<li>Trottoir portugais repr\u00e9sentant des monstres marins par Pedro Proen\u00e7a.<\/li>\n<\/ul>\n<\/li>\n<\/ul>\n<div class=\"mceTemp\">\n<dl id=\"attachment_3584\" class=\"wp-caption alignnone\" style=\"width: 1280px;\" data-mce-style=\"width: 1280px;\">\n<dt class=\"wp-caption-dt\"><a href=\"https:\/\/xrei.com\/images\/parque-das-nacoes-zona-comercial.jpg\" data-mce-href=\"https:\/\/xrei.com\/images\/parque-das-nacoes-zona-comercial.jpg\"><img loading=\"lazy\" decoding=\"async\" class=\"size-full wp-image-3584\" src=\"https:\/\/xrei.com\/images\/parque-das-nacoes-zona-comercial.jpg\" alt=\"Le centre commercial Vasco da Gama est un centre commercial de plus de 50 000 m\u00e8tres carr\u00e9s, environ 170 magasins r\u00e9partis sur 3 \u00e9tages, qui comprennent 33 restaurants, 6 cin\u00e9mas, un club de sant\u00e9 et divers services \u00e0 la client\u00e8le. Il dispose \u00e9galement d'un parking couvert d'une capacit\u00e9 de 2 523 places. Le nom Vasco da gama est un hommage \u00e0 Vasco da Gama, d\u00e9couvreur de la route maritime vers l'Inde. L'architecture du centre commercial Vasco da Gama est con\u00e7ue par l'architecte Jos\u00e9 Quintela, dans le but d'\u00e9voquer des souvenirs des mers et des oc\u00e9ans, avec l'environnement de l'int\u00e9rieur d'un grand navire.\" width=\"1280\" height=\"854\" data-mce-src=\"https:\/\/xrei.com\/images\/parque-das-nacoes-zona-comercial.jpg\" srcset=\"https:\/\/xrei.com\/images\/parque-das-nacoes-zona-comercial.jpg 1280w, https:\/\/xrei.com\/images\/parque-das-nacoes-zona-comercial-980x654.jpg 980w, https:\/\/xrei.com\/images\/parque-das-nacoes-zona-comercial-480x320.jpg 480w\" sizes=\"(min-width: 0px) and (max-width: 480px) 480px, (min-width: 481px) and (max-width: 980px) 980px, (min-width: 981px) 1280px, 100vw\" \/><\/a><\/dt>\n<dd class=\"wp-caption-dd\">Le centre commercial Vasco da Gama est un centre commercial de plus de 50 000 m\u00e8tres carr\u00e9s, environ 170 magasins r\u00e9partis sur 3 \u00e9tages, qui comprennent 33 restaurants, 6 cin\u00e9mas, un club de sant\u00e9 et divers services \u00e0 la client\u00e8le. Il dispose \u00e9galement d&rsquo;un parking couvert d&rsquo;une capacit\u00e9 de 2 523 places. Le nom Vasco da gama est un hommage \u00e0 Vasco da Gama, d\u00e9couvreur de la route maritime vers l&rsquo;Inde. L&rsquo;architecture du centre commercial Vasco da Gama est con\u00e7ue par l&rsquo;architecte Jos\u00e9 Quintela, dans le but d&rsquo;\u00e9voquer des souvenirs des mers et des oc\u00e9ans, avec l&rsquo;environnement de l&rsquo;int\u00e9rieur d&rsquo;un grand navire.<\/dd>\n<\/dl>\n<\/div>\n<ul>\n<li>Jardins suspendus<\/li>\n<li>Esplanade Dom Carlos I<\/li>\n<li>Campus de justice<\/li>\n<li>Foire internationale de Lisbonne<\/li>\n<li>Jardim Sul<\/li>\n<li>Tour Vasco da Gama<\/li>\n<\/ul>\n<h3 id=\"principales-rues-et-places-du-parque-das-na-es\"><span class=\"ez-toc-section\" id=\"Principales_rues_et_places_du_Parque_das_Nacoes\"><\/span>Principales rues et places du Parque das Na\u00e7\u00f5es<span class=\"ez-toc-section-end\"><\/span><\/h3>\n<ul>\n<li><strong>L&rsquo;Avenida Dom Jo\u00e3o II<\/strong> est l&rsquo;une des avenues les plus grandes et les plus fr\u00e9quent\u00e9es du Parque das Na\u00e7\u00f5es, avec une connexion entre la rotonde de la R\u00e9publique de Colombie et l&rsquo;Avenida Ulisses. L&rsquo;Avenida Dom Jo\u00e3o II a \u00e9t\u00e9 construite pour l&rsquo;Exposition universelle de Lisbonne en 1998, ainsi d\u00e9sign\u00e9e depuis 2009 pour honorer le roi Dom Jo\u00e3o II. L&rsquo;avenue est proche de plusieurs points d&rsquo;int\u00e9r\u00eat, \u00e0 savoir:\n<ul>\n<li>Est\u00e1tua de homenagem a Dom Jo\u00e3o II da autoria do escultor Manuel Rosa;<\/li>\n<li>Centro Comercial Vasco da Gama;<\/li>\n<li>Gare d&rsquo;Oriente.<\/li>\n<\/ul>\n<\/li>\n<li><strong>Avenida Ulisses<\/strong> avec connexion entre la Pra\u00e7a do Pr\u00edncipe Perfeito et la rotonde de la R\u00e9publique argentine. <em> Avenida Ulisses <\/em> a les points d&rsquo;int\u00e9r\u00eat suivants:\n<ul>\n<li>Alameda dos Oceanos;<\/li>\n<li>Jardins d&rsquo;eau;<\/li>\n<li>Chemin de l&rsquo;eau;<\/li>\n<li>Jardin Cabe\u00e7o das Rolas.<\/li>\n<\/ul>\n<\/li>\n<li><strong>Avenida Fernando Pessoa<\/strong> est l&rsquo;une des avenues du Parque das Na\u00e7\u00f5es, avec une connexion entre Alameda dos Oceanos et Avenida Marechal Gomes da Costa. L&rsquo;Avenida Fernando Pessoa est proche de plusieurs attractions, \u00e0 savoir Alameda dos Oceanos; et la tour Galp.<\/li>\n<\/ul>\n<h2 id=\"-tablissements-d-enseignement-parque-das-na-es\"><span class=\"ez-toc-section\" id=\"Etablissements_denseignement_a_Parque_das_Nacoes\"><\/span>\u00c9tablissements d&rsquo;enseignement \u00e0 Parque das Na\u00e7\u00f5es<span class=\"ez-toc-section-end\"><\/span><\/h2>\n<ul>\n<li>Coll\u00e8ge Oriente<\/li>\n<li>Coll\u00e8ge Pedro<\/li>\n<li>Garderie<\/li>\n<li>Externato Jo\u00e3o XXIII<\/li>\n<\/ul>\n<h2 id=\"d-veloppements-touristiques-au-parque-das-na-es\"><span class=\"ez-toc-section\" id=\"Developpements_touristiques_au_Parque_das_Nacoes\"><\/span>D\u00e9veloppements touristiques au Parque das Na\u00e7\u00f5es<span class=\"ez-toc-section-end\"><\/span><\/h2>\n<ul>\n<li>Exemplo Hotel<\/li>\n<li>Olissipo Oriente<\/li>\n<li>Tivoli Oriente<\/li>\n<li>Tryp Oriente<\/li>\n<li>VIP Executive Arts<\/li>\n<\/ul>\n<h2 id=\"endroits-pour-faire-du-shopping-parque-das-na-es\"><span class=\"ez-toc-section\" id=\"Endroits_pour_faire_du_shopping_a_Parque_das_Nacoes\"><\/span>Endroits pour faire du shopping \u00e0 Parque das Na\u00e7\u00f5es<span class=\"ez-toc-section-end\"><\/span><\/h2>\n<ul>\n<li>Centre commercial Vasco da Gama<\/li>\n<li>Gare do Oriente<\/li>\n<\/ul>\n<h2 id=\"transport-et-acc-s-au-parque-das-na-es\"><span class=\"ez-toc-section\" id=\"Transport_et_acces_au_Parque_das_Nacoes\"><\/span>Transport et acc\u00e8s au Parque das Na\u00e7\u00f5es<span class=\"ez-toc-section-end\"><\/span><\/h2>\n<div class=\"mceTemp\">\n<dl id=\"attachment_3554\" class=\"wp-caption alignnone\" style=\"width: 1280px;\" data-mce-style=\"width: 1280px;\">\n<dt class=\"wp-caption-dt\"><a href=\"https:\/\/xrei.com\/images\/gare-do-oriente.jpg\" data-mce-href=\"https:\/\/xrei.com\/images\/gare-do-oriente.jpg\"><img loading=\"lazy\" decoding=\"async\" class=\"size-full wp-image-3554\" src=\"https:\/\/xrei.com\/images\/gare-do-oriente.jpg\" alt=\"Gare do Oriente, \u00e9galement connue sous le nom de Gare Intermodale de Lisboa (GIL). Avec une architecture contemporaine, il a \u00e9t\u00e9 con\u00e7u par l'architecte et ing\u00e9nieur espagnol Santiago Calatrava, achev\u00e9 en 1998 pour servir Expo'98, puis le Parque das Na\u00e7\u00f5es. La Gare do Oriente comprend la gare Metropolitano de Lisboa (Oriente), un espace commercial et une gare routi\u00e8re avec connexion \u00e0 LIsboa, dans le nord, le centre et le sud du Portugal avec des trains de banlieue et des trains de moyenne et longue distance.\" width=\"1280\" height=\"960\" data-mce-src=\"https:\/\/xrei.com\/images\/gare-do-oriente.jpg\" srcset=\"https:\/\/xrei.com\/images\/gare-do-oriente.jpg 1280w, https:\/\/xrei.com\/images\/gare-do-oriente-980x735.jpg 980w, https:\/\/xrei.com\/images\/gare-do-oriente-480x360.jpg 480w\" sizes=\"(min-width: 0px) and (max-width: 480px) 480px, (min-width: 481px) and (max-width: 980px) 980px, (min-width: 981px) 1280px, 100vw\" \/><\/a><\/dt>\n<dd class=\"wp-caption-dd\">Gare do Oriente, \u00e9galement connue sous le nom de Gare Intermodale de Lisboa (GIL). Avec une architecture contemporaine, il a \u00e9t\u00e9 con\u00e7u par l&rsquo;architecte et ing\u00e9nieur espagnol Santiago Calatrava, achev\u00e9 en 1998 pour servir Expo&rsquo;98, puis le Parque das Na\u00e7\u00f5es. La Gare do Oriente comprend la gare Metropolitano de Lisboa (Oriente), un espace commercial et une gare routi\u00e8re avec connexion \u00e0 LIsboa, dans le nord, le centre et le sud du Portugal avec des trains de banlieue et des trains de moyenne et longue distance.<\/dd>\n<\/dl>\n<\/div>\n<ul>\n<li>Gare do Oriente<br \/><strong> AeroShuttle<\/strong>: bus qui fait la liaison directe entre le Parque das Na\u00e7\u00f5es et l&rsquo;a\u00e9roport de Lisbonne toutes les trente minutes avec des billets aux h\u00f4tels Tryp Oriente, Tivoli Tejo, Olissipo Oriente et VIP Art\u2019s<br \/><strong> Bus<\/strong> (Rodovi\u00e1ria de Lisboa et Transportes Sul do Tejo)<br \/><strong> Trains<\/strong>: banlieue (ligne Azambuja et ligne Sintra), nationale (Alfa Pendular, Intercidades et r\u00e9gionale) et internationale (Sud-Expresso et Lusit\u00e2nia Comboio Hotel)<br \/><strong> Bus express <\/strong><br \/><strong> Metropolitano<\/strong> (ligne rouge)<\/li>\n<\/ul>\n<div class=\"mceTemp\">\n<dl id=\"attachment_3560\" class=\"wp-caption alignnone\" style=\"width: 1280px;\" data-mce-style=\"width: 1280px;\">\n<dt class=\"wp-caption-dt\"><a href=\"https:\/\/xrei.com\/images\/gare-do-oriente-interior.jpg\" data-mce-href=\"https:\/\/xrei.com\/images\/gare-do-oriente-interior.jpg\"><img loading=\"lazy\" decoding=\"async\" class=\"size-full wp-image-3560\" src=\"https:\/\/xrei.com\/images\/gare-do-oriente-interior.jpg\" alt=\"Galerie d'acc\u00e8s au m\u00e9tro de Lisbonne \u00e0 Gare do Oriente, station Oriente, avec une architecture futuriste con\u00e7ue en b\u00e9ton et verre\" width=\"1280\" height=\"960\" data-mce-src=\"https:\/\/xrei.com\/images\/gare-do-oriente-interior.jpg\" srcset=\"https:\/\/xrei.com\/images\/gare-do-oriente-interior.jpg 1280w, https:\/\/xrei.com\/images\/gare-do-oriente-interior-980x735.jpg 980w, https:\/\/xrei.com\/images\/gare-do-oriente-interior-480x360.jpg 480w\" sizes=\"(min-width: 0px) and (max-width: 480px) 480px, (min-width: 481px) and (max-width: 980px) 980px, (min-width: 981px) 1280px, 100vw\" \/><\/a><\/dt>\n<dd class=\"wp-caption-dd\">Galerie d&rsquo;acc\u00e8s au m\u00e9tro de Lisbonne \u00e0 Gare do Oriente, station Oriente, avec une architecture futuriste con\u00e7ue en b\u00e9ton et verre<\/dd>\n<\/dl>\n<\/div>\n<h2 id=\"localisation-de-la-paroisse-de-parque-das-na-es-sur-la-carte-de-lisbonne\"><span class=\"ez-toc-section\" id=\"Localisation_de_la_paroisse_de_Parque_das_Nacoes_sur_la_carte_de_Lisbonne\"><\/span>Localisation de la paroisse de Parque das Na\u00e7\u00f5es sur la carte de Lisbonne<span class=\"ez-toc-section-end\"><\/span><\/h2>\n<h2 id=\"parque-das-na-es-est-situ-\"><span class=\"ez-toc-section\" id=\"Parque_das_Nacoes_est_situe_%E2%80%A6\"><\/span>Parque das Na\u00e7\u00f5es est situ\u00e9 &#8230;<span class=\"ez-toc-section-end\"><\/span><\/h2>\n<p>Le Parque das Na\u00e7\u00f5es est situ\u00e9 en bordure de Lisbonne, \u00e0 proximit\u00e9 de Marvila et Beato<\/p>\n<div class=\"mceTemp\">\n<dl id=\"attachment_2423\" class=\"wp-caption alignnone\" style=\"width: 1280px;\" data-mce-style=\"width: 1280px;\">\n<dt class=\"wp-caption-dt\"><a href=\"https:\/\/xrei.com\/images\/mapa-parque-das-nacoes.jpg\" data-mce-href=\"https:\/\/xrei.com\/images\/mapa-parque-das-nacoes.jpg\"><img loading=\"lazy\" decoding=\"async\" class=\"size-full wp-image-2423\" src=\"https:\/\/xrei.com\/images\/mapa-parque-das-nacoes.jpg\" alt=\"Localisation de la paroisse Parque das Na\u00e7\u00f5es sur la carte de Lisbonne\" width=\"1280\" height=\"1280\" data-mce-src=\"https:\/\/xrei.com\/images\/mapa-parque-das-nacoes.jpg\" srcset=\"https:\/\/xrei.com\/images\/mapa-parque-das-nacoes.jpg 1280w, https:\/\/xrei.com\/images\/mapa-parque-das-nacoes-980x980.jpg 980w, https:\/\/xrei.com\/images\/mapa-parque-das-nacoes-480x480.jpg 480w\" sizes=\"(min-width: 0px) and (max-width: 480px) 480px, (min-width: 481px) and (max-width: 980px) 980px, (min-width: 981px) 1280px, 100vw\" \/><\/a><\/dt>\n<dd class=\"wp-caption-dd\">Localisation de la paroisse Parque das Na\u00e7\u00f5es sur la carte de Lisbonne<\/dd>\n<\/dl>\n<\/div>\n","protected":false},"excerpt":{"rendered":"<p>Parque das Na\u00e7\u00f5es est un quartier recr\u00e9\u00e9 \u00e0 la fin des ann\u00e9es 90 dans le but d&rsquo;accueillir l&rsquo;exposition universelle EXPO98 qui a eu lieu \u00e0 Lisbonne en 1998. C&rsquo;est actuellement le quartier le plus moderne de Lisbonne, avec des infrastructures de design contemporain dans un emplacement au bord de la rivi\u00e8re, avec d&rsquo;immenses espaces autour [&hellip;]<\/p>\n","protected":false},"author":1,"featured_media":3572,"comment_status":"closed","ping_status":"open","sticky":false,"template":"","format":"standard","meta":{"_et_pb_use_builder":"","_et_pb_old_content":"","_et_gb_content_width":"","footnotes":""},"categories":[142],"tags":[],"class_list":["post-306","post","type-post","status-publish","format-standard","has-post-thumbnail","hentry","category-cote-de-lisbonne"],"_links":{"self":[{"href":"https:\/\/xrei.com\/fr\/wp-json\/wp\/v2\/posts\/306","targetHints":{"allow":["GET"]}}],"collection":[{"href":"https:\/\/xrei.com\/fr\/wp-json\/wp\/v2\/posts"}],"about":[{"href":"https:\/\/xrei.com\/fr\/wp-json\/wp\/v2\/types\/post"}],"author":[{"embeddable":true,"href":"https:\/\/xrei.com\/fr\/wp-json\/wp\/v2\/users\/1"}],"replies":[{"embeddable":true,"href":"https:\/\/xrei.com\/fr\/wp-json\/wp\/v2\/comments?post=306"}],"version-history":[{"count":0,"href":"https:\/\/xrei.com\/fr\/wp-json\/wp\/v2\/posts\/306\/revisions"}],"wp:featuredmedia":[{"embeddable":true,"href":"https:\/\/xrei.com\/fr\/wp-json\/wp\/v2\/media\/3572"}],"wp:attachment":[{"href":"https:\/\/xrei.com\/fr\/wp-json\/wp\/v2\/media?parent=306"}],"wp:term":[{"taxonomy":"category","embeddable":true,"href":"https:\/\/xrei.com\/fr\/wp-json\/wp\/v2\/categories?post=306"},{"taxonomy":"post_tag","embeddable":true,"href":"https:\/\/xrei.com\/fr\/wp-json\/wp\/v2\/tags?post=306"}],"curies":[{"name":"wp","href":"https:\/\/api.w.org\/{rel}","templated":true}]}}