{"id":296,"date":"2020-08-08T08:08:00","date_gmt":"2020-08-08T08:08:00","guid":{"rendered":"https:\/\/foiv.com\/imobiliarialisboa.com\/2020\/05\/07\/campo-de-ourique-et-amoreiras\/"},"modified":"2021-09-07T17:17:15","modified_gmt":"2021-09-07T17:17:15","slug":"campo-de-ourique-et-amoreiras","status":"publish","type":"post","link":"https:\/\/xrei.com\/fr\/campo-de-ourique-et-amoreiras\/","title":{"rendered":"Campo de Ourique et Amoreiras, Lisbonne"},"content":{"rendered":"<div class=\"mceTemp\">\n<dl id=\"attachment_6983\" class=\"wp-caption alignleft\" style=\"width: 1280px;\" data-mce-style=\"width: 1280px;\">\n<dt class=\"wp-caption-dt\"><a href=\"https:\/\/xrei.com\/images\/Amoreiras.jpg\" data-mce-href=\"https:\/\/xrei.com\/images\/Amoreiras.jpg\"><img loading=\"lazy\" decoding=\"async\" src=\"https:\/\/xrei.com\/images\/Amoreiras.jpg\" alt=\"Amoreiras a \u00e9t\u00e9 le premier grand espace commercial et de services dans une ville du Portugal, cr\u00e9\u00e9 en 1985, compos\u00e9 d'un centre commercial, d'immeubles de bureaux et de logements. Connu sous le nom de &quot;Amoreiras&quot;, il a cr\u00e9\u00e9 un centre d'affaires et de loisirs au centre de Campo de Ourique\" width=\"1280\" height=\"960\" class=\"size-full wp-image-6983\" data-mce-src=\"https:\/\/xrei.com\/images\/Amoreiras.jpg\" srcset=\"https:\/\/xrei.com\/images\/Amoreiras.jpg 1280w, https:\/\/xrei.com\/images\/Amoreiras-980x735.jpg 980w, https:\/\/xrei.com\/images\/Amoreiras-480x360.jpg 480w\" sizes=\"(min-width: 0px) and (max-width: 480px) 480px, (min-width: 481px) and (max-width: 980px) 980px, (min-width: 981px) 1280px, 100vw\" \/><\/a><\/dt>\n<dd class=\"wp-caption-dd\">Amoreiras a \u00e9t\u00e9 le premier grand espace commercial et de services dans une ville du Portugal, cr\u00e9\u00e9 en 1985, compos\u00e9 d&rsquo;un centre commercial, d&rsquo;immeubles de bureaux et de logements. Connu sous le nom de \u00ab\u00a0Amoreiras\u00a0\u00bb, il a cr\u00e9\u00e9 un centre d&rsquo;affaires et de loisirs au centre de Campo de Ourique<\/dd>\n<\/dl>\n<\/div>\n<div id=\"ez-toc-container\" class=\"ez-toc-v2_0_82_2 counter-hierarchy ez-toc-counter ez-toc-light-blue ez-toc-container-direction\">\n<div class=\"ez-toc-title-container\"><p class=\"ez-toc-title\" style=\"cursor:inherit\">In this article, you will get to know about...<\/p>\n<\/div><nav><ul class='ez-toc-list ez-toc-list-level-1 ' ><li class='ez-toc-page-1 ez-toc-heading-level-2'><a class=\"ez-toc-link ez-toc-heading-1\" href=\"https:\/\/xrei.com\/fr\/campo-de-ourique-et-amoreiras\/#Campo_de_Ourique_et_Amoreiras\" >Campo de Ourique et Amoreiras<\/a><\/li><li class='ez-toc-page-1 ez-toc-heading-level-2'><a class=\"ez-toc-link ez-toc-heading-2\" href=\"https:\/\/xrei.com\/fr\/campo-de-ourique-et-amoreiras\/#Attractions_a_visiter_a_Campo_de_Ourique_e_Amoreiras_top_10\" >Attractions \u00e0 visiter \u00e0 Campo de Ourique e Amoreiras (top 10)<\/a><ul class='ez-toc-list-level-3' ><li class='ez-toc-heading-level-3'><a class=\"ez-toc-link ez-toc-heading-3\" href=\"https:\/\/xrei.com\/fr\/campo-de-ourique-et-amoreiras\/#Autres_attractions_a_explorer_a_Campo_de_Ourique_e_Amoreiras\" >Autres attractions \u00e0 explorer \u00e0 Campo de Ourique e Amoreiras<\/a><\/li><\/ul><\/li><li class='ez-toc-page-1 ez-toc-heading-level-2'><a class=\"ez-toc-link ez-toc-heading-4\" href=\"https:\/\/xrei.com\/fr\/campo-de-ourique-et-amoreiras\/#Principales_rues_et_places_de_Campo_de_Ourique_et_Amoreiras\" >Principales rues et places de Campo de Ourique et Amoreiras<\/a><\/li><li class='ez-toc-page-1 ez-toc-heading-level-2'><a class=\"ez-toc-link ez-toc-heading-5\" href=\"https:\/\/xrei.com\/fr\/campo-de-ourique-et-amoreiras\/#Etablissements_denseignement_a_Campo_de_Ourique_et_Amoreiras\" >\u00c9tablissements d&rsquo;enseignement \u00e0 Campo de Ourique et Amoreiras<\/a><\/li><li class='ez-toc-page-1 ez-toc-heading-level-2'><a class=\"ez-toc-link ez-toc-heading-6\" href=\"https:\/\/xrei.com\/fr\/campo-de-ourique-et-amoreiras\/#Developpements_touristiques_a_Campo_de_Ourique_et_Amoreiras\" >D\u00e9veloppements touristiques \u00e0 Campo de Ourique et Amoreiras<\/a><\/li><li class='ez-toc-page-1 ez-toc-heading-level-2'><a class=\"ez-toc-link ez-toc-heading-7\" href=\"https:\/\/xrei.com\/fr\/campo-de-ourique-et-amoreiras\/#Transport_et_acces_a_Campo_de_Ourique_et_Amoreiras\" >Transport et acc\u00e8s \u00e0 Campo de Ourique et Amoreiras<\/a><\/li><li class='ez-toc-page-1 ez-toc-heading-level-2'><a class=\"ez-toc-link ez-toc-heading-8\" href=\"https:\/\/xrei.com\/fr\/campo-de-ourique-et-amoreiras\/#Localisation_de_la_paroisse_de_Campo_de_Ourique_sur_la_carte_de_Lisbonne\" >Localisation de la paroisse de Campo de Ourique sur la carte de Lisbonne<\/a><\/li><\/ul><\/nav><\/div>\n<h2><span class=\"ez-toc-section\" id=\"Campo_de_Ourique_et_Amoreiras\"><\/span>Campo de Ourique et Amoreiras<span class=\"ez-toc-section-end\"><\/span><\/h2>\n<p><strong>Campo de Ourique e Amoreiras<\/strong> est un quartier situ\u00e9 sur l&rsquo;une des collines et des entr\u00e9es de Lisbonne, avant la Pra\u00e7a do Marqu\u00eas de Pombal. Campo de Ourique est une zone connue pour le centre commercial Amoreiras, le premier centre commercial construit au Portugal en 1985 et le lyc\u00e9e fran\u00e7ais Charles Lepierre, consid\u00e9r\u00e9 comme l&rsquo;une des meilleures \u00e9coles du Portugal. Campo de Ourique est int\u00e9gr\u00e9 dans la paroisse de Campolide, l&rsquo;un des acc\u00e8s du sud et de l&rsquo;ouest \u00e0 Lisbonne. Tous les jours aux heures de pointe, \u00e0 partir de 18h, cette zone est impraticable, en raison des voitures quittant Lisbonne vers les villes environnantes: l&rsquo;autoroute A5 relie Cascais et Sintra. Amoreiras est une zone commerciale en raison de la pr\u00e9sence du centre commercial Amoreiras, un endroit avec d&rsquo;importants bureaux de tourisme d&rsquo;affaires et de luxe, des h\u00f4tels quatre et cinq \u00e9toiles, \u00e0 savoir le Ritz, Tivoli, Dom Pedro Lisboa et d&rsquo;autres h\u00f4tels de premier plan. <em>Campo de Ourique e Amoreiras<\/em> et consid\u00e9r\u00e9 comme un espace de glamour et de gastronomie de luxe en raison de la pr\u00e9sence de certains restaurants, en particulier le restaurant Eleven et La Trattoria. C&rsquo;est un quartier r\u00e9sidentiel en raison du quartier Campo de Ourique et un quartier multiculturel en raison de la pr\u00e9sence de la mosqu\u00e9e centrale de Lisbonne. Campo de Ourique est d\u00e9finitivement un endroit moderne et choisi par de nombreux entrepreneurs qui visitent Lisbonne pour faire des affaires.<\/p>\n<blockquote>\n<p>Campo de Ourique est g\u00e9r\u00e9 par le Conseil Paroissial de Campo de Ourique<\/p>\n<\/blockquote>\n<h2><span class=\"ez-toc-section\" id=\"Attractions_a_visiter_a_Campo_de_Ourique_e_Amoreiras_top_10\"><\/span>Attractions \u00e0 visiter \u00e0 Campo de Ourique e Amoreiras (top 10)<span class=\"ez-toc-section-end\"><\/span><\/h2>\n<p><strong>1. Centro Comercial das Amoreiras<\/strong> est un centre commercial et l&rsquo;un des espaces symboliques de la ville de Lisbonne, situ\u00e9 sur l&rsquo;Avenida Duarte Pacheco. Le centre commercial Amoreiras a \u00e9t\u00e9 ouvert en 1985 avec un projet de l&rsquo;architecte Tom\u00e1s Taveira, \u00e0 l&rsquo;\u00e9poque le premier centre commercial au Portugal et le quatri\u00e8me plus grand centre commercial d&rsquo;Europe. Le centre commercial Amoreiras est actuellement tr\u00e8s fr\u00e9quent\u00e9 par les Portugais et les touristes. Les principales attractions sont:<\/p>\n<ul>\n<li><strong>Amoreiras 360\u00ba Panoramic View<\/strong>, un point de vue situ\u00e9 au sommet du Torres das Amoreiras, \u00e0 environ 17 m\u00e8tres de haut. L&rsquo;acc\u00e8s au point de vue se fait par le 2\u00e8me \u00e9tage du centre commercial Amoreiras, offrant une vue \u00e0 360 \u00b0 sur la ville de Lisbonne, \u00e0 savoir: le Tage, le pont 25 de Abril, Cristo Rei, le ch\u00e2teau S\u00e3o Jorge, la basilique Estrela, la cath\u00e9drale Lisbonne, Rotunda do Marqu\u00eas de Pombal ou Parque Eduardo VII;<\/li>\n<li><strong>Existence de plus de deux cents magasins<\/strong> de marques nationales et \u00e9trang\u00e8res, notamment Chanel, Ralph Lauren, Calvin Klein, Hugo Boss;<\/li>\n<li><strong>Espace de restauration de plus de trois mille m\u00e8tres carr\u00e9s<\/strong>, o\u00f9 il est possible de d\u00e9guster une cuisine portugaise et \u00e9trang\u00e8re dans des restaurants tels que O Madeirense, Black House, O Barbatana ou Serra da Estrela .<\/li>\n<\/ul>\n<p><strong>2. L&rsquo;aqueduc \u00c1guas Livres<\/strong> est un syst\u00e8me d&rsquo;approvisionnement en eau de la ville de Lisbonne, situ\u00e9e dans la vall\u00e9e de l&rsquo;Alc\u00e2ntara. L&rsquo;Aqueduc a \u00e9t\u00e9 construit \u00e0 partir de 1748 avec un projet d&rsquo;Ant\u00f3nio Cannevari, Manuel da Maia et Carlos Mardel, avec une extension de 58 km r\u00e9partis sur 127 arches, avec la section principale de la vall\u00e9e de l&rsquo;Alc\u00e2ntara ayant 36 archostendo et l&rsquo;arc le plus haut avec une altitude de 65 m\u00e8tres. L&rsquo;aqueduc <em>\u00c1guas Livres<\/em> a \u00e9t\u00e9 d\u00e9sactiv\u00e9 en 1973 et ouvert au public pour des visites en 1986. Les principaux points forts de l&rsquo;aqueduc sont le <em>Museu da \u00c1gua<\/em>; le <em>M\u00e3e d&rsquo;\u00c1gua das Amoreiras<\/em>; et le <em>R\u00e9servoir patriarcal de Jardim do Princ\u00edpe Real <\/em>.<\/p>\n<div class=\"mceTemp\">\n<dl id=\"attachment_6989\" class=\"wp-caption alignleft\" style=\"width: 1280px;\" data-mce-style=\"width: 1280px;\">\n<dt class=\"wp-caption-dt\"><a href=\"https:\/\/xrei.com\/images\/aqueduto-aguas-livres.jpg\" data-mce-href=\"https:\/\/xrei.com\/images\/aqueduto-aguas-livres.jpg\"><img loading=\"lazy\" decoding=\"async\" class=\"size-full wp-image-6989\" src=\"https:\/\/xrei.com\/images\/aqueduto-aguas-livres.jpg\" alt=\"L'aqueduc d'\u00c1guas Livres, construit entre les XVIIIe et XIXe si\u00e8cles, alimente en eau Lisbonne dans un r\u00e9seau total de 58 km d'aqueduc, avec l'action de la gravit\u00e9, dont la branche principale a 14 km, de M\u00e3e de \u00c1gua Velha \u00e0 Casal de Cambra \u00e0 Campo de Ourique\" width=\"1280\" height=\"960\" data-mce-src=\"https:\/\/xrei.com\/images\/aqueduto-aguas-livres.jpg\" srcset=\"https:\/\/xrei.com\/images\/aqueduto-aguas-livres.jpg 1280w, https:\/\/xrei.com\/images\/aqueduto-aguas-livres-980x735.jpg 980w, https:\/\/xrei.com\/images\/aqueduto-aguas-livres-480x360.jpg 480w\" sizes=\"(min-width: 0px) and (max-width: 480px) 480px, (min-width: 481px) and (max-width: 980px) 980px, (min-width: 981px) 1280px, 100vw\" \/><\/a><\/dt>\n<dd class=\"wp-caption-dd\">L&rsquo;aqueduc d&rsquo;\u00c1guas Livres, construit entre les XVIIIe et XIXe si\u00e8cles, alimente en eau Lisbonne dans un r\u00e9seau total de 58 km d&rsquo;aqueduc, avec l&rsquo;action de la gravit\u00e9, dont la branche principale a 14 km, de M\u00e3e de \u00c1gua Velha \u00e0 Casal de Cambra \u00e0 Campo de Ourique<\/dd>\n<\/dl>\n<\/div>\n<p><strong>3. Igreja do Santo Condest\u00e1vel<\/strong> est un temple chr\u00e9tien construit en l&rsquo;honneur de Dom Nuno \u00c1lvares Pereira (1360-1431), situ\u00e9 \u00e0 Campo de Ourique. L&rsquo;\u00e9glise a \u00e9t\u00e9 inaugur\u00e9e en 1951 avec un projet de Vasco Morais Palmeiro (Regaleira), avec une croix latine \u00e0 trois nefs. Les principaux faits saillants de la <em>Igreja do Santo Condest\u00e1vel<\/em> sont la <em>fa\u00e7ade principale<\/em> avec les statues repr\u00e9sentant l&rsquo;ange du Portugal \u00e0 gauche et S\u00e3o Miguel Arcanjo \u00e0 droite, par l&rsquo;auteur Leopoldo de Almeida; la <em>Capela-Mor<\/em> avec une <em>fresque<\/em> repr\u00e9sentant la glorification du bienheureux Nuno de Santa Maria, par les peintres Portela J\u00fanior et Joaquim Rebocho; les <em>Vitraux repr\u00e9sentant le Sacr\u00e9-C\u0153ur de J\u00e9sus, le Bon Pasteur, le C\u0153ur de Marie, l&rsquo;Annonciation de l&rsquo;Ange<\/em>, par Almada Negreiros. et les <em>reliques du Saint Constable <\/em>.<\/p>\n<p><strong>4. Casa-Museu Am\u00e1lia Rodrigues<\/strong> est un espace mus\u00e9al d\u00e9di\u00e9 \u00e0 la pr\u00e9servation de l&rsquo;oeuvre de la chanteuse de fado Am\u00e1lia Rodrigues, situ\u00e9 sur la Rua de S\u00e3o Bento. La Casa-Museu, ancienne r\u00e9sidence du chanteur, a \u00e9t\u00e9 inaugur\u00e9e en 1999. Les principaux points forts de la <em>Casa-Museu Am\u00e1lia Rodrigues<\/em> sont le salon, la chambre, la d\u00e9coration sur le th\u00e8me du fado et un petit jardin dehors.<\/p>\n<p><strong>5. March\u00e9 municipal de Campo de Ourique<\/strong> est l&rsquo;un des march\u00e9s les plus importants de la ville de Lisbonne, situ\u00e9 Rua Coelho da Rocha. Le march\u00e9 d&rsquo;origine a \u00e9t\u00e9 ouvert en 1934, ayant \u00e9t\u00e9 d\u00e9clar\u00e9 patrimoine de la mairie de Lisbonne en 1973 et relanc\u00e9 en <em>2013 en s&rsquo;inspirant du Mercado da Ribeira <\/em>. Les principaux points forts du march\u00e9 municipal de <em>Campo de Ourique<\/em> sont les <em>\u00e9tals traditionnels<\/em> vendant du poisson et des l\u00e9gumes; et les 16 espaces de gastronomie vari\u00e9e.<\/p>\n<p><strong>6. Casa Fernando Pessoa<\/strong> est un mus\u00e9e d\u00e9di\u00e9 \u00e0 la pr\u00e9servation et \u00e0 la diffusion de la vie et de l&rsquo;\u0153uvre de l&rsquo;\u00e9crivain lisbo\u00e8te Fernando Pessoa, situ\u00e9 \u00e0 Rua Coelho da Rocha. Casa Fernando Pessoa \u00e9tait l&rsquo;endroit o\u00f9 Fernando Pessoa a v\u00e9cu les quinze derni\u00e8res ann\u00e9es de sa vie. Fernando Pessoa (1888-1935) est l&rsquo;un des \u00e9crivains portugais les plus connus au monde. L&rsquo;\u00e9crivain portugais est n\u00e9 \u00e0 Lisbonne dans une maison en face du th\u00e9\u00e2tre national de S\u00e3o Carlos, a v\u00e9cu neuf ans d&rsquo;enfance en Afrique du Sud, o\u00f9 son p\u00e8re \u00e9tait consul et a v\u00e9cu dans des chambres et des appartements de la ville de Lisbonne jusqu&rsquo;\u00e0 sa mort en 1935 sur la Rua Conde da Rock. Fernando Pessoa a publi\u00e9 plusieurs ouvrages, \u00e0 savoir <strong>\u00ab\u00a0Livro do Desassossego\u00a0\u00bb<\/strong> en 1913, <strong>\u00ab\u00a0Le Message\u00a0\u00bb<\/strong> de 1934, <strong>a fond\u00e9 l&rsquo;\u00e9diteur Olisipo en 1821<\/strong> et le magazine <strong>\u00abAtena\u00bb<\/strong> en 1924. Les principaux points forts de <em>Casa Fernando Pessoa<\/em> sont: les meubles <em>utilis\u00e9 par Fernando Pessoa<\/em>, \u00e0 savoir la commode ou la biblioth\u00e8que o\u00f9 il conservait les livres; la <em>documentation<\/em> o\u00f9 il est possible d&rsquo;observer une carte d&rsquo;identit\u00e9, plusieurs cartes de visite, un bail d&rsquo;appartement, la lettre \u00e9crite au critique litt\u00e9raire Adolfo Casais Monteiro o\u00f9 il explique la technique d&rsquo;\u00e9criture qu&rsquo;il utilise et la feuille o\u00f9 il a \u00e9crit la derni\u00e8re phrase \u00e0 la veille de la mort: \u00ab\u00a0Je ne sais pas ce que demain apportera\u00a0\u00bb; la <em>biblioth\u00e8que priv\u00e9e<\/em>, actuellement enti\u00e8rement num\u00e9ris\u00e9e; et la <em>photo d&rsquo;hommage \u00e0 Fernando Pessoa<\/em> peinte en 1954 par Almada Negreiros.<\/p>\n<p><strong>7. Le Cemit\u00e9rio dos Prazeres<\/strong> est l&rsquo;un des cimeti\u00e8res les plus importants du pays, consid\u00e9r\u00e9 comme un authentique mus\u00e9e en plein air, situ\u00e9 sur la Pra\u00e7a Jo\u00e3o Bosco. Le Cemit\u00e9rio dos Prazeres a commenc\u00e9 \u00e0 \u00eatre construit en 1833 pour abriter les corps des victimes mortelles de l&rsquo;\u00e9pid\u00e9mie de chol\u00e9ra qui s\u00e9vissait \u00e0 l&rsquo;\u00e9poque \u00e0 Lisbonne, apr\u00e8s avoir int\u00e9gr\u00e9 plus tard le nouveau plan d&rsquo;inhumation de la mairie de Lisbonne, dans le but de migrer le 130 petits cimeti\u00e8res qui n&rsquo;existaient dans la ville que pour deux grands cimeti\u00e8res &#8211; <em>Cemit\u00e9rio dos Prazeres, \u00e0 l&rsquo;ouest<\/em> et <em>Cemit\u00e9rio do Alto de S\u00e3o Jo\u00e3o, \u00e0 l&rsquo;est <\/em>. Les principaux points forts du <em>Cemit\u00e9rio dos Prazeres<\/em> sont: le <em>mausol\u00e9e des ducs de Palmela<\/em>, le plus grand mausol\u00e9e priv\u00e9 d&rsquo;Europe, construit en 1847 avec un projet du Cinatti italien. Dans le mausol\u00e9e des ducs de Palmela, il y a plus de 200 tombes, y compris les tombes des employ\u00e9s les plus proches de la famille des ducs de Palmela; la plus ancienne et la plus grande collection de cypr\u00e8s de la p\u00e9ninsule ib\u00e9rique; plus de 7 mille gisements r\u00e9partis sur 12 hectares; la <em>crypte des pompiers Sapadores<\/em>, inaugur\u00e9e en 1878 avec un projet de l&rsquo;architecte Dias da Silva d&rsquo;honorer la corporation des pompiers Sapadores. Dans cette crypte se trouvent les anciennes salles d&rsquo;autopsie, o\u00f9 les premi\u00e8res autopsies ont \u00e9t\u00e9 effectu\u00e9es en dehors de l&rsquo;Institut de m\u00e9decine l\u00e9gale; le <em>Jazigo d&rsquo;Ant\u00f3nio Augusto Monteiro<\/em>, Ant\u00f3nio Augusto Monteiro (1848-1920) \u00e9tait responsable de la cr\u00e9ation de Quinta da Regaleira \u00e0 Sintra. Le tombeau a \u00e9t\u00e9 construit en 1908 avec un projet de Luigi Manini (1848-1936); le <em>gisement de la comtesse de Burnay<\/em>, con\u00e7u par l&rsquo;architecte Ernest Korrodi (1870-1944); o <em>Talh\u00e3o dos Artistas<\/em>, l&rsquo;endroit o\u00f9 sont enterr\u00e9s certains des artistes portugais les plus importants, \u00e0 savoir:<\/p>\n<ul>\n<li>Ant\u00f3nio Gede\u00e3o;<\/li>\n<li>C\u00e2ndida Branca Flor;<\/li>\n<li>Carlos Paredes;<\/li>\n<li>Henriques Mendes;<\/li>\n<li>M\u00e1rio Cesariny;<\/li>\n<li>Vasco Santana;<\/li>\n<li>Of\u00e9lia Queiroz, seule petite amie connue de Fernando Pessoa.<\/li>\n<\/ul>\n<p><strong>8. Jardim Marcelino Mesquita<\/strong> est l&rsquo;un des plus anciens jardins de la ville de Lisbonne, situ\u00e9 sur la Pra\u00e7a das Amoreiras. Jardim Marcelino Mesquita, \u00e9galement connu sous le nom de <strong>Jardim das Amoreiras<\/strong> en raison de l&rsquo;existence de 331 m\u00fbriers, a \u00e9t\u00e9 construit en 1711 par le marquis de Pombal dans le but de <em>d\u00e9velopper l&rsquo;industrie soies au Portugal <\/em>. Les principaux points forts du <em>Jardim Marcelino Mesquita<\/em> sont: l&rsquo;aqueduc <em>\u00c1guas Livres<\/em>; le <em>Museu Arpad Sz\u00e8nes Vieira da Silva<\/em>, situ\u00e9 dans l&rsquo;ancienne F\u00e1brica das \u00c1guas Soies construites \u00e0 la demande de Marqu\u00eas de Pombal; la <em>chapelle de Nossa Senhora de Monserrate<\/em>, construite \u00e0 la demande des ouvriers de la fabrique de soie en 1768 en l&rsquo;honneur du saint patron des artisans fran\u00e7ais. La <em>chapelle de Nossa Senhora de Monserrate<\/em> a \u00e9t\u00e9 construite \u00e0 l\u2019espace de l\u2019une des arches de l\u2019aqueduc \u00c1guas Livres.<\/p>\n<p><strong>9. Le r\u00e9servoir de M\u00e3e d\u2019\u00c1gua das Amoreiras<\/strong> est le plus ancien r\u00e9servoir d\u2019eau de Lisbonne, situ\u00e9 sur la Pra\u00e7a das Amoreiras. Le r\u00e9servoir M\u00e3e d&rsquo;\u00c1gua das Amoreiras a \u00e9t\u00e9 con\u00e7u en 1746 par Carlos Mardel dans le but de recevoir l&rsquo;eau qui a travers\u00e9 l&rsquo;aqueduc \u00c1guas Livres, puis de la distribuer dans toute la ville. La construction du r\u00e9servoir a dur\u00e9 88 ans au total et constitue actuellement une structure int\u00e9gr\u00e9e au <em>Museu da \u00c1gua <\/em>. Les principaux points forts du <em>r\u00e9servoir de M\u00e3e d\u2019\u00c1gua das Amoreiras<\/em> sont: les arches rondes; la terrasse panoramique; o R\u00e9servoir de 7,5 m\u00e8tres de profondeur avec une capacit\u00e9 de 5500 m3 d&rsquo;eau; et la <em>Casa do Registo<\/em>, l&rsquo;endroit o\u00f9 l&rsquo;eau coule vers les fontaines, les usines, les couvents et les maisons nobles.<\/p>\n<p><strong>10. Casa Veva de Lima<\/strong> est le si\u00e8ge du <em>si\u00e8ge de l&rsquo;Associa\u00e7\u00e3o Casa Veva de Lima<\/em>, situ\u00e9 \u00e0 Rua Saraiva de Carvalho. Genoveva Lima Mayer (1886-1963), commun\u00e9ment connue sous le nom de Veva Lima, a \u00e9t\u00e9 reconnue comme \u00e9crivain, pour l&rsquo;excentricit\u00e9 d&rsquo;avoir une panth\u00e8re comme animal de compagnie et pour la vie amoureuse troubl\u00e9e, malgr\u00e9 son mariage, \u00e9tait l&rsquo;une des copines bien connues d&rsquo;Oliveira Salazar. Les principaux faits saillants <em>Casa Veva de Lima<\/em> sont: \u00eatre l&rsquo;un des espaces o\u00f9 le film \u00abOs Maias\u00bb a \u00e9t\u00e9 tourn\u00e9; la tenue de r\u00e9unions toutes les deux semaines; et la d\u00e9coration int\u00e9rieure.<\/p>\n<h3><span class=\"ez-toc-section\" id=\"Autres_attractions_a_explorer_a_Campo_de_Ourique_e_Amoreiras\"><\/span>Autres attractions \u00e0 explorer \u00e0 Campo de Ourique e Amoreiras<span class=\"ez-toc-section-end\"><\/span><\/h3>\n<ul>\n<li><strong>Ermida do Senhor Jesus dos Terramotos<\/strong> est un ermitage du XVIIIe si\u00e8cle, situ\u00e9 \u00e0 Rua do Arco do Carvalh\u00e3o. La chapelle a \u00e9t\u00e9 construite entre 1756 et 1796 et reconstruite en 1842. L&rsquo;attraction principale de <em>l&rsquo;ermite du Seigneur J\u00e9sus des tremblements de terre<\/em> est le fait qu&rsquo;elle est proche des <em>escaliers du tremblement de terre <\/em>.<\/li>\n<li><strong>Monument \u00e0 Maria da Fonte<\/strong> est une statue d\u00e9di\u00e9e \u00e0 Maria qui a men\u00e9 la r\u00e9volte de <em>Maria da Fonte \u00e0 Minho en 1846 <\/em>. La statue a \u00e9t\u00e9 inaugur\u00e9e en 1920 avec un projet d&rsquo;Ant\u00f3nio da Costa Motta (oncle).<\/li>\n<li><strong>Cinema Europa<\/strong> est un espace culturel Cinema Europa, situ\u00e9 \u00e0 Rua Francisco Metrass. Cinema Europa a \u00e9t\u00e9 ouvert dans les ann\u00e9es 1930 avec un projet de Raul Martins, ayant \u00e9t\u00e9 l&rsquo;un des cin\u00e9mas les plus importants de la ville de Lisbonne. Le <em>Cinema Europa<\/em> a fonctionn\u00e9 comme un cin\u00e9ma jusqu&rsquo;en 1981 et a finalement \u00e9t\u00e9 d\u00e9moli en 2010. Le b\u00e2timent a ensuite \u00e9t\u00e9 r\u00e9cup\u00e9r\u00e9 par le mouvement civique SOS Cinema Europa, qui a r\u00e9uni des citoyens du quartier de Campo de Ourique et de la ville de Lisbonne pour reconstruire le b\u00e2timent. Les principales attractions de <em>Cinema Europa<\/em> sont la <em>Library of Cinema<\/em>; et le <em>Alto-Relevo<\/em>, d&rsquo;Euclides Vaz<\/li>\n<li><strong>Igreja de Santa Isabel<\/strong> est une \u00e9glise du XVIIIe si\u00e8cle situ\u00e9e \u00e0 Rua Saraiva de Carvalho. L&rsquo;\u00e9glise a \u00e9t\u00e9 inaugur\u00e9e en 1748 con\u00e7ue dans le style n\u00e9oclassique, avec une vaste dimension int\u00e9rieure et un retable principal en sculpture dor\u00e9e.<\/li>\n<li>Centre commercial Twin Towers<\/li>\n<li>Couvent de Senhor Jesus da Boa Morte<\/li>\n<li>\u00c9glise du Coll\u00e8ge de Notre-Dame da Concei\u00e7\u00e3o de Campolide<\/li>\n<li>Mosqu\u00e9e Central de Lisboa<\/li>\n<li>Oficinas de S\u00e3o Jos\u00e9<\/li>\n<li>Cour dos Artistas<\/li>\n<li>Carr\u00e9 de Campolide<\/li>\n<li>Carr\u00e9 de Espanha<\/li>\n<li>th\u00e9\u00e2tre Aberto<\/li>\n<\/ul>\n<h2><span class=\"ez-toc-section\" id=\"Principales_rues_et_places_de_Campo_de_Ourique_et_Amoreiras\"><\/span>Principales rues et places de Campo de Ourique et Amoreiras<span class=\"ez-toc-section-end\"><\/span><\/h2>\n<p><strong>Rue Coelho da Rocha<\/strong> est l&rsquo;une des rues centrales de Campo de Ourique, avec une connexion entre Rua Sampaio Brito, Rue Saraiva de Carvalho et Rue da Estrela. La rue est ainsi d\u00e9sign\u00e9e pour honorer Manuel Ant\u00f3nio Coelho da Rocha (1793-1850), professeur d&rsquo;universit\u00e9 pr\u00eatre \u00e0 Coimbra et d\u00e9put\u00e9 \u00e0 la Chambre des d\u00e9put\u00e9s en 1836. Les principaux points d&rsquo;int\u00e9r\u00eat existant sur <em>Rue Coelho da Rocha<\/em> sont: le march\u00e9 municipal de <em>Campo de Ourique<\/em>; et la <em>Casa-Museu Fernando Pessoa <\/em>.<\/p>\n<p><strong>Rue Saraiva de Carvalho<\/strong> est l&rsquo;une des rues les plus fr\u00e9quent\u00e9es du quartier Campo de Ourique, avec une connexion entre la Pra\u00e7a S\u00e3o Jo\u00e3o Bosco et la Rue Saraiva de Carvalho. La <em>Rue Saraiva de Carvalho<\/em> porte le nom de Saraiva de Carvalho (1839-1882), adjointe, professeur de droit \u00e0 Coimbra et propri\u00e9taire de l&rsquo;un des plus importants cabinets d&rsquo;avocats de la ville de Lisbonne au cours de 19e si\u00e8cle. Les principaux points d&rsquo;int\u00e9r\u00eat sont les <em>Igreja do Santo Condest\u00e1vel<\/em>; les <em>Salesianos de Lisboa<\/em>; et les <em>Livraria Salesiana de Lisboa <\/em><\/p>\n<p><strong>Pra\u00e7a S\u00e3o Jo\u00e3o Bosco<\/strong> est une place dans le quartier Campo de Ourique \u00e0 proximit\u00e9 du Cemit\u00e9rio dos Prazeres et des Salesianos \u00e0 Lisbonne, avec une connexion \u00e0 Estrada dos Prazeres, Rue Sampaio Bruno, Rue Saraiva de Carvalho et Rue Coronel Ribeiro Viana. La <em>Place Saint-Jean-Bosco<\/em> est ainsi nomm\u00e9e parce que Saint-Jean-Bosco \u00e9tait responsable de la <em>fondation des sal\u00e9siens en Italie<\/em>, <em>une m\u00e9thode d&rsquo;enseignement pr\u00e9ventive avec absence totale de peine <\/em>. Actuellement, les <strong>sal\u00e9siens existent dans plusieurs pays<\/strong>, \u00e0 savoir l&rsquo;Italie, l&rsquo;Espagne, le Portugal, la France, l&rsquo;Angleterre, la Belgique, la Suisse, l&rsquo;Autriche, la Palestine, l&rsquo;Alg\u00e9rie, le Mexique, l&rsquo;Argentine, l&rsquo;\u00c9quateur, le Br\u00e9sil, le Paraguay, la Bolivie, Uruguay, Chili, P\u00e9rou, Venezuela, Colombie et \u00c9tats-Unis d&rsquo;Am\u00e9rique. Les principales attractions existantes \u00e0 proximit\u00e9 de <em>Pra\u00e7a S\u00e3o Jo\u00e3o Bosco<\/em> sont: le Cemit\u00e9rio dos Prazeres; les sal\u00e9siens de Lisbonne; le Jardim dos Prazeres; et la statue de Don Bosco.<\/p>\n<p><strong>La rue Maria Pia<\/strong> est l&rsquo;une des rues d&rsquo;entr\u00e9e et de sortie du centre de Lisbonne et l&rsquo;une des plus grandes rues de Campo de Ourique, avec une connexion entre Rua Arco do Carvalh\u00e3o et Rua Jo\u00e3o de Oliveira Miguel. La <em>Rua Maria Pia<\/em> est ainsi d\u00e9sign\u00e9e pour honorer la reine du Portugal Maria Pia de Sab\u00f3ia (1847-1911), \u00e9pouse du roi Dom Lu\u00eds. Les principaux points d&rsquo;int\u00e9r\u00eat de <em>Rua Maria Pia<\/em> sont: <em>Vila Graciete<\/em>, un ancien village ouvrier; Vila Neves est \u00e9galement un ancien village ouvrier; et la gare d&rsquo;Alc\u00e2ntara.<\/p>\n<h2><span class=\"ez-toc-section\" id=\"Etablissements_denseignement_a_Campo_de_Ourique_et_Amoreiras\"><\/span>\u00c9tablissements d&rsquo;enseignement \u00e0 Campo de Ourique et Amoreiras<span class=\"ez-toc-section-end\"><\/span><\/h2>\n<ul>\n<li>L&rsquo;\u00e9cole Mestre Querubim Lapa<\/li>\n<li>Lyc\u00e9e Josefa de \u00d3bidos<\/li>\n<li>Lyc\u00e9e Fran\u00e7ais Charles Lepierre<\/li>\n<li>NOVA IMS Information Management School<\/li>\n<li>Salesianos de Lisboa<\/li>\n<li>Universit\u00e9 Nova de Lisboa<\/li>\n<\/ul>\n<h2><span class=\"ez-toc-section\" id=\"Developpements_touristiques_a_Campo_de_Ourique_et_Amoreiras\"><\/span>D\u00e9veloppements touristiques \u00e0 Campo de Ourique et Amoreiras<span class=\"ez-toc-section-end\"><\/span><\/h2>\n<ul>\n<li>Altis Prime Hotel<\/li>\n<li>Corinthia Hotel Lisbon<\/li>\n<li>Epic Sana Lisboa Hotel<\/li>\n<li>Four Seasons Hotel Ritz Lisbon<\/li>\n<li>Hotel The Vintage Lisboa<\/li>\n<li>Intercontinental Lisboa<\/li>\n<li>Marriott Hotel<\/li>\n<\/ul>\n<h2><span class=\"ez-toc-section\" id=\"Transport_et_acces_a_Campo_de_Ourique_et_Amoreiras\"><\/span>Transport et acc\u00e8s \u00e0 Campo de Ourique et Amoreiras<span class=\"ez-toc-section-end\"><\/span><\/h2>\n<ul>\n<li>Trains:\n<ul>\n<li>Gare Campolide<\/li>\n<\/ul>\n<\/li>\n<li>Trams:\n<ul>\n<li>Num\u00e9ro 25<\/li>\n<li>Num\u00e9ro 28<\/li>\n<\/ul>\n<\/li>\n<li>M\u00e9tropolitain:\n<ul>\n<li>Station de m\u00e9tro Rato (ligne jaune)<\/li>\n<li>Station de m\u00e9tro S\u00e3o Sebasti\u00e3o (lignes rouges et bleues)<\/li>\n<\/ul>\n<\/li>\n<li>Parking souterrain sur la place de l&rsquo;\u00e9glise Santo Condest\u00e1vel<\/li>\n<\/ul>\n<h2><span class=\"ez-toc-section\" id=\"Localisation_de_la_paroisse_de_Campo_de_Ourique_sur_la_carte_de_Lisbonne\"><\/span>Localisation de la paroisse de Campo de Ourique sur la carte de Lisbonne<span class=\"ez-toc-section-end\"><\/span><\/h2>\n<div class=\"mceTemp\">\n<dl id=\"attachment_2369\" class=\"wp-caption alignleft\" style=\"width: 1280px;\" data-mce-style=\"width: 1280px;\">\n<dt class=\"wp-caption-dt\"><a href=\"https:\/\/xrei.com\/images\/mapa-campo-de-ourique.jpg\" data-mce-href=\"https:\/\/xrei.com\/images\/mapa-campo-de-ourique.jpg\"><img loading=\"lazy\" decoding=\"async\" class=\"size-full wp-image-2369\" src=\"https:\/\/xrei.com\/images\/mapa-campo-de-ourique.jpg\" alt=\"Localisation de la paroisse Campo de Ourique sur la carte de Lisbonne\" width=\"1280\" height=\"1280\" data-mce-src=\"https:\/\/xrei.com\/images\/mapa-campo-de-ourique.jpg\" srcset=\"https:\/\/xrei.com\/images\/mapa-campo-de-ourique.jpg 1280w, https:\/\/xrei.com\/images\/mapa-campo-de-ourique-980x980.jpg 980w, https:\/\/xrei.com\/images\/mapa-campo-de-ourique-480x480.jpg 480w\" sizes=\"(min-width: 0px) and (max-width: 480px) 480px, (min-width: 481px) and (max-width: 980px) 980px, (min-width: 981px) 1280px, 100vw\" \/><\/a><\/dt>\n<dd class=\"wp-caption-dd\">Localisation de la paroisse Campo de Ourique sur la carte de Lisbonne<\/dd>\n<\/dl>\n<\/div>\n","protected":false},"excerpt":{"rendered":"<p>Amoreiras a \u00e9t\u00e9 le premier grand espace commercial et de services dans une ville du Portugal, cr\u00e9\u00e9 en 1985, compos\u00e9 d&rsquo;un centre commercial, d&rsquo;immeubles de bureaux et de logements. Connu sous le nom de \u00ab\u00a0Amoreiras\u00a0\u00bb, il a cr\u00e9\u00e9 un centre d&rsquo;affaires et de loisirs au centre de Campo de Ourique Campo de Ourique et Amoreiras [&hellip;]<\/p>\n","protected":false},"author":1,"featured_media":6983,"comment_status":"closed","ping_status":"open","sticky":false,"template":"","format":"standard","meta":{"_et_pb_use_builder":"","_et_pb_old_content":"","_et_gb_content_width":"","footnotes":""},"categories":[149],"tags":[],"class_list":["post-296","post","type-post","status-publish","format-standard","has-post-thumbnail","hentry","category-centre-de-lisbonne"],"_links":{"self":[{"href":"https:\/\/xrei.com\/fr\/wp-json\/wp\/v2\/posts\/296","targetHints":{"allow":["GET"]}}],"collection":[{"href":"https:\/\/xrei.com\/fr\/wp-json\/wp\/v2\/posts"}],"about":[{"href":"https:\/\/xrei.com\/fr\/wp-json\/wp\/v2\/types\/post"}],"author":[{"embeddable":true,"href":"https:\/\/xrei.com\/fr\/wp-json\/wp\/v2\/users\/1"}],"replies":[{"embeddable":true,"href":"https:\/\/xrei.com\/fr\/wp-json\/wp\/v2\/comments?post=296"}],"version-history":[{"count":0,"href":"https:\/\/xrei.com\/fr\/wp-json\/wp\/v2\/posts\/296\/revisions"}],"wp:featuredmedia":[{"embeddable":true,"href":"https:\/\/xrei.com\/fr\/wp-json\/wp\/v2\/media\/6983"}],"wp:attachment":[{"href":"https:\/\/xrei.com\/fr\/wp-json\/wp\/v2\/media?parent=296"}],"wp:term":[{"taxonomy":"category","embeddable":true,"href":"https:\/\/xrei.com\/fr\/wp-json\/wp\/v2\/categories?post=296"},{"taxonomy":"post_tag","embeddable":true,"href":"https:\/\/xrei.com\/fr\/wp-json\/wp\/v2\/tags?post=296"}],"curies":[{"name":"wp","href":"https:\/\/api.w.org\/{rel}","templated":true}]}}