{"id":626,"date":"2020-08-08T08:08:00","date_gmt":"2020-08-08T08:08:00","guid":{"rendered":"https:\/\/foiv.com\/imobiliarialisboa.com\/2020\/05\/07\/parque-das-nacoes-expo\/"},"modified":"2021-09-07T16:56:27","modified_gmt":"2021-09-07T16:56:27","slug":"parque-das-nacoes-expo","status":"publish","type":"post","link":"https:\/\/xrei.com\/es\/parque-das-nacoes-expo\/","title":{"rendered":"Parque das Na\u00e7\u00f5es, Lisboa"},"content":{"rendered":"<div id=\"attachment_3575\" style=\"width: 1290px\" class=\"wp-caption alignnone\"><a href=\"https:\/\/xrei.com\/images\/parque-das-nacoes.jpg\"><img loading=\"lazy\" decoding=\"async\" aria-describedby=\"caption-attachment-3575\" class=\"size-full wp-image-3575\" src=\"https:\/\/xrei.com\/images\/parque-das-nacoes.jpg\" alt=\"Parque das Na\u00e7\u00f5es es un barrio recreado a finales de los 90 con el objetivo de albergar la exposici\u00f3n mundial EXPO98 que tuvo lugar en Lisboa en 1998. Actualmente es el barrio m\u00e1s moderno de Lisboa, con infraestructuras de dise\u00f1o contempor\u00e1neo en una ubicaci\u00f3n junto al r\u00edo, con inmensos espacios alrededor. al aire libre para vivir el ambiente pac\u00edfico. El Parque das Na\u00e7\u00f5es tambi\u00e9n alberga eventos culturales, ferias empresariales y centro comercial\" width=\"1280\" height=\"854\" srcset=\"https:\/\/xrei.com\/images\/parque-das-nacoes.jpg 1280w, https:\/\/xrei.com\/images\/parque-das-nacoes-980x654.jpg 980w, https:\/\/xrei.com\/images\/parque-das-nacoes-480x320.jpg 480w\" sizes=\"(min-width: 0px) and (max-width: 480px) 480px, (min-width: 481px) and (max-width: 980px) 980px, (min-width: 981px) 1280px, 100vw\" \/><\/a><p id=\"caption-attachment-3575\" class=\"wp-caption-text\">Parque das Na\u00e7\u00f5es es un barrio recreado a finales de los 90 con el objetivo de albergar la exposici\u00f3n mundial EXPO98 que tuvo lugar en Lisboa en 1998. Actualmente es el barrio m\u00e1s moderno de Lisboa, con infraestructuras de dise\u00f1o contempor\u00e1neo en una ubicaci\u00f3n junto al r\u00edo, con inmensos espacios alrededor. al aire libre para vivir el ambiente pac\u00edfico. El Parque das Na\u00e7\u00f5es tambi\u00e9n alberga eventos culturales,<br \/>ferias empresariales y centro comercial<\/p><\/div>\n<div id=\"ez-toc-container\" class=\"ez-toc-v2_0_82_2 counter-hierarchy ez-toc-counter ez-toc-light-blue ez-toc-container-direction\">\n<div class=\"ez-toc-title-container\"><p class=\"ez-toc-title\" style=\"cursor:inherit\">In this article, you will get to know about...<\/p>\n<\/div><nav><ul class='ez-toc-list ez-toc-list-level-1 ' ><li class='ez-toc-page-1 ez-toc-heading-level-2'><a class=\"ez-toc-link ez-toc-heading-1\" href=\"https:\/\/xrei.com\/es\/parque-das-nacoes-expo\/#Parque_das_Nacoes\" >Parque das Na\u00e7\u00f5es<\/a><\/li><li class='ez-toc-page-1 ez-toc-heading-level-2'><a class=\"ez-toc-link ez-toc-heading-2\" href=\"https:\/\/xrei.com\/es\/parque-das-nacoes-expo\/#Organizacion_administrativa\" >Organizaci\u00f3n administrativa<\/a><\/li><li class='ez-toc-page-1 ez-toc-heading-level-2'><a class=\"ez-toc-link ez-toc-heading-3\" href=\"https:\/\/xrei.com\/es\/parque-das-nacoes-expo\/#Atracciones_para_visitar_en_el_Parque_das_Nacoes_top_10\" >Atracciones para visitar en el Parque das Na\u00e7\u00f5es (top 10)<\/a><ul class='ez-toc-list-level-3' ><li class='ez-toc-heading-level-3'><a class=\"ez-toc-link ez-toc-heading-4\" href=\"https:\/\/xrei.com\/es\/parque-das-nacoes-expo\/#Otras_atracciones_para_explorar_en_el_Parque_das_Nacoes\" >Otras atracciones para explorar en el Parque das Na\u00e7\u00f5es<\/a><\/li><li class='ez-toc-page-1 ez-toc-heading-level-3'><a class=\"ez-toc-link ez-toc-heading-5\" href=\"https:\/\/xrei.com\/es\/parque-das-nacoes-expo\/#Calles_y_plazas_principales_del_Parque_das_Nacoes\" >Calles y plazas principales del Parque das Na\u00e7\u00f5es<\/a><\/li><\/ul><\/li><li class='ez-toc-page-1 ez-toc-heading-level-2'><a class=\"ez-toc-link ez-toc-heading-6\" href=\"https:\/\/xrei.com\/es\/parque-das-nacoes-expo\/#Establecimientos_educativos_en_el_Parque_das_Nacoes\" >Establecimientos educativos en el Parque das Na\u00e7\u00f5es<\/a><\/li><li class='ez-toc-page-1 ez-toc-heading-level-2'><a class=\"ez-toc-link ez-toc-heading-7\" href=\"https:\/\/xrei.com\/es\/parque-das-nacoes-expo\/#Desarrollos_turisticos_en_Parque_das_Nacoes\" >Desarrollos tur\u00edsticos en Parque das Na\u00e7\u00f5es<\/a><\/li><li class='ez-toc-page-1 ez-toc-heading-level-2'><a class=\"ez-toc-link ez-toc-heading-8\" href=\"https:\/\/xrei.com\/es\/parque-das-nacoes-expo\/#Lugares_para_comprar_en_el_Parque_das_Nacoes\" >Lugares para comprar en el Parque das Na\u00e7\u00f5es<\/a><\/li><li class='ez-toc-page-1 ez-toc-heading-level-2'><a class=\"ez-toc-link ez-toc-heading-9\" href=\"https:\/\/xrei.com\/es\/parque-das-nacoes-expo\/#Transporte_y_acceso_en_el_Parque_das_Nacoes\" >Transporte y acceso en el Parque das Na\u00e7\u00f5es<\/a><\/li><li class='ez-toc-page-1 ez-toc-heading-level-2'><a class=\"ez-toc-link ez-toc-heading-10\" href=\"https:\/\/xrei.com\/es\/parque-das-nacoes-expo\/#Ubicacion_de_la_parroquia_del_Parque_das_Nacoes_en_el_mapa_de_Lisboa\" >Ubicaci\u00f3n de la parroquia del Parque das Na\u00e7\u00f5es en el mapa de Lisboa<\/a><\/li><li class='ez-toc-page-1 ez-toc-heading-level-2'><a class=\"ez-toc-link ez-toc-heading-11\" href=\"https:\/\/xrei.com\/es\/parque-das-nacoes-expo\/#Parque_das_Nacoes_se_encuentra_%E2%80%A6\" >Parque das Na\u00e7\u00f5es se encuentra &#8230;<\/a><\/li><\/ul><\/nav><\/div>\n<h2><span class=\"ez-toc-section\" id=\"Parque_das_Nacoes\"><\/span>Parque das Na\u00e7\u00f5es<span class=\"ez-toc-section-end\"><\/span><\/h2>\n<p>Parque das Na\u00e7\u00f5es es un barrio reciente recreado a finales de los 90 con el objetivo de organizar el evento EXPO98, la exposici\u00f3n mundial que tuvo lugar en Lisboa en 1998, donde la mayor\u00eda de los pa\u00edses del mundo estaban representados, con sus culturas y espect\u00e1culos. El Parque das Na\u00e7\u00f5es es la zona m\u00e1s moderna de la ciudad de Lisboa, con infraestructuras de dise\u00f1o contempor\u00e1neo, una parte de la ciudad creada a partir de una antigua zona industrial para originar el nuevo barrio de la ciudad de Lisboa, que llamamos Parque das Na\u00e7\u00f5es. <em> Parque das Na\u00e7\u00f5es <\/em> est\u00e1 integrado en el Consejo Parroquial de Parque das Na\u00e7\u00f5es, una zona industrial vieja y degradada de Lisboa antes de la Expo 1998. El Parque das Na\u00e7\u00f5es se transform\u00f3 en una de las zonas m\u00e1s nobles y deseables de la ciudad, con aproximadamente 5 km de zona ribere\u00f1a junto al Tajo, lo convierten en un lugar popular para familias con ni\u00f1os, ejecutivos, turistas durante el d\u00eda y j\u00f3venes para socializar y divertirse por la noche.<\/p>\n<div id=\"attachment_3581\" style=\"width: 1290px\" class=\"wp-caption alignnone\"><a href=\"https:\/\/xrei.com\/images\/parque-das-nacoes-espelho-de-agua.jpg\"><img loading=\"lazy\" decoding=\"async\" aria-describedby=\"caption-attachment-3581\" class=\"size-full wp-image-3581\" src=\"https:\/\/xrei.com\/images\/parque-das-nacoes-espelho-de-agua.jpg\" alt=\"Los entornos del Parque das Na\u00e7\u00f5es se componen de temas variados, a saber, el agua, que est\u00e1 presente en muchos lugares, desde espejos de agua hasta jardines con tema acu\u00e1tico, el Oceanario de Lisboa, la proximidad del r\u00edo y el centro comercial Vasco da Gama. , con varios ambientes relacionados con el oc\u00e9ano, incluido el ambiente relajante de la cascada de agua presente en el techo del edificio\" width=\"1280\" height=\"854\" srcset=\"https:\/\/xrei.com\/images\/parque-das-nacoes-espelho-de-agua.jpg 1280w, https:\/\/xrei.com\/images\/parque-das-nacoes-espelho-de-agua-980x654.jpg 980w, https:\/\/xrei.com\/images\/parque-das-nacoes-espelho-de-agua-480x320.jpg 480w\" sizes=\"(min-width: 0px) and (max-width: 480px) 480px, (min-width: 481px) and (max-width: 980px) 980px, (min-width: 981px) 1280px, 100vw\" \/><\/a><p id=\"caption-attachment-3581\" class=\"wp-caption-text\">Los entornos del Parque das Na\u00e7\u00f5es se componen de temas variados, a saber, el agua, que est\u00e1 presente en muchos lugares, desde espejos de agua hasta jardines con tema acu\u00e1tico, el Oceanario de Lisboa, la proximidad del r\u00edo y el centro comercial Vasco da Gama. , con varios ambientes relacionados con el oc\u00e9ano, incluido el ambiente relajante de la cascada de agua presente en el techo del edificio<\/p><\/div>\n<p>La Expo, como tambi\u00e9n se la conoce, es uno de los principales lugares de vida nocturna en la capital portuguesa debido a la calle de bares y clubes que se encuentran aqu\u00ed. El Parque das Na\u00e7\u00f5es es muy buscado por los amantes de la arquitectura contempor\u00e1nea debido a los diversos edificios de la arquitectura moderna, a saber, el Pabell\u00f3n portugu\u00e9s de \u00c1lvaro Siza Vieira, el Oceanario de Lisboa de Peter Chermayeff, el Pabell\u00f3n Atl\u00e1ntico de Regino Cruz , Teatro Cam\u00f5es de Manuel Salgado y Gare do Oriente de Santiago Calatrava;<\/p>\n<div id=\"attachment_3593\" style=\"width: 1290px\" class=\"wp-caption alignnone\"><a href=\"https:\/\/xrei.com\/images\/pavilhao-de-portugal.jpg\"><img loading=\"lazy\" decoding=\"async\" aria-describedby=\"caption-attachment-3593\" class=\"size-full wp-image-3593\" src=\"https:\/\/xrei.com\/images\/pavilhao-de-portugal.jpg\" alt=\"Pavilh\u00e3o de Portugal es un edificio catalogado como Monumento de Inter\u00e9s P\u00fablico por el proyecto del arquitecto Siza Vieira que consiste en una plaza cubierta por el pico de hormig\u00f3n m\u00e1s grande suspendido por cables de acero, definido por dos p\u00f3rticos de hormig\u00f3n. La idea se basa en la idea de una hoja de papel apoyada sobre dos ladrillos. Esta obra gan\u00f3 el Premio Valmor en 1998. Actualmente, el Pavilh\u00e3o de Portugal est\u00e1 a cargo de la Universidad de Lisboa, que asigna espacio a una actividad en \u00e1reas como educaci\u00f3n, investigaci\u00f3n cient\u00edfica, promoci\u00f3n del conocimiento y presentaci\u00f3n a la sociedad laboral. que es desarrollado por la Universidad.\" width=\"1280\" height=\"854\" srcset=\"https:\/\/xrei.com\/images\/pavilhao-de-portugal.jpg 1280w, https:\/\/xrei.com\/images\/pavilhao-de-portugal-980x654.jpg 980w, https:\/\/xrei.com\/images\/pavilhao-de-portugal-480x320.jpg 480w\" sizes=\"(min-width: 0px) and (max-width: 480px) 480px, (min-width: 481px) and (max-width: 980px) 980px, (min-width: 981px) 1280px, 100vw\" \/><\/a><p id=\"caption-attachment-3593\" class=\"wp-caption-text\">Pavilh\u00e3o de Portugal es un edificio catalogado como Monumento de Inter\u00e9s P\u00fablico por el proyecto del arquitecto Siza Vieira que consiste en una plaza cubierta por el pico de hormig\u00f3n m\u00e1s grande suspendido por cables de acero, definido por dos p\u00f3rticos de hormig\u00f3n. La idea se basa en la idea de una hoja de papel apoyada sobre dos ladrillos. Esta obra gan\u00f3 el Premio Valmor en 1998. Actualmente, el Pavilh\u00e3o de Portugal est\u00e1 a cargo de la Universidad de Lisboa, que asigna espacio a una actividad en \u00e1reas como educaci\u00f3n, investigaci\u00f3n cient\u00edfica, promoci\u00f3n del conocimiento y presentaci\u00f3n a la sociedad laboral. que es desarrollado por la Universidad.<\/p><\/div>\n<p>Para los amantes de la naturaleza, el Parque das Na\u00e7\u00f5es tiene aproximadamente un tercio del territorio poblado de jardines y zonas verdes con arte urbano, a saber, la Alameda dos Oceanos, los Jardines Garc\u00eda d&#8217;Orta y los Jardines Colgantes; edificios con dibujos de Ant\u00f3nio Segui, Arthur Boyd y Err\u00f3, o con obras de Adalgisa Duarte, Ant\u00f3nio Vidigal y Jo\u00e3o Cutileiro en avenidas y aceras<\/p>\n<div id=\"attachment_3614\" style=\"width: 1290px\" class=\"wp-caption alignnone\"><a href=\"https:\/\/xrei.com\/images\/torre-vasco-da-gama.jpg\"><img loading=\"lazy\" decoding=\"async\" aria-describedby=\"caption-attachment-3614\" class=\"size-full wp-image-3614\" src=\"https:\/\/xrei.com\/images\/torre-vasco-da-gama.jpg\" alt=\"La Torre Vasco da Gama es el rascacielos m\u00e1s alto de Portugal, una torre de estructura mixta de unos 140 m de altura. La arquitectura de Leonor Janeiro, Nick Jacobs y SOM (Skidmore, Owings y Merrill) se inspir\u00f3 en la forma de las velas de una carabela, con la estructura del r\u00edo. Durante la exposici\u00f3n EXPO98, un restaurante de lujo con vistas panor\u00e1micas sobre el r\u00edo Tajo funcion\u00f3 en la parte superior de la torre. La Torre funciona actualmente como un hotel de lujo en la cadena SANA Hot\u00e9is, con un nuevo edificio agregado a la torre inicial\" width=\"1280\" height=\"894\" srcset=\"https:\/\/xrei.com\/images\/torre-vasco-da-gama.jpg 1280w, https:\/\/xrei.com\/images\/torre-vasco-da-gama-980x684.jpg 980w, https:\/\/xrei.com\/images\/torre-vasco-da-gama-480x335.jpg 480w\" sizes=\"(min-width: 0px) and (max-width: 480px) 480px, (min-width: 481px) and (max-width: 980px) 980px, (min-width: 981px) 1280px, 100vw\" \/><\/a><p id=\"caption-attachment-3614\" class=\"wp-caption-text\">La Torre Vasco da Gama es el rascacielos m\u00e1s alto de Portugal, una torre de estructura mixta de unos 140 m de altura. La arquitectura de Leonor Janeiro, Nick Jacobs y SOM (Skidmore, Owings y Merrill) se inspir\u00f3 en la forma de las velas de una carabela, con la estructura del r\u00edo. Durante la exposici\u00f3n EXPO98, un restaurante de lujo con vistas panor\u00e1micas sobre el r\u00edo Tajo funcion\u00f3 en la parte superior de la torre. La Torre funciona actualmente como un hotel de lujo en la cadena SANA Hot\u00e9is, con un nuevo edificio agregado a la torre inicial<\/p><\/div>\n<p>El Parque das Na\u00e7\u00f5es es uno de los principales puntos de llegada y salida del transporte de pasajeros en Lisboa, con trenes (suburbanos y de larga distancia), autobuses, metro (con conexi\u00f3n directa al aeropuerto de Lisboa) y taxis. Parque das Na\u00e7\u00f5es es un lugar moderno, cosmopolita y multicultural, donde puede pasear, hacer deporte, hacer negocios y vivir de manera segura.<\/p>\n<h2 id=\"organizaci-n-administrativa\"><span class=\"ez-toc-section\" id=\"Organizacion_administrativa\"><\/span>Organizaci\u00f3n administrativa<span class=\"ez-toc-section-end\"><\/span><\/h2>\n<p>Parque das Na\u00e7\u00f5es es administrado por el Consejo Parroquial de Parque das Na\u00e7\u00f5es.<\/p>\n<h2 id=\"atracciones-para-visitar-en-el-parque-das-na-es-top-10-\"><span class=\"ez-toc-section\" id=\"Atracciones_para_visitar_en_el_Parque_das_Nacoes_top_10\"><\/span>Atracciones para visitar en el Parque das Na\u00e7\u00f5es (top 10)<span class=\"ez-toc-section-end\"><\/span><\/h2>\n<ol>\n<li><strong>Ocean\u00e1rio de Lisboa<\/strong> es uno de los acuarios p\u00fablicos m\u00e1s grandes del mundo, ubicado en Esplanada Dom Carlos I. Ocean\u00e1rio de Lisboa fue inaugurado en 1998 con un proyecto del arquitecto Peter Chermayeff con el objetivo para atraer la atenci\u00f3n del p\u00fablico sobre la sobreexplotaci\u00f3n de los oc\u00e9anos, presentando las siguientes atracciones:\n<ul>\n<li>Acuario central con aproximadamente 5 millones de litros de agua salada;<\/li>\n<li>M\u00e1s de 1 mill\u00f3n de visitantes por a\u00f1o;<\/li>\n<li>Exposici\u00f3n de Bosques Sumergidos de Takashi Amano;<\/li>\n<li>Animales del Oceanario &#8211; con m\u00e1s de 25 mil especies, a saber, nutrias de mar, ping\u00fcinos de Magallanes, ping\u00fcinos saltando, an\u00e9monas y tiburones.<\/li>\n<\/ul>\n<\/li>\n<li><strong>Casino de Lisboa<\/strong> es el casino m\u00e1s grande de Portugal, ubicado en Alameda dos Oceanos. El Casino de Lisboa se abri\u00f3 en 2006, recibiendo aproximadamente dos millones de visitantes por a\u00f1o, con los siguientes puntos destacados:\n<ul>\n<li><strong>3 restaurantes de Casino de Lisboa<\/strong> son: <strong>Le Buffet<\/strong>, un restaurante con buffet de especialidades portuguesas; <strong>Hua Ta Li<\/strong> &#8211; restaurante de lujo con cocina china; <strong>BelTejo<\/strong> &#8211; espacio para cumplea\u00f1os, galas, reuniones o cenas.<\/li>\n<li><strong>4 bares del Casino de Lisboa<\/strong> son: Arena Lounge; Paly Bar; Joker Bar; Baccarat Bar.<\/li>\n<li><strong>2 lugares para espect\u00e1culos<\/strong>:<\/li>\n<li>\n<ul>\n<li><strong>Arena Lounge<\/strong> la sala donde se llevan a cabo los espect\u00e1culos de circo y m\u00fasica en vivo;<\/li>\n<\/ul>\n<\/li>\n<li>\n<ul>\n<li><strong>Audit\u00f3rio dos Oceanos<\/strong>, el espacio privilegiado para la exhibici\u00f3n de obras de teatro.<\/li>\n<\/ul>\n<\/li>\n<li><strong>1100 m\u00e1quinas tragamonedas <\/strong><\/li>\n<li><strong>Stands de ruleta<\/strong>, <strong>Blackjack<\/strong>, <strong>Caribbean Stud Poker<\/strong>, <strong>Banca francesa<\/strong> y <strong>Ponto e Banca<\/strong>,<\/li>\n<\/ul>\n<\/li>\n<li><strong>El Centro Comercial Vasco da Gama<\/strong> es un centro comercial con mucha luz natural debido a la moderna construcci\u00f3n de vidrio, con 4 pisos de tiendas y restaurantes con amplios espacios, varios pisos de estacionamiento, ubicados en Avenida Dom Jo\u00e3o II. El Centro Comercial Vasco da Gama fue inaugurado en 1999, dise\u00f1ado para honrar al navegante Vasco da Gama, presentando las siguientes atracciones: 170 tiendas con 2 pisos de restaurantes, con las principales marcas de ready to wear, lectura, tecnolog\u00eda e hipermercado; 6 salas de cine; 1 club de salud.<\/li>\n<li><strong>Pavilh\u00e3o de Portugal<\/strong> es un <em> espacio multicultural gestionado por la Universidad de Lisboa<\/em>, ubicado en Alameda dos Oceanos. El Pabell\u00f3n de Portugal se inaugur\u00f3 en 1998 con un proyecto del arquitecto \u00c1lvaro Siza Vieira, que presenta los siguientes puntos de inter\u00e9s:\n<ul>\n<li>Plaza central utilizada para ceremonias oficiales y otros eventos p\u00fablicos de aproximadamente 60 por 50 metros;<\/li>\n<li>Visera de hormig\u00f3n pre-reforzado con 1400 toneladas de peso, uno de los grandes proyectos innovadores del arquitecto Siza Vieira; y el centro de exposiciones.<\/li>\n<\/ul>\n<\/li>\n<li><strong>Pavilh\u00e3o do Conhecimento<\/strong> es el espacio donde el <strong>Centro Ci\u00eancia Viva<\/strong> est\u00e1 ubicado en el Parque das Na\u00e7\u00f5es, ubicado en Largo Jos\u00e9 Mariano Gago. El Pabell\u00f3n del Conocimiento se inaugur\u00f3 en 1998 con un proyecto del arquitecto Carrilho da Gra\u00e7a, y luego se convirti\u00f3 en el Centro Ci\u00eancia Viva, un <em> museo de ciencias interactivo<\/em>. El Centro Ci\u00eancia Viva tiene varias actividades y espacios, a saber: Circuitos Ci\u00eancia Viva; Auditorio Biblioteca; Cafeteria Aumento de la exposici\u00f3n al hacer; Exposici\u00f3n Explora; Exposici\u00f3n de m\u00f3dulos de escape; Exposici\u00f3n de Mujeres en la Ciencia; Academia Ci\u00eancia Viva.<\/li>\n<li><strong>Teatro Cam\u00f5es<\/strong> es un espacio cultural donde se llevan a cabo diversas actuaciones, ubicado en el Parque das Na\u00e7\u00f5es, cerca del Ocean\u00e1rio. El Teatro Cam\u00f5es fue inaugurado en 1998 con un proyecto del arquitecto Manuel Salgado, presentando los siguientes puntos de inter\u00e9s: una fachada de vidrio frente al r\u00edo Tajo; un auditorio con 873 asientos; y el Orchestra Space, de 16 metros de ancho y 5,5 metros de profundidad.<\/li>\n<li><strong>Jardim Alameda dos Oceanos<\/strong> es un centro comercial de aproximadamente dos kil\u00f3metros de largo, ubicado en Alameda dos Oceanos. El jard\u00edn se abri\u00f3 en 1998, con tres caminos diferentes, a saber:\n<ul>\n<li><strong>Caminho Sul<\/strong> ubicado entre Torre da Galp y Rotunda do Cabe\u00e7o das Rolas;<\/li>\n<li><strong>Caminho da Gare do Oriente<\/strong> es el camino m\u00e1s ancho y arbolado ubicado cerca de Gare do Oriente y el Pavilh\u00e3o de Portugal;<\/li>\n<li><strong>Caminho Norte<\/strong> es el camino con fuentes, juegos de agua y arbustos.<\/li>\n<\/ul>\n<\/li>\n<li><strong>Telecabine Lisboa<\/strong> es un telef\u00e9rico, ubicado en el Parque das Na\u00e7\u00f5es que recorre toda la costa de la exposici\u00f3n, con conexi\u00f3n entre la antigua Torre Vasco da Gama y el Oceanario. El telef\u00e9rico se inaugur\u00f3 en 1998, con cuarenta cabinas con capacidad para ocho pasajeros, ofreciendo una vista sobre el Parque das Na\u00e7\u00f5es y el r\u00edo Tajo en un viaje de 8 a 12 minutos en una longitud de 1230 metros, a 30 metros de altura.<\/li>\n<li><strong>Esta\u00e7\u00e3o do Oriente<\/strong> es una estaci\u00f3n de arquitectura moderna que alberga las estaciones de tren, autob\u00fas y metro, ubicadas en la Avenida Dom Jo\u00e3o II. Esta\u00e7\u00e3o do Oriente se abri\u00f3 en 1998 con un proyecto del arquitecto Santiago Calatrava, siendo una de las interfaces de transporte m\u00e1s importantes de la ciudad de Lisboa, ya que es atendida por tren, autob\u00fas, metro y taxis. Esta\u00e7\u00e3o do Oriente recibi\u00f3 el <strong>Premio de Arquitectura Brunel en 1998<\/strong>, con la cubierta de vidrio en el piso superior como el principal destaque.<\/li>\n<li><strong>MEO ARENA (Pavilh\u00e3o Atl\u00e2ntico)<\/strong> es el pabell\u00f3n de eventos y espect\u00e1culos m\u00e1s grande del pa\u00eds, ubicado en Rossio dos Olivais. MEO ARENA (Pavilh\u00e3o Atl\u00e2ntico) se inaugur\u00f3 en 1998 con un proyecto del arquitecto Regino Cruz y la oficina internacional Skidmore, Owings y Merril. MEO ARENA (Pavilh\u00e3o Atl\u00e2ntico) fue el escenario de varios conciertos de m\u00fasica nacionales e internacionales, eventos empresariales y municipales y eventos pol\u00edticos.<\/li>\n<\/ol>\n<h3 id=\"otras-atracciones-para-explorar-en-el-parque-das-na-es\"><span class=\"ez-toc-section\" id=\"Otras_atracciones_para_explorar_en_el_Parque_das_Nacoes\"><\/span>Otras atracciones para explorar en el Parque das Na\u00e7\u00f5es<span class=\"ez-toc-section-end\"><\/span><\/h3>\n<ul>\n<li><strong>Puente Vasco da Gama<\/strong> es el puente m\u00e1s largo de Europa y el cuarto m\u00e1s extenso del mundo, con una conexi\u00f3n entre Lisboa y Montijo. El Puente Vasco da Gama se inaugur\u00f3 en 1998 con su nombre actual para honrar a Vasco da Gama en el a\u00f1o que celebr\u00f3 el 500 aniversario de su llegada a la India, con un proyecto de TPF Consultores. El puente Vasco da Gama tiene varias caracter\u00edsticas importantes, a saber:\n<ul>\n<li>Extensi\u00f3n de m\u00e1s de 17 km;<\/li>\n<li>Torres centrales de 150 metros de altura;<\/li>\n<li>Bandeja 47 metros sobre el nivel del agua;<\/li>\n<li>Tres estaciones meteorol\u00f3gicas a lo largo del puente;<\/li>\n<li>91 c\u00e1maras de gesti\u00f3n del tr\u00e1fico.<\/li>\n<\/ul>\n<\/li>\n<li><strong>Parque Tejo<\/strong> es un sitio ajardinado, ubicado en Passeio do Tejo. El Parque Tejo fue inaugurado en 1998, con una conexi\u00f3n entre el Parque das Na\u00e7\u00f5es y la desembocadura del r\u00edo Tranc\u00e3o. Parque Tejo tiene los siguientes puntos de inter\u00e9s:\n<ul>\n<li>Sitio ajardinado a lo largo del r\u00edo Tajo;<\/li>\n<li>Zona muy frecuentada los fines de semana por liserguenses y turistas para descansar y practicar actividades deportivas;<\/li>\n<li>Lugar privilegiado para la observaci\u00f3n de aves a lo largo del estuario del Tajo.<\/li>\n<\/ul>\n<\/li>\n<li><strong>Rossio dos Olivais<\/strong> es el centro del Parque das Na\u00e7\u00f5es, ubicado entre el Centro Comercial Vasco da Gama y el Pabell\u00f3n del Atl\u00e1ntico. Rossio dos Olivais es conocido por la presencia de las banderas de los pa\u00edses que participaron en la Exposici\u00f3n Universal de Lisboa en 1998, por el corredor de agua y por la gran cantidad de \u00e1rboles plantados.<\/li>\n<li><strong>Marina do Parque das Na\u00e7\u00f5es<\/strong> es uno de los puertos deportivos m\u00e1s recientes de la ciudad de Lisboa, ubicado en Rua Rio Tejo. El puerto deportivo tiene una capacidad para 602 amarres para embarcaciones de hasta 25 metros en la Cuenca Sur y cruceros o mega yates de hasta 230 metros en Ponte Cais. La marina ofrece los siguientes servicios: apoyo marinero; Hipermercado con entrega de compras directas en el barco; Servicio de lavander\u00eda; Libros y pel\u00edculas para uso del cliente; Bancos; Cuidados de la salud; Alquiler de bicicletas; Fiestas de cumplea\u00f1os<\/li>\n<li><strong>Sky Bar Oriente<\/strong> es una azotea, ubicada en la Avenida Dom Jo\u00e3o II. El Sky Bar Oriente cuenta con una vista panor\u00e1mica del r\u00edo Tajo y el Parque das Na\u00e7\u00f5es; y el bar panor\u00e1mico.<\/li>\n<li><strong>Torre da Galp<\/strong> es una antigua torre de petr\u00f3leo, ubicada en la Rua Tom\u00e1s da Fonseca. Torre da Galp es un ejemplo de arqueolog\u00eda industrial, recuperada para la Exposici\u00f3n Universal de 1998 en Lisboa para recordar el per\u00edodo en que el Parque das Na\u00e7\u00f5es era una refiner\u00eda de petr\u00f3leo.<\/li>\n<li><strong>LX Skate Park<\/strong> es un parque de skate, ubicado en el Parque das Na\u00e7\u00f5es. El LX Skate Park presenta como un punto de inter\u00e9s la variedad de rampas y obst\u00e1culos para las maniobras de skate, la calidad del piso para el skateboard, la proximidad del paseo ribere\u00f1o del Parque das Na\u00e7\u00f5es; y la proximidad del puente Vasco da Gama.<\/li>\n<li><strong>Jard\u00edn Cabe\u00e7o das Rolas<\/strong> es un jard\u00edn en el Parque das Na\u00e7\u00f5es, ubicado en la Avenida Ulisses. El jard\u00edn de Cabe\u00e7o das Rolas tiene la curiosidad de estar a 33 metros sobre el nivel del agua del r\u00edo Tajo, ya que fue un lugar para el paso de palomas. El jard\u00edn de Cabe\u00e7o das Rolas tiene los siguientes puntos de inter\u00e9s: vista sobre el r\u00edo Tajo y el puente Vasco da Gama; Lago con 2500 m2; Fuentes y fuentes; Varias especies de \u00e1rboles, a saber, naranjos, cipreses y olivos.<\/li>\n<li><strong>Jard\u00edn Garcia d\u2019Orta<\/strong> es un jard\u00edn de flora ex\u00f3tica, ubicado en Rua Alfredo Pimenta. Jard\u00edn Garcia d&#8217;Orta fue inaugurado en 1998 con un proyecto del arquitecto paisajista Jo\u00e3o Gomes da Silva, con especies de plantas de Cabo Verde, Goa, Santo Tom\u00e9 y Pr\u00edncipe y las Azores y Madeira.<\/li>\n<li><strong>Jardines d\u2019\u00c1gua<\/strong> son \u200b\u200bespacios ajardinados con temas relacionados con el agua, ubicados en la zona ribere\u00f1a del Parque das Na\u00e7\u00f5es. Jardins d\u2019\u00c1gua se inauguraron en 1998, presentando los siguientes puntos de inter\u00e9s: Jardines da Palmeira; Huerto mediterr\u00e1neo; Lago Ulises; Edificio en cascada; Jard\u00edn Hidr\u00e1ulico.<\/li>\n<li><strong>Hospital CUF Descobertas<\/strong> es uno de los hospitales de renombre en la ciudad de Lisboa, ubicado en la Rua M\u00e1rio Botas. El CUF Descobertas Hospital fue inaugurado en 2001, con una capacidad diaria de aproximadamente 1500 consultas, 2000 ex\u00e1menes, 300 emergencias, 60 operaciones, 10 partos y 35 pacientes dados de alta. El Hospital CUF Descobertas ofrece los siguientes espacios:\n<ul>\n<li>158 camas de hospital<\/li>\n<li>Sala de operaciones central con 5 habitaciones<\/li>\n<li>Bloque de entrega con 3 habitaciones<\/li>\n<li>116 oficinas de consulta especializadas<\/li>\n<\/ul>\n<\/li>\n<li><strong>Roteiro Arte Urbana<\/strong>, con las diversas \u00e1reas de exhibici\u00f3n de arte urbano en el Parque das Na\u00e7\u00f5es, a saber:\n<ul>\n<li>paneles de azulejos de Abdoulaye Konat\u00e9;<\/li>\n<li>Trabajo de ngela Ferreira;<\/li>\n<li>Estructura de Ant\u00f3nio Vidigal;<\/li>\n<li>Estatua que representa a la Reina Do\u00f1a Catarina de Bragan\u00e7a de Audrey Flack;<\/li>\n<li>Paneles en mosaico que representan personajes de dibujos animados del artista island\u00e9s Err\u00f3;<\/li>\n<li>Obras de Fernanda Fragateiro, a saber, Jardim das Ondas, estatua que representa una jirafa;<\/li>\n<li>Cal\u00e7ada Portuguesa representando las olas del mar frente a las banderas de los pa\u00edses que participaron en la Exposici\u00f3n Universal de Lisboa, por Fernando Conduto;<\/li>\n<li>Panel de azulejos del edificio ECRAN de Jorge Martins;<\/li>\n<li>Escultura de hierro de aproximadamente 20 metros de altura y 15 toneladas que representan al Sol, de Jorge Vieira;<\/li>\n<li>Acera portuguesa que representa monstruos marinos de Pedro Proen\u00e7a.<\/li>\n<\/ul>\n<\/li>\n<\/ul>\n<div id=\"attachment_3587\" style=\"width: 1290px\" class=\"wp-caption alignnone\"><a href=\"https:\/\/xrei.com\/images\/parque-das-nacoes-zona-comercial.jpg\"><img loading=\"lazy\" decoding=\"async\" aria-describedby=\"caption-attachment-3587\" class=\"size-full wp-image-3587\" src=\"https:\/\/xrei.com\/images\/parque-das-nacoes-zona-comercial.jpg\" alt=\"El centro comercial Vasco da Gama es un centro comercial con m\u00e1s de 50.000 metros cuadrados, aproximadamente 170 tiendas repartidas en 3 pisos, que incluyen 33 restaurantes, 6 salas de cine, un Health Club y diversos servicios al cliente. Tambi\u00e9n cuenta con estacionamiento techado con capacidad para 2.523 plazas. El nombre Vasco da gama es un homenaje a Vasco da Gama, descubridor de la ruta mar\u00edtima a la India. La arquitectura del centro comercial Vasco da Gama est\u00e1 dise\u00f1ada por el arquitecto Jos\u00e9 Quintela, con el objetivo de evocar recuerdos de los mares y oc\u00e9anos, con el ambiente del interior de un gran barco.\" width=\"1280\" height=\"854\" srcset=\"https:\/\/xrei.com\/images\/parque-das-nacoes-zona-comercial.jpg 1280w, https:\/\/xrei.com\/images\/parque-das-nacoes-zona-comercial-980x654.jpg 980w, https:\/\/xrei.com\/images\/parque-das-nacoes-zona-comercial-480x320.jpg 480w\" sizes=\"(min-width: 0px) and (max-width: 480px) 480px, (min-width: 481px) and (max-width: 980px) 980px, (min-width: 981px) 1280px, 100vw\" \/><\/a><p id=\"caption-attachment-3587\" class=\"wp-caption-text\">El centro comercial Vasco da Gama es un centro comercial con m\u00e1s de 50.000 metros cuadrados, aproximadamente 170 tiendas repartidas en 3 pisos, que incluyen 33 restaurantes, 6 salas de cine, un Health Club y diversos servicios al cliente. Tambi\u00e9n cuenta con estacionamiento techado con capacidad para 2.523 plazas. El nombre Vasco da gama es un homenaje a Vasco da Gama, descubridor de la ruta mar\u00edtima a la India. La arquitectura del centro comercial Vasco da Gama est\u00e1 dise\u00f1ada por el arquitecto Jos\u00e9 Quintela, con el objetivo de evocar recuerdos de los mares y oc\u00e9anos, con el ambiente del interior de un gran barco.<\/p><\/div>\n<ul>\n<li>Jardines colgantes<\/li>\n<li>Explanada Dom Carlos I<\/li>\n<li>Campus de Justicia<\/li>\n<li>FIL &#8211; Feria Internacional de Lisboa<\/li>\n<li>Jard\u00edn Sul<\/li>\n<li>Torre Vasco da Gama<\/li>\n<\/ul>\n<h3 id=\"calles-y-plazas-principales-del-parque-das-na-es\"><span class=\"ez-toc-section\" id=\"Calles_y_plazas_principales_del_Parque_das_Nacoes\"><\/span>Calles y plazas principales del Parque das Na\u00e7\u00f5es<span class=\"ez-toc-section-end\"><\/span><\/h3>\n<ul>\n<li><strong>Avenida Dom Jo\u00e3o II<\/strong> es una de las avenidas m\u00e1s grandes y concurridas del Parque das Na\u00e7\u00f5es, con una conexi\u00f3n entre la Rotonda de la Rep\u00fablica de Colombia y la Avenida Ulisses. La Avenida Dom Jo\u00e3o II fue construida para la Exposici\u00f3n Universal de Lisboa en 1998, designada desde 2009 para honrar al Rey Dom Jo\u00e3o II. La avenida est\u00e1 cerca de varios puntos de inter\u00e9s, a saber:\n<ul>\n<li>Estatua de homenaje a Dom Jo\u00e3o II por el escultor Manuel Rosa;<\/li>\n<li>Centro Comercial Vasco da Gama;<\/li>\n<li>Estaci\u00f3n Oriente.<\/li>\n<\/ul>\n<\/li>\n<li><strong>Avenida Ulisses<\/strong> con conexi\u00f3n entre Pra\u00e7a do Pr\u00edncipe Perfeito y la Rotonda de la Rep\u00fablica Argentina. <em> Avenida Ulisses <\/em> tiene los siguientes puntos de inter\u00e9s:\n<ul>\n<li>Alameda dos Oceanos;<\/li>\n<li>Jardines de agua;<\/li>\n<li>Ruta del agua;<\/li>\n<li>Jard\u00edn Cabe\u00e7o das Rolas.<\/li>\n<\/ul>\n<\/li>\n<li><strong>Avenida Fernando Pessoa<\/strong> es una de las avenidas del Parque das Na\u00e7\u00f5es, con una conexi\u00f3n entre Alameda dos Oceanos y Avenida Marechal Gomes da Costa. Avenida Fernando Pessoa est\u00e1 cerca de varias atracciones, a saber, Alameda dos Oceanos; y la torre Galp.<\/li>\n<\/ul>\n<h2 id=\"establecimientos-educativos-en-el-parque-das-na-es\"><span class=\"ez-toc-section\" id=\"Establecimientos_educativos_en_el_Parque_das_Nacoes\"><\/span>Establecimientos educativos en el Parque das Na\u00e7\u00f5es<span class=\"ez-toc-section-end\"><\/span><\/h2>\n<ul>\n<li>Col\u00e9gio Oriente<\/li>\n<li>Col\u00e9gio Pedro<\/li>\n<li>Creche<\/li>\n<li>Externato Jo\u00e3o XXIII<\/li>\n<\/ul>\n<h2 id=\"desarrollos-tur-sticos-en-parque-das-na-es\"><span class=\"ez-toc-section\" id=\"Desarrollos_turisticos_en_Parque_das_Nacoes\"><\/span>Desarrollos tur\u00edsticos en Parque das Na\u00e7\u00f5es<span class=\"ez-toc-section-end\"><\/span><\/h2>\n<ul>\n<li>Exemplo Hotel<\/li>\n<li>Olissipo Oriente<\/li>\n<li>Tivoli Oriente<\/li>\n<li>Tryp Oriente<\/li>\n<li>VIP Executive Arts<\/li>\n<\/ul>\n<h2 id=\"lugares-para-comprar-en-el-parque-das-na-es\"><span class=\"ez-toc-section\" id=\"Lugares_para_comprar_en_el_Parque_das_Nacoes\"><\/span>Lugares para comprar en el Parque das Na\u00e7\u00f5es<span class=\"ez-toc-section-end\"><\/span><\/h2>\n<ul>\n<li>Centro Comercial Vasco da Gama<\/li>\n<li>Gare do Oriente<\/li>\n<\/ul>\n<h2 id=\"transporte-y-acceso-en-el-parque-das-na-es\"><span class=\"ez-toc-section\" id=\"Transporte_y_acceso_en_el_Parque_das_Nacoes\"><\/span>Transporte y acceso en el Parque das Na\u00e7\u00f5es<span class=\"ez-toc-section-end\"><\/span><\/h2>\n<div id=\"attachment_3557\" style=\"width: 1290px\" class=\"wp-caption alignnone\"><a href=\"https:\/\/xrei.com\/images\/gare-do-oriente.jpg\"><img loading=\"lazy\" decoding=\"async\" aria-describedby=\"caption-attachment-3557\" class=\"size-full wp-image-3557\" src=\"https:\/\/xrei.com\/images\/gare-do-oriente.jpg\" alt=\"Gare do Oriente, tambi\u00e9n conocida como Gare Intermodal de Lisboa (GIL). Con arquitectura contempor\u00e1nea, fue dise\u00f1ado por el arquitecto e ingeniero espa\u00f1ol Santiago Calatrava, terminado en 1998 para servir a la Expo'98, y m\u00e1s tarde al Parque das Na\u00e7\u00f5es. Gare do Oriente incluye la estaci\u00f3n Metropolitano de Lisboa (Oriente), un espacio comercial y una estaci\u00f3n de autobuses con conexi\u00f3n a LIsboa, en el norte, centro y sur de Portugal con trenes suburbanos y trenes de media y larga distancia.\" width=\"1280\" height=\"960\" srcset=\"https:\/\/xrei.com\/images\/gare-do-oriente.jpg 1280w, https:\/\/xrei.com\/images\/gare-do-oriente-980x735.jpg 980w, https:\/\/xrei.com\/images\/gare-do-oriente-480x360.jpg 480w\" sizes=\"(min-width: 0px) and (max-width: 480px) 480px, (min-width: 481px) and (max-width: 980px) 980px, (min-width: 981px) 1280px, 100vw\" \/><\/a><p id=\"caption-attachment-3557\" class=\"wp-caption-text\">Gare do Oriente, tambi\u00e9n conocida como Gare Intermodal de Lisboa (GIL). Con arquitectura contempor\u00e1nea, fue dise\u00f1ado por el arquitecto e ingeniero espa\u00f1ol Santiago Calatrava, terminado en 1998 para servir a la Expo&#8217;98, y m\u00e1s tarde al Parque das Na\u00e7\u00f5es. Gare do Oriente incluye la estaci\u00f3n Metropolitano de Lisboa (Oriente), un espacio comercial y una estaci\u00f3n de autobuses con conexi\u00f3n a LIsboa, en el norte, centro y sur de Portugal con trenes suburbanos y trenes de media y larga distancia.<\/p><\/div>\n<ul>\n<li>Gare do Oriente<br \/>\n<strong> AeroShuttle<\/strong>: autob\u00fas que realiza la conexi\u00f3n directa entre el Parque das Na\u00e7\u00f5es y el Aeropuerto de Lisboa cada treinta minutos con boletos en los hoteles Tryp Oriente, Tivoli Tejo, Olissipo Oriente y VIP Art<br \/>\n<strong> Autobuses<\/strong> (Rodovi\u00e1ria de Lisboa y Transportes Sul do Tejo)<br \/>\n<strong> Trenes<\/strong>: suburbano (L\u00ednea Azambuja y L\u00ednea Sintra), nacional (Alfa Pendular, Intercidades y Regional) e Internacional (Hotel Sud-Expresso y Lusit\u00e2nia Comboio)<br \/>\n<strong> Autobuses Express <\/strong><br \/>\n<strong> Metropolitano<\/strong> (L\u00ednea Roja)<\/li>\n<\/ul>\n<div id=\"attachment_3563\" style=\"width: 1290px\" class=\"wp-caption alignnone\"><a href=\"https:\/\/xrei.com\/images\/gare-do-oriente-interior.jpg\"><img loading=\"lazy\" decoding=\"async\" aria-describedby=\"caption-attachment-3563\" class=\"size-full wp-image-3563\" src=\"https:\/\/xrei.com\/images\/gare-do-oriente-interior.jpg\" alt=\"Galer\u00eda de acceso al metro de Lisboa en Gare do Oriente, estaci\u00f3n Oriente, con una arquitectura futurista dise\u00f1ada en hormig\u00f3n y vidrio \u00a0\" width=\"1280\" height=\"960\" srcset=\"https:\/\/xrei.com\/images\/gare-do-oriente-interior.jpg 1280w, https:\/\/xrei.com\/images\/gare-do-oriente-interior-980x735.jpg 980w, https:\/\/xrei.com\/images\/gare-do-oriente-interior-480x360.jpg 480w\" sizes=\"(min-width: 0px) and (max-width: 480px) 480px, (min-width: 481px) and (max-width: 980px) 980px, (min-width: 981px) 1280px, 100vw\" \/><\/a><p id=\"caption-attachment-3563\" class=\"wp-caption-text\">Galer\u00eda de acceso al metro de Lisboa en Gare do Oriente, estaci\u00f3n Oriente, con una arquitectura futurista dise\u00f1ada en hormig\u00f3n y vidrio<\/p><\/div>\n<h2 id=\"ubicaci-n-de-la-parroquia-del-parque-das-na-es-en-el-mapa-de-lisboa\"><span class=\"ez-toc-section\" id=\"Ubicacion_de_la_parroquia_del_Parque_das_Nacoes_en_el_mapa_de_Lisboa\"><\/span>Ubicaci\u00f3n de la parroquia del Parque das Na\u00e7\u00f5es en el mapa de Lisboa<span class=\"ez-toc-section-end\"><\/span><\/h2>\n<h2 id=\"parque-das-na-es-se-encuentra-\"><span class=\"ez-toc-section\" id=\"Parque_das_Nacoes_se_encuentra_%E2%80%A6\"><\/span>Parque das Na\u00e7\u00f5es se encuentra &#8230;<span class=\"ez-toc-section-end\"><\/span><\/h2>\n<p>El Parque das Na\u00e7\u00f5es se encuentra a las afueras de Lisboa, cerca de Marvila y Beato.<\/p>\n<div id=\"attachment_2427\" style=\"width: 1290px\" class=\"wp-caption alignnone\"><a href=\"https:\/\/xrei.com\/images\/mapa-parque-das-nacoes.jpg\"><img loading=\"lazy\" decoding=\"async\" aria-describedby=\"caption-attachment-2427\" class=\"size-full wp-image-2427\" src=\"https:\/\/xrei.com\/images\/mapa-parque-das-nacoes.jpg\" alt=\"Ubicaci\u00f3n de la parroquia Parque das Na\u00e7\u00f5es en el mapa de Lisboa\" width=\"1280\" height=\"1280\" srcset=\"https:\/\/xrei.com\/images\/mapa-parque-das-nacoes.jpg 1280w, https:\/\/xrei.com\/images\/mapa-parque-das-nacoes-980x980.jpg 980w, https:\/\/xrei.com\/images\/mapa-parque-das-nacoes-480x480.jpg 480w\" sizes=\"(min-width: 0px) and (max-width: 480px) 480px, (min-width: 481px) and (max-width: 980px) 980px, (min-width: 981px) 1280px, 100vw\" \/><\/a><p id=\"caption-attachment-2427\" class=\"wp-caption-text\">Ubicaci\u00f3n de la parroquia Parque das Na\u00e7\u00f5es en el mapa de Lisboa<\/p><\/div>\n","protected":false},"excerpt":{"rendered":"<p>Parque das Na\u00e7\u00f5es Parque das Na\u00e7\u00f5es es un barrio reciente recreado a finales de los 90 con el objetivo de organizar el evento EXPO98, la exposici\u00f3n mundial que tuvo lugar en Lisboa en 1998, donde la mayor\u00eda de los pa\u00edses del mundo estaban representados, con sus culturas y espect\u00e1culos. El Parque das Na\u00e7\u00f5es es la [&hellip;]<\/p>\n","protected":false},"author":1,"featured_media":3575,"comment_status":"closed","ping_status":"open","sticky":false,"template":"","format":"standard","meta":{"_et_pb_use_builder":"","_et_pb_old_content":"","_et_gb_content_width":"","footnotes":""},"categories":[145],"tags":[],"class_list":["post-626","post","type-post","status-publish","format-standard","has-post-thumbnail","hentry","category-costa-de-lisboa"],"_links":{"self":[{"href":"https:\/\/xrei.com\/es\/wp-json\/wp\/v2\/posts\/626","targetHints":{"allow":["GET"]}}],"collection":[{"href":"https:\/\/xrei.com\/es\/wp-json\/wp\/v2\/posts"}],"about":[{"href":"https:\/\/xrei.com\/es\/wp-json\/wp\/v2\/types\/post"}],"author":[{"embeddable":true,"href":"https:\/\/xrei.com\/es\/wp-json\/wp\/v2\/users\/1"}],"replies":[{"embeddable":true,"href":"https:\/\/xrei.com\/es\/wp-json\/wp\/v2\/comments?post=626"}],"version-history":[{"count":0,"href":"https:\/\/xrei.com\/es\/wp-json\/wp\/v2\/posts\/626\/revisions"}],"wp:featuredmedia":[{"embeddable":true,"href":"https:\/\/xrei.com\/es\/wp-json\/wp\/v2\/media\/3575"}],"wp:attachment":[{"href":"https:\/\/xrei.com\/es\/wp-json\/wp\/v2\/media?parent=626"}],"wp:term":[{"taxonomy":"category","embeddable":true,"href":"https:\/\/xrei.com\/es\/wp-json\/wp\/v2\/categories?post=626"},{"taxonomy":"post_tag","embeddable":true,"href":"https:\/\/xrei.com\/es\/wp-json\/wp\/v2\/tags?post=626"}],"curies":[{"name":"wp","href":"https:\/\/api.w.org\/{rel}","templated":true}]}}