{"id":187,"date":"2020-08-08T08:08:00","date_gmt":"2020-08-08T08:08:00","guid":{"rendered":"https:\/\/foiv.com\/imobiliarialisboa.com\/2020\/05\/07\/bairro-alto\/"},"modified":"2021-09-07T17:28:49","modified_gmt":"2021-09-07T17:28:49","slug":"bairro-alto","status":"publish","type":"post","link":"https:\/\/xrei.com\/de\/bairro-alto\/","title":{"rendered":"Bairro Alto, Lissabon"},"content":{"rendered":"<div class=\"mceTemp\">\n<dl id=\"attachment_2142\" class=\"wp-caption alignnone\" style=\"width: 1280px;\" data-mce-style=\"width: 1280px;\">\n<dt class=\"wp-caption-dt\"><a href=\"https:\/\/xrei.com\/images\/bairro-alto.jpg\" data-mce-href=\"https:\/\/xrei.com\/images\/bairro-alto.jpg\"><img loading=\"lazy\" decoding=\"async\" class=\"size-full wp-image-2142\" src=\"https:\/\/xrei.com\/images\/bairro-alto.jpg\" alt=\"Bairro Alto\" width=\"1280\" height=\"960\" data-mce-src=\"https:\/\/xrei.com\/images\/bairro-alto.jpg\" srcset=\"https:\/\/xrei.com\/images\/bairro-alto.jpg 1280w, https:\/\/xrei.com\/images\/bairro-alto-980x735.jpg 980w, https:\/\/xrei.com\/images\/bairro-alto-480x360.jpg 480w\" sizes=\"(min-width: 0px) and (max-width: 480px) 480px, (min-width: 481px) and (max-width: 980px) 980px, (min-width: 981px) 1280px, 100vw\" \/><\/a><\/dt>\n<dd class=\"wp-caption-dd\">Bairro Alto<\/dd>\n<\/dl>\n<\/div>\n<div id=\"ez-toc-container\" class=\"ez-toc-v2_0_82_2 counter-hierarchy ez-toc-counter ez-toc-light-blue ez-toc-container-direction\">\n<div class=\"ez-toc-title-container\"><p class=\"ez-toc-title\" style=\"cursor:inherit\">In this article, you will get to know about...<\/p>\n<\/div><nav><ul class='ez-toc-list ez-toc-list-level-1 ' ><li class='ez-toc-page-1 ez-toc-heading-level-2'><a class=\"ez-toc-link ez-toc-heading-1\" href=\"https:\/\/xrei.com\/de\/bairro-alto\/#Bairro_Alto\" >Bairro Alto<\/a><\/li><li class='ez-toc-page-1 ez-toc-heading-level-2'><a class=\"ez-toc-link ez-toc-heading-2\" href=\"https:\/\/xrei.com\/de\/bairro-alto\/#Die_gemischte_Umgebung_von_Bairro_Alto\" >Die gemischte Umgebung von Bairro Alto<\/a><\/li><li class='ez-toc-page-1 ez-toc-heading-level-2'><a class=\"ez-toc-link ez-toc-heading-3\" href=\"https:\/\/xrei.com\/de\/bairro-alto\/#Sehenswuerdigkeiten_in_Chiado_Top_10\" >Sehensw\u00fcrdigkeiten in Chiado (Top 10)<\/a><ul class='ez-toc-list-level-3' ><li class='ez-toc-heading-level-3'><a class=\"ez-toc-link ez-toc-heading-4\" href=\"https:\/\/xrei.com\/de\/bairro-alto\/#Weitere_Sehenswuerdigkeiten_in_Bairro-Alto_die_einen_Besuch_wert_sind\" >Weitere Sehensw\u00fcrdigkeiten in Bairro-Alto, die einen Besuch wert sind<\/a><\/li><li class='ez-toc-page-1 ez-toc-heading-level-3'><a class=\"ez-toc-link ez-toc-heading-5\" href=\"https:\/\/xrei.com\/de\/bairro-alto\/#Hauptstrassen_und_Plaetze_in_Bairro-Alto\" >Hauptstra\u00dfen und Pl\u00e4tze in Bairro-Alto<\/a><\/li><li class='ez-toc-page-1 ez-toc-heading-level-3'><a class=\"ez-toc-link ez-toc-heading-6\" href=\"https:\/\/xrei.com\/de\/bairro-alto\/#Andere_interessante_Orte_in_Bairro_Alto_zu_besuchen\" >Andere interessante Orte in Bairro Alto zu besuchen<\/a><\/li><li class='ez-toc-page-1 ez-toc-heading-level-3'><a class=\"ez-toc-link ez-toc-heading-7\" href=\"https:\/\/xrei.com\/de\/bairro-alto\/#Restaurants_in_Bairro_Alto\" >Restaurants in Bairro Alto<\/a><\/li><li class='ez-toc-page-1 ez-toc-heading-level-3'><a class=\"ez-toc-link ez-toc-heading-8\" href=\"https:\/\/xrei.com\/de\/bairro-alto\/#Fado-Haeuser_in_Bairro_Alto\" >Fado-H\u00e4user in Bairro Alto<\/a><\/li><li class='ez-toc-page-1 ez-toc-heading-level-3'><a class=\"ez-toc-link ez-toc-heading-9\" href=\"https:\/\/xrei.com\/de\/bairro-alto\/#Illustrierte_Figuren_aus_Bairro_Alto\" >Illustrierte Figuren aus Bairro Alto<\/a><\/li><li class='ez-toc-page-1 ez-toc-heading-level-3'><a class=\"ez-toc-link ez-toc-heading-10\" href=\"https:\/\/xrei.com\/de\/bairro-alto\/#Kuriositaeten_von_Bairro_Alto\" >Kuriosit\u00e4ten von Bairro Alto<\/a><\/li><\/ul><\/li><li class='ez-toc-page-1 ez-toc-heading-level-2'><a class=\"ez-toc-link ez-toc-heading-11\" href=\"https:\/\/xrei.com\/de\/bairro-alto\/#Bildungseinrichtungen\" >Bildungseinrichtungen<\/a><\/li><li class='ez-toc-page-1 ez-toc-heading-level-2'><a class=\"ez-toc-link ez-toc-heading-12\" href=\"https:\/\/xrei.com\/de\/bairro-alto\/#Gesundheitseinrichtungen\" >Gesundheitseinrichtungen<\/a><\/li><li class='ez-toc-page-1 ez-toc-heading-level-2'><a class=\"ez-toc-link ez-toc-heading-13\" href=\"https:\/\/xrei.com\/de\/bairro-alto\/#Vier-_und_Fuenf-Sterne-Touristenentwicklungen\" >Vier- und F\u00fcnf-Sterne-Touristenentwicklungen<\/a><\/li><li class='ez-toc-page-1 ez-toc-heading-level-2'><a class=\"ez-toc-link ez-toc-heading-14\" href=\"https:\/\/xrei.com\/de\/bairro-alto\/#Geschaefte_und_Einkaufsmoeglichkeiten\" >Gesch\u00e4fte und Einkaufsm\u00f6glichkeiten<\/a><\/li><li class='ez-toc-page-1 ez-toc-heading-level-2'><a class=\"ez-toc-link ez-toc-heading-15\" href=\"https:\/\/xrei.com\/de\/bairro-alto\/#Transport_und_Zugang\" >Transport und Zugang<\/a><\/li><li class='ez-toc-page-1 ez-toc-heading-level-2'><a class=\"ez-toc-link ez-toc-heading-16\" href=\"https:\/\/xrei.com\/de\/bairro-alto\/#Parkplaetze\" >Parkpl\u00e4tze:<\/a><\/li><li class='ez-toc-page-1 ez-toc-heading-level-2'><a class=\"ez-toc-link ez-toc-heading-17\" href=\"https:\/\/xrei.com\/de\/bairro-alto\/#Geschichte_von_Bairo_Alto\" >Geschichte von Bairo Alto<\/a><ul class='ez-toc-list-level-3' ><li class='ez-toc-heading-level-3'><a class=\"ez-toc-link ez-toc-heading-18\" href=\"https:\/\/xrei.com\/de\/bairro-alto\/#Die_Geschichte_von_Bairro_Alto_kann_in_vier_Perioden_unterteilt_werden\" >Die Geschichte von Bairro Alto kann in vier Perioden unterteilt werden:<\/a><\/li><\/ul><\/li><li class='ez-toc-page-1 ez-toc-heading-level-2'><a class=\"ez-toc-link ez-toc-heading-19\" href=\"https:\/\/xrei.com\/de\/bairro-alto\/#Architektur_und_Herkunft_von_Bairro_Alto\" >Architektur und Herkunft von Bairro Alto<\/a><\/li><li class='ez-toc-page-1 ez-toc-heading-level-2'><a class=\"ez-toc-link ez-toc-heading-20\" href=\"https:\/\/xrei.com\/de\/bairro-alto\/#Santa_Catarina_und_Bica_die_Umgebung_von_Bairro_Alto\" >Santa Catarina und Bica, die Umgebung von Bairro Alto<\/a><\/li><li class='ez-toc-page-1 ez-toc-heading-level-2'><a class=\"ez-toc-link ez-toc-heading-21\" href=\"https:\/\/xrei.com\/de\/bairro-alto\/#Lage_der_Gemeinde_Misericordia_Bairro_Alto_auf_der_Karte_von_Lissabon\" >Lage der Gemeinde Misericordia (Bairro Alto) auf der Karte von Lissabon<\/a><\/li><\/ul><\/nav><\/div>\n<h2><span class=\"ez-toc-section\" id=\"Bairro_Alto\"><\/span>Bairro Alto<span class=\"ez-toc-section-end\"><\/span><\/h2>\n<p><strong>Bairro Alto<\/strong> ist ein traditionelles Viertel von Lissabon <strong>auf einem H\u00fcgel<\/strong> in der N\u00e4he des kosmopolitischen Viertels <em>Chiado<\/em>, der Transportstation<em>. Cais do Sodr\u00e9<\/em>, charmant <em>Pr\u00edncipe Real<\/em> und historisch <em>Largo do Carmo** Die Hauptverkehrsadern von Bairro Alto sind <\/em>Pra\u00e7a Lu\u00eds de Cam\u00f5es<em>, Largo Trindade Coelho, Rua do Norte, Rua da Rosa, Rua do S\u00e9culo und Rua do Di\u00e1rio de Not\u00edcias. Bairro Alto hat zwei Haupttreffpunkte: Pra\u00e7a Lu\u00eds de Cam\u00f5es und Largo Trindade Coelho. Der Pra\u00e7a Lu\u00eds de Cam\u00f5es am s\u00fcdlichen Eingang von Bairro Alto bildet die Grenze zwischen Bairro Alto und Chiado, die von den Menschen in Lissabon als Hauptstadt von Lissabon angesehen wird. Von hier aus k\u00f6nnen Sie zur Rua da Rosa, zur Rua do Norte oder zur Rua da Atalaia fahren. Die <strong>Largo Trindade Coelho<\/strong>, im n\u00f6rdlichen Teil von Bairro Alto, auch <strong>bekannt als Largo do Cauteleiro<\/strong>, aufgrund des Vorhandenseins einer Statue zu Ehren des Vorsichts <strong>oder Largo de S\u00e3o Roque<\/strong> wegen der S\u00e3o Roque Kirche. Vom <\/em>Largo Trindade Coelho* k\u00f6nnen Sie den Aussichtspunkt S\u00e3o Pedro de Alc\u00e2ntara, den Aufzug Gl\u00f3ria, die Stra\u00dfe Miseric\u00f3rdia, die Stra\u00dfe Gr\u00e9mio Lusitano und den Largo do Carmo erreichen.<\/p>\n<h2 id=\"die-gemischte-umgebung-von-bairro-alto\"><span class=\"ez-toc-section\" id=\"Die_gemischte_Umgebung_von_Bairro_Alto\"><\/span>Die gemischte Umgebung von Bairro Alto<span class=\"ez-toc-section-end\"><\/span><\/h2>\n<p><strong>Bairro Alto pr\u00e4sentiert zwei Lebensstile<\/strong>, einen <em>tags\u00fcber<\/em> und einen <em>nachts<\/em>.<br \/>In <strong>Bairro Alto k\u00f6nnen wir tags\u00fcber<\/strong> ein ruhiges Viertel beobachten, ein Viertel mit kleinen Gesch\u00e4ften, Gesch\u00e4ftsb\u00fcros und kleinen Restaurants mit typisch portugiesischer K\u00fcche mit dem typischen Trubel eines Gro\u00dfstadtviertels mit Menschen Auf dem Weg zu den B\u00fcros zirkulieren Nachbarn, plaudern am Fenster, Kleider h\u00e4ngen an der W\u00e4scheleine und Balkone sind mit Blument\u00f6pfen und Restaurants geschm\u00fcckt, die zur Mittagszeit voller Einheimischer und Touristen sind.<br \/><strong>Nachts wird Bairro Alto<\/strong> zu einem Bohemien- und Ausgehzentrum in Lissabon. Es ist Bairro Alto, das praktisch alle Trends und Moden des Nachtlebens in Lissabon definiert, einem Viertel, das dem Nachtleben gewidmet ist. In Bairro Alto gibt es Bars aller Art, Clubs, Clubs, Restaurants, Teeh\u00e4user, Tavernen oder Fado-H\u00e4user. In Bairro Alto ist es m\u00f6glich, mitten in der Nacht nachts zu leben, obwohl das Nachtleben um zwei Uhr morgens schlie\u00dft.<\/p>\n<blockquote>\n<p>Bairro Alto und Rua de Santa Catarina sind Teil des Gemeinderats von Miseric\u00f3rdia.<\/p>\n<\/blockquote>\n<h2 id=\"sehensw-rdigkeiten-in-chiado-top-10-\"><span class=\"ez-toc-section\" id=\"Sehenswuerdigkeiten_in_Chiado_Top_10\"><\/span>Sehensw\u00fcrdigkeiten in Chiado (Top 10)<span class=\"ez-toc-section-end\"><\/span><\/h2>\n<p><strong>1. Aussichtspunkt S\u00e3o Pedro de Alc\u00e2ntara<\/strong>: Der Aussichtspunkt S\u00e3o Pedro de Alc\u00e2ntara ist ein Park mit Garten und Aussichtspunkt mit einer der sch\u00f6nsten Aussichten in Lissabon aufgrund des Panoramablicks \u00fcber die gesamte Altstadt, einschlie\u00dflich der Schloss S\u00e3o Jorge auf dem gegen\u00fcberliegenden H\u00fcgel. <em>Der Aussichtspunkt S\u00e3o Pedro de Alc\u00e2ntara<\/em> befindet sich in der Rua de S\u00e3o Pedro de Alc\u00e2ntara zwischen Princ\u00edpe Real und Bairro Alto. Die wichtigsten Highlights <em>des Aussichtspunkts S\u00e3o Pedro de Alc\u00e2ntara<\/em> sind:<\/p>\n<ul>\n<li style=\"list-style-type: none;\" data-mce-style=\"list-style-type: none;\">\n<ul>\n<li><em>Blick \u00fcber Castelo de S\u00e3o Jorge<\/em>, den Hang von Gra\u00e7a, Baixa, Martim Moniz, Alfama, den Tejo und Serra da Arr\u00e1bida;<\/li>\n<li><em>Die Statue von Eduardo Coelho<\/em>, Gr\u00fcnder von Di\u00e1rio de Not\u00edcias, einer der wichtigsten Zeitungen des Landes;<\/li>\n<li><em>Die 1952 erbaute Kachelplatte mit Darstellung der Stadt Lissabon<\/em>, von Fred Kradolfer;<\/li>\n<li><em>Die acht B\u00fcsten, die historische Figuren darstellen<\/em>,, n\u00e4mlich: Venus, Ulisses, Vasco da Gama und Cam\u00f5es<\/li>\n<\/ul>\n<\/li>\n<\/ul>\n<p><strong>2. Igreja de S\u00e3o Roque<\/strong> (38 \u00b0 42 &#8217;49 .07 &#8218;, 9 \u00b0 8 &#8217;36 .54&#8216; &#8218;): Es zeichnet sich durch die Diskrepanz zwischen Au\u00dfenfassade und Innenreichtum aus und befindet sich in der Largo Trindade Coelho zwischen Rua da Miseric\u00f3rdia und Rua Dom Pedro de Alc\u00e2ntara. Die <em>Igreja de S\u00e3o Roque<\/em> wurde 1553 als Hauptquartier der Jesuiten in Portugal gegr\u00fcndet. Die Jesuiten (Companhia de Jesus) kamen 1540 nach Portugal und bauten die erste Kirche und das Hauptquartier in der alten Kapelle von S\u00e3o Roque. Der f\u00fcr die Kirche von S\u00e3o Roque verantwortliche Architekt war Afonso \u00c1lvares (1501-1580). Die wichtigsten Highlights von <em>Igreja de S\u00e3o Roque<\/em> sind:<\/p>\n<ul>\n<li style=\"list-style-type: none;\" data-mce-style=\"list-style-type: none;\">\n<ul>\n<li><strong>Kapelle von S\u00e3o Jo\u00e3o Batista<\/strong>: Die Kapelle von S\u00e3o Jo\u00e3o Batista wurde von K\u00f6nig Dom Jo\u00e3o V (1689-1750) an zwei italienische Architekten, Luigi Vanvitelli (1700-1773) und Nicola Salvi (1697-1751), in Auftrag gegeben im Jahre 1740 und in den Jahren 1742 und 1747 erbaut. Am 15. Dezember 1744 wurde es von Papst Benedikt XIV. (1675-1758) gesegnet und mit drei Schiffen direkt von Rom nach Lissabon transportiert. Die Sehensw\u00fcrdigkeiten in der <em>Kapelle des hl. Johannes des T\u00e4ufers<\/em> sind der <em>Carrara-Marmor<\/em> Das <em>Gem\u00e4lde<\/em>, das die <em>Taufe Christi<\/em> des Autors darstellt von Agostino Massucci (1691-1758); <em>&#8222;Das Pfingsten&#8220;<\/em> auf den Bildschirmen links und <em>&#8222;Die Verk\u00fcndigung&#8220;<\/em> auf den Bildschirmen rechts, geschrieben von Agostino Massucci (1691-1758); und der <em>\u00e4u\u00dfere Bogen mit den portugiesischen k\u00f6niglichen Waffen<\/em> und dem <em>Monogramm von Dom Jo\u00e3o V*<\/em><\/li>\n<li><strong>Kapelle von Nossa Senhora da Doctrina<\/strong>:, 1612 eingeweiht, mit dem <em>Bild von Santa Ana und der Jungfrau<\/em> vom Ende des 17. Jahrhunderts, den <em>Bildern von S\u00e3o Joaquim und Santa Ana<\/em> aus dem 17. Jahrhundert und das Wahrzeichen der <em>Bruderschaft der Lehre*<\/em><\/li>\n<li><strong>Kapelle von S\u00e3o Francisco Xavier<\/strong>:, 1634 eingeweiht und von Ant\u00f3nio Gomes de Elvas entworfen. Hier k\u00f6nnen wir die Skulptur aus dem 17. Jahrhundert besichtigen, die <em>S\u00e3o Francisco Xavier<\/em> darstellt. Die Gem\u00e4lde repr\u00e4sentieren zwei Momente des <em>Lebens von S\u00e3o Francisco Xavier<\/em> mit Dom Jo\u00e3o III im Publikum von S\u00e3o Francisco Xavier und O Papa Paulo III, als die ersten V\u00e4ter der Gesellschaft Jesu nach Portugal geschickt wurden. Die beiden Gem\u00e4lde stammen von Jos\u00e9 de Avelar Rebelo (1600-1657).<\/li>\n<li><strong>Kapelle von S\u00e3o Roque<\/strong>: an der Stelle der alten Kapelle von S\u00e3o Roque und zeichnet sich durch das Vorhandensein des Bildes von <em>S\u00e3o Roque<\/em>, Bilder von <em>S\u00e3o Tiago<\/em> aus und <em>S\u00e3o Sebasti\u00e3o<\/em>, die sechs Skulpturen aus Silberholz, die die Apostel S\u00e3o Pedro und S\u00e3o Paulo sowie die vier Santos Evangelistas, S\u00e3o Mateus, S\u00e3o Marcos, S\u00e3o Lucas und S\u00e3o Jo\u00e3o darstellen; <em>das Gem\u00e4lde<\/em> zur Darstellung <em>der Erscheinung des Engels<\/em> in S\u00e3o Roque aus der zweiten H\u00e4lfte des 16. Jahrhunderts von Gaspar Dias; die <em>Fliesentafeln aus dem 16. Jahrhundert<\/em> mit Szenen aus dem t\u00e4glichen Leben von S\u00e3o Roque von Francisco de Matos; und das <em>Wappen der Bruderschaft von S\u00e3o Roque*<\/em><\/li>\n<li><strong>Capela do Sant\u00edssimo<\/strong>: Capela do Sant\u00edssimo wurde von Lu\u00edza Fr\u00f3is entworfen und 1636 eingeweiht. Die H\u00f6hepunkte sind das Bild von Nossa Senhora da Assun\u00e7\u00e3o; die beiden Seitengem\u00e4lde aus dem 17. Jahrhundert, die <em>den Tod der Jungfrau<\/em> und die <em>Himmelfahrt und Kr\u00f6nung der Jungfrau<\/em> von Bento Coelho da Silveira (1617-1708) darstellen; die <em>silberne Lampe<\/em> aus dem Jahr 1877, gebaut in der Stadt Porto.<\/li>\n<li><strong>Hauptkapelle<\/strong>: Die Hauptkapelle wurde zwischen 1625 und 1628 erbaut. Die wichtigsten Sehensw\u00fcrdigkeiten sind die vier vorderen Nischen, die die Hauptheiligen <em>der Gesellschaft Jesu darstellen<\/em>, n\u00e4mlich <em>Santo In\u00e1cio de Loyola<\/em> (1491-1556), <em>S\u00e3o Francisco Xavier<\/em> (1506-15525), <em>S\u00e3o Lu\u00eds de Gonzaga<\/em> (1568-1591) und <em>S\u00e3o Francisco de Borja<\/em> (1510-1572); die Skulptur zur Darstellung <em>Unserer Lieben Frau<\/em> mit <em>des Jungen<\/em> aus dem 17. Jahrhundert; <em>die Skulpturen<\/em> von Senhor da Cana Verde, Santa Br\u00edgida, S\u00e3o Greg\u00f3rio Thaumaturgo und Immaculada Concei\u00e7\u00e3o; die <em>vier Seitenbilder<\/em>, die Santo Estanislau Kostka (1550-1568) und die drei M\u00e4rtyrer Japans, S\u00e3o Diogo, S\u00e3o Jo\u00e3o M\u00e1rio und S\u00e3o Paulo Miki, darstellen; und <em>die Gr\u00e4ber<\/em> von Dom Fernando Martins de Mascarenhas (1548-1628) und Dom Tom\u00e1s de Almeida (1670-1754).<\/li>\n<li><strong>Kapelle von Nossa Senhora da Piedade<\/strong>:, entworfen von Martim Gon\u00e7alves da C\u00e2mara und eingeweiht 1613. Die wichtigsten Sehensw\u00fcrdigkeiten sind <em>das Gem\u00e4lde<\/em>, das Nossa Senhora da Soledade darstellt; die <em>Piet\u00e1 aus polychromem Holz<\/em> aus dem 17. Jahrhundert; das Bild von Nossa Senhora da Boa-Morte; und die beiden Skulpturen, die S\u00e3o Longuinho und Santa Ver\u00f3nica darstellen.<\/li>\n<li><strong>Santo Ant\u00f3nio Kapelle<\/strong>: nach dem Erdbeben vom 1. November 1755 wieder aufgebaut. H\u00f6hepunkte sind die <em>Decken mit neoklassizistischen Fresken<\/em> aus dem 19. Jahrhundert; das Bild des Heiligen Antonius aus dem 17. Jahrhundert; Die beiden Gem\u00e4lde stellen Szenen aus Santo Ant\u00f3nios religi\u00f6ser Reise dar, n\u00e4mlich <em>Der Heilige, der zum Fisch predigt<\/em> und <em>Die Versuchung von Santo Ant\u00f3nio*<\/em>. Die Gem\u00e4lde stammen von Vieira Lusitano (1699-1783)<\/li>\n<li><strong>Kapelle der Sagrada Familia<\/strong> (Kapelle des verlorenen Kindes), er\u00f6ffnet im 17. Jahrhundert. Die Sehensw\u00fcrdigkeiten sind das zentrale Gem\u00e4lde, das Jesus unter \u00c4rzten von Jos\u00e9 de Avelar Rebelo (1600-1657) darstellt; die beiden Gem\u00e4lde zur Darstellung <em>der Anbetung der K\u00f6nige<\/em> und der <em>Anbetung der Hirten<\/em> von Andr\u00e9 Reinoso; und die drei Skulpturen aus dem 17. Jahrhundert, die die <em>Sagrada Familia*<\/em> darstellen.<\/li>\n<li><strong><em>Decke<\/em><\/strong>: das Gem\u00e4lde von Francisco Venegas (1525-1594) zwischen 1587 und 1589, die einzige in Lissabon verbliebene Decke der gro\u00dfen Decken im manieristischen Stil.<\/li>\n<li><strong>Pfeifenorgel<\/strong>:, 1784 von Xavier Machado und Cerveira (1756-1828) erbaut.<\/li>\n<li>Das <strong>Museum von S\u00e3o Roque<\/strong>: wurde am 11. Januar 1905 er\u00f6ffnet. Die H\u00f6hepunkte des Museums sind die f\u00fcnf Dauerausstellungen: Ausstellung zur Ausstellung <em>Ermida de S\u00e3o Roque<\/em>, gewidmet <em>Companhia de Jesus<\/em>, Ausstellung von <em>orientalischer Kunst<\/em>, Ausstellung von <em>Schatzkammer der Kapelle von S\u00e3o Jo\u00e3o Batista<\/em> und Ausstellung gewidmet <em>Miseric\u00f3rdia de Lisboa<\/em>.<\/li>\n<\/ul>\n<\/li>\n<\/ul>\n<p><strong>3. Elevador da Gl\u00f3ria<\/strong>! [(38.714961, -9.144479)]: Elevador da Gl\u00f3ria ist ein Aufzug, der Pra\u00e7a dos Restauradores und Bairro Alto auf einem ungef\u00e4hren Weg von 255 Metern und einem H\u00f6henunterschied verbindet 48 Meter lang und mit rund drei Millionen Passagieren pro Jahr der verkehrsreichste Lift der Stadt. Der <em>Elevador da Gl\u00f3ria<\/em> Gl\u00f3ria wurde am 24. Oktober 1885 mit einem Projekt von Mesnier du Ponsard (1848-1914) eingeweiht und arbeitete bis 1915 \u00fcber ein Wassergegengewichtssystem zum Auf- und Absteigen. Ab 1915 wurde ein zweiter elektrifizierter Aufzug hinzugef\u00fcgt. Der <em>Elevador da Gl\u00f3ria<\/em> wurde 2002 als nationales Denkmal eingestuft.<\/p>\n<p><strong>4. Museum f\u00fcr portugiesisches Mauerwerk<\/strong>: Das Museum f\u00fcr portugiesisches Mauerwerk ist ein Ort, an dem wir etwas \u00fcber die historische Entwicklung des Mauerwerks in Portugal erfahren und die \u00e4lteste Freimaurerloge des Landes besuchen k\u00f6nnen. Das Museo Masonic ist in das Hauptgeb\u00e4ude von <em>Grande Oriente Lusitano<\/em>, in <em>Rua do Gr\u00e9mio Lusitano<\/em> integriert. Der Museumskern ist in zwei Hauptr\u00e4ume unterteilt, von denen einer <strong>St\u00e4ndiges Ausstellungszentrum<\/strong>, in dem Objekte beobachtet werden k\u00f6nnen, die in den freimaurerischen Riten verwendet wurden, und ein <strong>tempor\u00e4res Ausstellungszentrum<\/strong> mit der st\u00e4ndigen Ausstellung einzelner Freimaurerst\u00fccke aus dem 18. und 19. Jahrhundert, die w\u00e4hrend der Rituale verwendet wurden; die Anzahl der Sch\u00fcrzen und Stickereien; und die Keramiksammlung.<\/p>\n<p><strong>5. Igreja de Santa Catarina<\/strong>: ist aufgrund der Goldarbeit eine der wichtigsten Kirchen in Lissabon, n\u00e4mlich im Hauptaltar, der w\u00e4hrend der Regierungszeit von Dom Jo\u00e3o V. erbaut wurde. Die <em>Igreja de Santa Catarina<\/em> befindet sich seit seiner Einweihung im Jahr 1647 in Cal\u00e7ada do Combro. Die Attraktionen der Kirche sind die <em>Capela-Mor<\/em>,, die als das imposanteste vergoldete Denkmal in Portugal gelten. <em>das Gem\u00e4lde an der Decke, das die Heilige Dreifaltigkeit darstellt<\/em> von Ant\u00f3nio Pimenta Rolin; das <em>Bild von Santa Catarina<\/em> und die <em>sechs Bilder<\/em>, die \u201eCristo no Deserto\u201c und die \u201eMultiplica\u00e7\u00e3o dos P\u00e3es\u201c von Vieira Lusitano (1699-1763) darstellen; die <em>Sant\u00edssima Trindade<\/em>, dargestellt in den zentralen Medaillons der Decke, verfasst von Jo\u00e3o Grossi und Toscanelli; o <em>Goldene Orgel<\/em> aus dem 18. Jahrhundert; und die <em>Heiligen des Ordens von S\u00e3o Paulo da Serra da Ossa<\/em>, gemalt von Bento Coelho da Silveira und Andr\u00e9 Gon\u00e7alves.<\/p>\n<p><strong>6. Das Museu da Cinemateca<\/strong>: ist ein Museum in der Rua Barata Salgueiro, das die Entwicklung des Kinos bis in unsere Zeit verbreiten soll. Das Museum ist in den R\u00e4umen <em>vor dem Kino<\/em> organisiert, in denen wir einige wichtige Objekte f\u00fcr die Entstehung des Kinos besichtigen k\u00f6nnen. <em>Kleines Format<\/em>,, in dem wir Kameras, Verlage und Zubeh\u00f6r in f\u00fcr das Kino verwendeten Formaten von 17,5 mm bis 8 mm anzeigen k\u00f6nnen; <em>Gro\u00dfformat<\/em>, ein Raum, in dem wir Ger\u00e4te mit Formaten von 35 mm bis 70 mm finden; und die <em>Raumanleitung<\/em>, in der die Entwicklung der Bedienungsanleitungen f\u00fcr Kameras, Projektoren und Zubeh\u00f6r gezeigt wird<\/p>\n<p><strong>7. Der Palast des Marquis von Pombal<\/strong>: ist ein Geb\u00e4ude aus dem 17. Jahrhundert in der Rua de O S\u00e9culo, das als Wohnsitz f\u00fcr die Familie von Sebasti\u00e3o de Carvalho und Melo, dem Gro\u00dfvater von Sebasti\u00e3o Jos\u00e9 de Carvalho und Melo, dient , bekannt als Marquis von Pombal. Die H\u00f6hepunkte des <em>Pal\u00e1cio do Marqu\u00eas de Pombal<\/em> sind die <em>Chafariz<\/em>, von Carlos Mardel; o <em>Decke der Treppe<\/em> zur Darstellung von \u201eA Morte ea Amor\u201c von Jo\u00e3o Grossi (1715-1780); und die vom Schloss von Versailles inspirierten G\u00e4rten von Carlos Mardel, die die <em>Cascata dos Poetas<\/em> und <em>Brunnen der vier Jahreszeiten<\/em> hervorheben<\/p>\n<p><strong>8. Der Aussichtspunkt Santa Catarina<\/strong>: ist einer der Aussichtspunkte in Lissabon, von dem aus man das Flussgebiet der Stadt beobachten kann, n\u00e4mlich die Bewegung der Abfahrt und Ankunft von Schiffen in Lissabon, nachdem das beliebte Sprichwort von Lissabon entstanden ist Schiffe von Alto de Santa Catarina. Das <em>Miradouro de Santa Catarina<\/em> befindet sich in der Rua de Santa Catarina und hebt den <em>Blick \u00fcber den Hafen von Lissabon und \u00fcber die H\u00e4user<\/em> mit der W\u00e4scheleine und den Blument\u00f6pfen hervor Blumen; die <em>Marmorstatue von Adamastor<\/em>, eine Figur aus der griechisch-r\u00f6mischen Mythologie, die in den Lus\u00edadas von Lu\u00eds Vaz de Cam\u00f5es (1524-1580) als \u201edas Wesen, das die Schiffe versenkte, die versuchten, den Cabo das Tormentas zu passieren, dargestellt wird\u201d, Jetzt Kap der Guten Hoffnung in S\u00fcdafrika. Statue von J\u00falio Vaz J\u00fanior (1877-1963).<\/p>\n<p><strong>9. Elevador da Bica<\/strong>! [(38.708981, -9.146705)]: Es ist ein Aufzug, der die Rua de S\u00e3o Paulo mit Largo do Calhariz verbindet, der von Mesnier du Ponsard entworfen und 1892 eingeweiht wurde. Das Hotel liegt in der Rua da Bica de Duarte Belo, die gem\u00e4\u00df der Klassifizierung der St. Christopher&#8217;s Inn Hotels als \u201eneuntsch\u00f6nste Stra\u00dfe der Welt\u201c eingestuft wurde.<\/p>\n<p><strong>10. Pharmaziemuseum<\/strong>! [(38.710249, -9.147139)]: Es ist ein Museum, das die Geschichte der Pharmazie und Medizin in Portugal preisgeben soll und 1996 er\u00f6ffnet wurde und sich in der Rua Marechal Saldanha befindet. Die H\u00f6hepunkte des <em>Museu da Farm\u00e1cia<\/em> sind die <em>Rekonstitutionen portugiesischer Apotheken<\/em> zwischen dem 18. und 20. Jahrhundert; a <em>Rekonstitution einer traditionellen chinesischen Apotheke<\/em> und a <em>Rekonstitution einer Milit\u00e4rapotheke*<\/em><\/p>\n<h3 id=\"weitere-sehensw-rdigkeiten-in-bairro-alto-die-einen-besuch-wert-sind\"><span class=\"ez-toc-section\" id=\"Weitere_Sehenswuerdigkeiten_in_Bairro-Alto_die_einen_Besuch_wert_sind\"><\/span>Weitere Sehensw\u00fcrdigkeiten in Bairro-Alto, die einen Besuch wert sind<span class=\"ez-toc-section-end\"><\/span><\/h3>\n<p><strong>Pra\u00e7a Lu\u00eds de Cam\u00f5es<\/strong>! [(38.710641, -9.143263)]: Zwischen Chiado und Bairro Alto befindet sich einer der gr\u00f6\u00dften Pl\u00e4tze in Lissabon. Der Platz verdankt seinen Namen dem Denkmal zu Ehren von Lu\u00eds Vaz de Cam\u00f5es. Die Statue wurde am 9. Oktober 1867 eingeweiht, um die Unabh\u00e4ngigkeit des 1. Dezember 1640 zu feiern. Der Pra\u00e7a Lu\u00eds de Cam\u00f5es ist einer der Haupttreffpunkte und Ruhepunkte von Bairro Alto und Chiado Sie geben regelm\u00e4\u00dfig Konzerte und eine Kreuzung zwischen Rua da Miseric\u00f3rdia, Rua do Alecrim, Rua do Loreto, Largo do Chiado und Cais do Sodr\u00e9. Die Hauptattraktionen sind das <em>Denkmal zu Ehren von Lu\u00eds Vaz de Cam\u00f5es<\/em> von Vitor Bastos (1829-1867) mit acht Statuen bedeutender Pers\u00f6nlichkeiten der portugiesischen Geschichte, n\u00e4mlich Fern\u00e3o Lopes, Jer\u00f3nimo Corte-Real, Fern\u00e3o Lopes de Castanheda, Francisco S\u00e1 Menezes, Gomes Eanes de Zurara, Vasco Mouzinho de Quevedo und Jo\u00e3o de Barros; die <em>Lu\u00eds Vaz de Statue; und Ionen<\/em> vier Meter hoch; und das <em>Convento da Concei\u00e7\u00e3o dos Cardais<\/em>, ein Asyl f\u00fcr Blinde seit dem Aussterben religi\u00f6ser Orden im Jahr 1834, ist eines der Hauptgeb\u00e4ude<em>, die im Nationalstil<\/em>, erbaut wurden und den fr\u00fchen Jahren des Stils zugeschrieben wurden Barock in Portugal. Dona Lu\u00edsa de T\u00e1vora (1609-1692) lie\u00df 1681 das <em>Convento da Concei\u00e7\u00e3o dos Cardais<\/em> an der heutigen Stra\u00dfe Rua Eduardo Coelho errichten, mit folgenden Sehensw\u00fcrdigkeiten: der <strong>Fassade<\/strong> mit H\u00f6hepunkte f\u00fcr die Skulpturen zur Darstellung von Nossa Senhora da Concei\u00e7\u00e3o und S\u00e3o Jos\u00e9 von Jo\u00e3o Antunes (1643-1712); Das \u201eRoda dos Exostos\u201c, ein Rad der Existenz, das fr\u00fcher in Kl\u00f6stern \u00fcblich war, wurde als Kommunikationsmittel mit der Au\u00dfenwelt geschaffen. Es wurde jedoch als \u201eBriefkasten\u201c verwendet, um Neugeborene anonym in der Obhut von Nonnen zu lassen, was durch Schwierigkeiten verursacht wurde Lebensunterhalt portugiesischer Familien; die <em>Santa Teresa d\u2019\u00c1vila<\/em>, dargestellt auf Fliesen von Jan van Oort; die <em>Capela-Mor<\/em>, die im nationalen Stil vom Holzschnitzer Jos\u00e9 Rodrigues Ramalho (1660-1721) erbaut wurde.<\/p>\n<p><strong>Galeria Z\u00e9 dos Bois<\/strong>! [(38.711978, -9.144617)]: Es handelt sich um eine gemeinn\u00fctzige Kulturvereinigung in <em>Pal\u00e1cio Baronesa de Almeida<\/em>, in der Almeida Garrett in der Rua da Barroca arbeitete . Der Verein <em>Galeria Z\u00e9 dos Bois<\/em> wurde mit dem Ziel gegr\u00fcndet, die visuellen und darstellenden K\u00fcnste zu f\u00f6rdern und zu untersuchen.<\/p>\n<p><strong>Das Denkmal f\u00fcr E\u00e7a de Queiroz<\/strong>: ist eine Steinstatue von Teixeira Lopes, die 1903 in Largo Bar\u00e3o de Quintela eingeweiht wurde<\/p>\n<p><strong>Pal\u00e1cio do Bar\u00e3o de Quintela<\/strong>: ist ein Restaurant namens <em>Pal\u00e1cio Chiado<\/em>, in der Rua do Alecrim. Der <em>Bar\u00e3o de Quintela-Palast<\/em> wurde Ende des 18. Jahrhunderts im neoklassizistischen Stil erbaut und von <em>General Junot<\/em> w\u00e4hrend der <em>ersten Invasion der napoleonischen Armee als Hauptquartier genutzt Bonaparte<\/em> im Jahre 1807.<\/p>\n<p><strong>Edif\u00edcio da Imprensa Nacional<\/strong>: ist das \u00e4lteste Industrieunternehmen in Portugal, das seit dem 13. Jahrhundert im Dauerbetrieb ist. Die <em>Imprensa Nacional<\/em> wurde 1769 gegr\u00fcndet und hie\u00df urspr\u00fcnglich <em>R\u00e9gia Printing<\/em>, <em>R\u00e9gia Oficina Tipogr\u00e1fica<\/em> und sp\u00e4ter <em>National Press<\/em> von 1933, Wahrnehmung der Funktionen der <em>Ausgabe des Di\u00e1rio da Rep\u00fablica<\/em> <em>Vorlage von Ausweispapieren<\/em>,, n\u00e4mlich Reisepass und B\u00fcrgerausweis; und <em>M\u00fcnzpr\u00e4gung*<\/em><\/p>\n<p><strong>Igreja das Chagas<\/strong> ist eine Kirche in der Rua do Ata\u00edde, deren Verehrung Berufen gewidmet ist, die mit dem Meer verbunden sind, n\u00e4mlich Seeleuten und Fischern. <em>Frei Diogo<\/em> aus Lissabon befahl den Bau der Kirche, die 1542 eingeweiht worden war, damit die Seeleute von Carreira da \u00cdndia vor der Reise einen Raum zum Beten hatten. Die Kirche wurde nach dem Erdbeben von 1755 wieder aufgebaut, mit den folgenden Sehensw\u00fcrdigkeiten <em>Gem\u00e4lde an der Decke<\/em>, das Nossa Senhora da Piedade das Chagas de Cristo von Francisco Figueiredo darstellt; und die <em>Orgel des 17. Jahrhunderts*<\/em><\/p>\n<p><strong>Das Kloster und die Kirche S\u00e3o Pedro de Alc\u00e2ntara<\/strong> ist ein Geb\u00e4ude aus dem 17. Jahrhundert, das sich durch die Integration des <em>vollst\u00e4ndigsten Satzes von Kacheln aus dem Leben von S\u00e3o Pedro de Alc\u00e2ntara<\/em> in Portugal auszeichnet in der Stra\u00dfe S\u00e3o Pedro de Alc\u00e2ntara. Das <em>Kloster und die Kirche von S\u00e3o Pedro de Alc\u00e2ntara<\/em> wurden 1672 mit einem Projekt von Jo\u00e3o Antunes er\u00f6ffnet, das zur Feier der <em>Unabh\u00e4ngigkeit Portugals<\/em> gegen\u00fcber Spanien und <em>errichtet wurde. Sieg in der Schlacht von Montes Claros<\/em>, die 1665 stattfand, der letzten Schlacht des Wiederherstellungskrieges (1640-1668). Die wichtigsten Sehensw\u00fcrdigkeiten sind die 1690 erbaute <em>Lencastres-Kapelle<\/em> zum Gedenken an den Kardinal von Lissabon, Dom Ver\u00edssimo de Lencastre. Die Kapelle zeigt &#8222;Fresken&#8220; von Francisco Pais, den Altar mit den Marmors\u00e4ulen und das Wappen von Dom Ver\u00edssimo. Die Kapelle hielt dem Erdbeben von 1755 stand; die <em>vergoldeten Alt\u00e4re<\/em> zur Darstellung der <em>\u201eKr\u00f6nung der Jungfrau\u201c<\/em> von Pierre Antoine Quillard und \u201eDie Predigt von S\u00e3o Jo\u00e3o Batista\u201c von Pedro Alexandrino de Carvalho; o <em>Decke<\/em> von Pierre Bordes gemalt; der <em>Altar-Mor<\/em> im Rokoko-Stil, Goldschnitzerei und die \u201eEkstase von S\u00e3o Pedro de Alc\u00e2ntara\u201c, ein Gem\u00e4lde von Bento Coelho da Silveira; os <em>Fliesentafeln<\/em>, die in Portugal am vollst\u00e4ndigsten sind und Szenen aus dem <em>Leben von S\u00e3o Pedro de Alc\u00e2ntara<\/em> darstellen.<\/p>\n<p><strong>Ludovice-Palast<\/strong>: gilt als einer der wichtigsten Pal\u00e4ste in Lissabon der <em>palastartigen Stadtarchitektur<\/em> der Regierung von Dom Jo\u00e3o V (1689-1750). Der <em>Ludovice-Palast<\/em> in der Rua de S\u00e3o Pedro de Alc\u00e2ntara war die Residenz des Hauptarchitekten des K\u00f6nigreichs Jo\u00e3o Frederico Ludovice (1673-1752) und von Solar do Vinho do Porto. Das <em>Solar do Vinho do Porto<\/em> ist ein Restaurant, in dem Sie mehr als 300 Portweinsorten probieren k\u00f6nnen.<\/p>\n<p><strong>Chafariz do S\u00e9culo<\/strong>: ist ein Brunnen an der <em>Rua de O S\u00e9culo<\/em>, der 1762 mit dem Ziel er\u00f6ffnet wurde, den Pombal Palace mit Wasser zu versorgen, ein Projekt von Carlos Mardel (1695-1763).<\/p>\n<h3 id=\"hauptstra-en-und-pl-tze-in-bairro-alto\"><span class=\"ez-toc-section\" id=\"Hauptstrassen_und_Plaetze_in_Bairro-Alto\"><\/span>Hauptstra\u00dfen und Pl\u00e4tze in Bairro-Alto<span class=\"ez-toc-section-end\"><\/span><\/h3>\n<p><strong>Rua de O S\u00e9culo<\/strong>: ist eine Stra\u00dfe in Bairro Alto, die Pra\u00e7a do Pr\u00edncipe Real und Cal\u00e7ada do Combro verbindet und eine der wichtigsten Stra\u00dfen in diesem historischen Viertel ist. Die <em>Rua de O S\u00e9culo<\/em> ist eine typische Stra\u00dfe in der historischen Gegend von Lissabon mit mehreren Attraktionen, n\u00e4mlich den <em>Adelspal\u00e4sten des 18. und 19. Jahrhunderts<\/em>, <em>den beliebten H\u00e4usern<\/em>, <em>der portugiesische B\u00fcrgersteig<\/em>, Restaurants, Bars, lokale Unterk\u00fcnfte, die <em>Kirche des Convento dos Cardaes<\/em>, o <em>Verfassungsgericht<\/em>, o <em>Pal\u00e1cio Pombal<\/em> oder die <em>Tanzschule des Nationalen Konservatoriums** Rua de O S\u00e9culo, ehemals Rua Formosa, erhielt diesen Namen, weil sie Sitz der <\/em>Zeitung O S\u00e9culo*, o war Lissabon Zeitung, die zwischen 1880 und 1977 in Betrieb war.<\/p>\n<p><strong>Die Rua da Miseric\u00f3rdia<\/strong>: stellt die Verbindung zwischen dem Pra\u00e7a Lu\u00eds de Cam\u00f5es und der Largo Trindade Coelho her. Diese wichtige Stra\u00dfe erm\u00f6glicht es Ihnen, das historische Zentrum der Stadt zu betreten und zu verlassen. Die Rua da Miseric\u00f3rdia wird von Touristen und Portugiesen aufgrund von Attraktionen wie dem <em>Igreja de S\u00e3o Roque<\/em>, den <em>Bairro Alto<\/em> Restaurants, der Nossa Senhora do Loreto Kirche und weil sie Teil der ist, sehr frequentiert <em>Route der ber\u00fchmten Stra\u00dfenbahn 28** Die <\/em>Rua da Miseric\u00f3rdia<em> hat diesen Namen aufgrund der Anwesenheit von <\/em>Miseric\u00f3rdia de Lisboa in der Largo Trindade Coelho**<\/p>\n<p><strong>Cal\u00e7ada do Combro<\/strong>: verbindet Rua de S\u00e3o Bento mit Largo do Calhariz. Cal\u00e7ada do Combro ist die Stra\u00dfe, die die Trennung zwischen Bairro Alto und Bica herstellt. Sie ist eine der belebtesten Stra\u00dfen in der Region Bairro Alto, da Sehensw\u00fcrdigkeiten wie <em>Rooftop Park<\/em>, o <em>Elevador da Bica<\/em>, bis <em>Igreja de Santa Catarina<\/em> und weil es einer der Kreuzungspunkte der <em>Stra\u00dfenbahn 28** ist. Die <\/em>Cal\u00e7ada do Combro* hat dies gewonnen Name f\u00fcr auf einem h\u00f6heren und isolierten Punkt der Stadt, der mit dem Wachstum von Bairro Alto erbaut wurde.<\/p>\n<p><strong>Rua da Rosa<\/strong>: ist die Stra\u00dfe, die die Rua Dom Pedro V mit Largo do Calhariz verbindet, bekannt f\u00fcr ihr Nachtleben, die vielen Tavernen und Restaurants und das <em>Convento dos Inglesinhos<\/em>. Die <em>Rua da Rosa ist auch als Rua da Rosa das Partilhas<\/em>, bekannt und tr\u00e4gt diesen Namen seit 1597.<\/p>\n<p><strong>Rua da Atalaia<\/strong>: ist die Stra\u00dfe, die Rua da Rosa mit Rua do Loreto verbindet. Die Rua da Atalaia hat mehrere Sehensw\u00fcrdigkeiten, n\u00e4mlich das <em>portugiesische Freimaurermuseum<\/em>, Restaurants und Bars. Rua da Atalaia und Rua da Rosa sind die Stra\u00dfen mit dem meisten Nachtleben in Bairro Alto, die am Wochenende immer voller Touristen und Einheimischer sind. Die <em>Rua da Atalaia<\/em> stammt vom arabischen Ortsnamen Atalaia ab, was &#8222;hoher Ort&#8220; oder &#8222;W\u00e4chter&#8220; bedeutet.<\/p>\n<p><strong>Rua do Di\u00e1rio de Not\u00edcias<\/strong>: ist die Stra\u00dfe, die Travessa da Cara und Rua das Salgadeiras verbindet und bei Touristen und Einheimischen sehr beliebt ist, die die Gastronomie von Restaurants und Fado-H\u00e4usern erleben m\u00f6chten und die lokalen Bars. Die <em>Rua do Di\u00e1rio de Not\u00edcias<\/em>, ehemalige Rua dos Calafates, erhielt diesen Namen ab 1885 anl\u00e4sslich des einundzwanzigsten Jahrestages der Zeitung Di\u00e1rio de Not\u00edcias.<\/p>\n<div class=\"mceTemp\">\n<dl id=\"attachment_2148\" class=\"wp-caption alignnone\" style=\"width: 1280px;\" data-mce-style=\"width: 1280px;\">\n<dt class=\"wp-caption-dt\"><a href=\"https:\/\/xrei.com\/images\/praca-luis-de-camoes.jpg\" data-mce-href=\"https:\/\/xrei.com\/images\/praca-luis-de-camoes.jpg\"><img loading=\"lazy\" decoding=\"async\" class=\"size-full wp-image-2148\" src=\"https:\/\/xrei.com\/images\/praca-luis-de-camoes.jpg\" alt=\"Lu\u00eds de Cam\u00f5es Platz, Bairro Alto in Lissabon\" width=\"1280\" height=\"960\" data-mce-src=\"https:\/\/xrei.com\/images\/praca-luis-de-camoes.jpg\" srcset=\"https:\/\/xrei.com\/images\/praca-luis-de-camoes.jpg 1280w, https:\/\/xrei.com\/images\/praca-luis-de-camoes-980x735.jpg 980w, https:\/\/xrei.com\/images\/praca-luis-de-camoes-480x360.jpg 480w\" sizes=\"(min-width: 0px) and (max-width: 480px) 480px, (min-width: 481px) and (max-width: 980px) 980px, (min-width: 981px) 1280px, 100vw\" \/><\/a><\/dt>\n<dd class=\"wp-caption-dd\">Lu\u00eds de Cam\u00f5es Platz, Bairro Alto in Lissabon<\/dd>\n<\/dl>\n<\/div>\n<h3 id=\"andere-interessante-orte-in-bairro-alto-zu-besuchen\"><span class=\"ez-toc-section\" id=\"Andere_interessante_Orte_in_Bairro_Alto_zu_besuchen\"><\/span>Andere interessante Orte in Bairro Alto zu besuchen<span class=\"ez-toc-section-end\"><\/span><\/h3>\n<p><strong>Largo Trindade Coelho<\/strong>! [(38.713065, -9.143215)]: liegt zwischen dem Aussichtspunkt S\u00e3o Pedro de Alc\u00e2ntara und dem Pra\u00e7a Lu\u00eds de Cam\u00f5es und ist als Largo do Cauteleiro oder Largo de S\u00e3o Roque bekannt. Der Platz verdankt seinen Namen dem Schriftsteller Jos\u00e9 Francisco Trindade Coelho (1861-1908). Die wichtigsten Highlights sind die Kirche von S\u00e3o Roque, die Statue des Cautelo, die Statue von S\u00e3o Francisco Xavier und das Hauptquartier von Santa Casa da Miseric\u00f3rdia. Largo Trindade Coelho ist einer der Treffpunkte von Bairro Alto<\/p>\n<p><strong>Pfarrkirche der Barmherzigkeit<\/strong>! [(38.713269, -9.150566)]: befindet sich in Largo de Jesus. Die Pfarrkirche der Barmherzigkeit war Teil des alten Klosters Jesu und seit 1838 der Akademie der Wissenschaften. Das Projekt wurde von Frei Manuel do Cen\u00e1culo erstellt. Die wichtigsten Highlights sind:<\/p>\n<ul>\n<li style=\"list-style-type: none;\" data-mce-style=\"list-style-type: none;\">\n<ul>\n<li>Hauptfassade und die Stufen;<\/li>\n<li>Seitenkapellen.<\/li>\n<\/ul>\n<\/li>\n<\/ul>\n<p><strong>Pfarrkirche Santa Catarina<\/strong>! [(38.711196, -9.148167)]: In Cal\u00e7ada do Combro gelegen, ist sie als Igreja dos Paulistas bekannt, da sie im 17. Jahrhundert f\u00fcr die Gl\u00e4ubigen von S\u00e3o Paulo da Serra de Ossa eingeweiht wurde. Ab 1835 wurde es Teil von Santa Catarina. Die wichtigsten Punkte von Interesse sind:<\/p>\n<ul>\n<li style=\"list-style-type: none;\" data-mce-style=\"list-style-type: none;\">\n<ul>\n<li>Sorgerecht f\u00fcr das Allerheiligste Sakrament;<\/li>\n<li>Zwei Glockent\u00fcrme;<\/li>\n<li>Joanine Schnitzerei des Hauptaltars;<\/li>\n<li>Orgel in Goldschnitzerei verziert.<\/li>\n<\/ul>\n<\/li>\n<\/ul>\n<p><strong>Galeria Subterr\u00e2nea do Loreto<\/strong>! [(38 \u00b0 42 &#8217;39 .05 &#8218;, 9 \u00b0 8 &#8217;33 .95&#8216; &#8218;)]: Eine der f\u00fcnf Galerien des Aqueduto das \u00c1guas Livres zeigt die folgende Route mit einer ungef\u00e4hren Entfernung von 410 Meter:<\/p>\n<ul>\n<li style=\"list-style-type: none;\" data-mce-style=\"list-style-type: none;\">\n<ul>\n<li>Start in der Casa do Registo;<\/li>\n<li>Abstieg von der Rua das Amoreiras nach Largo do Rato;<\/li>\n<li>Passage auf der Rua da Escola Polit\u00e9cnica;<\/li>\n<li>Durch die Rua Dom Pedro V fahren;<\/li>\n<li>Durch die Rua Paiva de Andrade fahren;<\/li>\n<li>Finale bei Largo de S\u00e3o Carlos.<\/li>\n<\/ul>\n<\/li>\n<\/ul>\n<p><strong>Kloster von S\u00e3o Pedro de Alc\u00e2ntara<\/strong>! [(38 \u00b0 42 &#8217;54 .17 &#8220;, 9 \u00b0 8 &#8217;43 .50 &#8220;)]: 1681 in der Stra\u00dfe von S\u00e3o pedro de Alc\u00e2ntara er\u00f6ffnet. Das <em>Kloster von S\u00e3o Pedro de Alc\u00e2ntara<\/em> wurde zu Ehren des spanischen Heiligen S\u00e3o Pedro de Alc\u00e2ntara infolge der Unabh\u00e4ngigkeit Portugals im Jahre 1640 erbaut. Das <em>Kloster von S\u00e3o Pedro de Alc\u00e2ntara<\/em> wurde vom Architekten saniert Manuel da Maia nach dem Erdbeben vom 1. November 1755. Die wichtigsten H\u00f6hepunkte sind die 1690 eingeweihte <em>Lencastre-Kapelle<\/em>, die zum Gedenken an den Kardinal von Lissabon, Dom Ver\u00edssimo de Alc\u00e2ntara, erbaut wurde. Die von Francisco Pais entworfene Decke repr\u00e4sentiert die M\u00e4rtyrer von Santos Ver\u00edssimo, M\u00e1xima und J\u00falia. die <em>vergoldeten Alt\u00e4re<\/em> bis <em>Gem\u00e4lde der Kr\u00f6nung der Jungfrau<\/em>, von Pierre Antoine Quillard; a <em>Gem\u00e4lde der Predigt von S\u00e3o Jo\u00e3o Batista<\/em> von Pedro Alexandrino Carvalho; die <em>Decke<\/em> von Pierre Bordes, 1878 er\u00f6ffnet; o <em>Ext\u00e2se de S\u00e3o Pedro de Alc\u00e2ntara<\/em>, ein Gem\u00e4lde von Bento Coelho da Silveira; und die <em>Fliesentafeln aus dem 18. Jahrhundert<\/em> mit Szenen aus dem t\u00e4glichen Leben von S\u00e3o Pedro de Alcant\u00e2ra.<\/p>\n<p><strong>Convento dos Cardaes<\/strong>! [(38.714653, -9.147601)]: In der Rua do S\u00e9culo befindet sich eines der am besten erhaltenen Denkm\u00e4ler des Barock in Lissabon. Das Convento dos Cardaes wurde 1681 von Dona Lu\u00edsa de T\u00e1vora (1609-1692) er\u00f6ffnet, um sich dem Orden von Descal\u00e7as Carmelitas anzuschlie\u00dfen. Die wichtigsten Punkte von Interesse sind:<\/p>\n<ul>\n<li style=\"list-style-type: none;\" data-mce-style=\"list-style-type: none;\">\n<ul>\n<li>Kirche mit Gem\u00e4lden von Ant\u00f3nio Pereira Ravasco und Andr\u00e9 Gon\u00e7alves, die die Regeln des Ordens darstellen, die Fliesentafeln, die Szenen aus dem t\u00e4glichen Leben von Santa Teresa d&#8217;\u00c1vila darstellen;<\/li>\n<li>Marmorskulptur von au\u00dfen, die Nossa Senhora da Concei\u00e7\u00e3o von Jo\u00e3o Antunes darstellt;<\/li>\n<li>Au\u00dfenskulptur aus Marmor, die S\u00e3o Jos\u00e9 von Jo\u00e3o Antunes darstellt;<\/li>\n<li>Das Rad, mit dem Objekte ein- und aussteigen konnten, das aber auf lange Sicht von M\u00fcttern verwendet wurde, um Kinder zur Welt zu bringen, ohne identifiziert zu werden. Es wurde bekannt als das Rad der Exponierten.<\/li>\n<\/ul>\n<\/li>\n<\/ul>\n<p><strong>Pal\u00e1cio Pombal<\/strong>! [(38.713120, -9.147704)]: Es handelt sich um ein Geb\u00e4ude aus dem 16. Jahrhundert im Bodenstil an der Stra\u00dfe &#8222;O S\u00e9culo&#8220;. Der <em>Pal\u00e1cio Pombal<\/em> war bis zum Erdbeben vom 1. November 1755 der Wohnort von Melo. Der Palast wurde von Sebasti\u00e3o de Carvalho und Melo, dem Gro\u00dfvater von Sebasti\u00e3o Jos\u00e9 de Carvalho und Melo, Marqu\u00eas de Pombal, erbaut und Premierminister von Dom Jos\u00e9 I (1714-1777). Die wichtigsten Highlights des <em>Pal\u00e1cio Pombal<\/em> sind die <em>Noble Treppe<\/em> mit zwei Etagen; as <em>Vier Marmorskulpturen<\/em>, die Herkules und Venus darstellen; o <em>Decke<\/em> mit Darstellung <em>Tod und Liebe<\/em> von Jo\u00e3o Grossi; der <em>garten<\/em> mit b\u00e4nken, fliesenplatten mit szenen des t\u00e4glichen lebens, einem see und zwei celtis australis b\u00e4umen.<\/p>\n<p><strong>Hemeroteca Municipal<\/strong>! Publikum. Die Hemeroteca Municipal wurde 1931 er\u00f6ffnet. Die wichtigsten Sehensw\u00fcrdigkeiten sind Zeitungen aus dem 18. und 19. Jahrhundert. Das \u00e4lteste Beispiel ist ein Lissabon-Amtsblatt vom 10. August 1715.<\/p>\n<p><strong>Port Wine Manor<\/strong>! [(38 \u00b0 42 &#8217;50 .86 &#8220;, 9 \u00b0 8 &#8218;39.59&#8216; &#8218;)]: In der Stra\u00dfe S\u00e3o Pedro de Alc\u00e2ntara gelegen, zeichnet es sich durch die M\u00f6glichkeit aus, mehr als zu probieren dreihundert Portweine. Solar do Vinho do Porto ist in den Ludovic-Palast zwischen dem Aussichtspunkt S\u00e3o Pedro de Alc\u00e2ntara und dem Princ\u00edpe Real integriert. Die Bar wurde am 19. Februar 1946 er\u00f6ffnet und vom Designer Paulo Lobo entworfen<\/p>\n<p><strong>Centro Antiqu\u00e1rio do Alecrim<\/strong> Ld\u00aa &#8211; Livreiro Antiqu\u00e1rio (38.709081, -9.143119): befindet sich in der Rua do Alecrim und ist in das Geb\u00e4ude der alten Ankerfabrik integriert. Das Centro Antiqu\u00e1rio do Alecrim verkauft alte B\u00fccher, Drucke, Fotografien, Karten und andere Dokumente<\/p>\n<h3 id=\"restaurants-in-bairro-alto\"><span class=\"ez-toc-section\" id=\"Restaurants_in_Bairro_Alto\"><\/span>Restaurants in Bairro Alto<span class=\"ez-toc-section-end\"><\/span><\/h3>\n<p><strong>100 Maneiras<\/strong>! [(38.714733, -9.144854)]: Es befindet sich in der Rua do Teixeira und bietet Verkostungsmen\u00fcs zu erschwinglichen Preisen. Das Restaurant geh\u00f6rt dem K\u00fcchenchef<em>. Ljubomir Stanisic<\/em> wurde 2009 in einem Raum mit nur 30 verf\u00fcgbaren Pl\u00e4tzen er\u00f6ffnet. Das Haupthighlight des Restaurants ist das Estendal do Bairro Gericht.<\/p>\n<p><strong>Casanostra<\/strong>! [(38.712370, -9.145186)]: In Travessa do Po\u00e7o da Cidade gelegen, ist dies aufgrund seiner abwechslungsreichen Gastronomie ein beliebtes italienisches Restaurant. Das Restaurant wurde 1986 von der Italienerin <em>Maria Paola<\/em> mit dem Ziel er\u00f6ffnet, neben Pasta und Pizza auch die portugiesische K\u00fcche bekannt zu machen.<\/p>\n<p><strong>Fumeiro de Santa Catarina<\/strong>! [(38.710040, -9.149256)]: In Travessa Alcaide Lisboa befindet sich ein auf W\u00fcrstchen und Vorspeisen spezialisiertes Restaurant<\/p>\n<p><strong>Tantura<\/strong>! [(38.711630, -9.145080)]: befindet sich in der Rua da Trombeta und wird daher als Standort in Israel bezeichnet. Die Eigent\u00fcmer <em>Elad Bodenstein und Itamar Eliiyahuo<\/em> lebten in Tantura, Israel, und er\u00f6ffneten das Restaurant in Bairro Alto mit dem Ziel, das israelische Essen in Portugal zu f\u00f6rdern.<\/p>\n<p><strong>Adega das Merc\u00eas<\/strong>! [(38.711305, -9.144987)]: Das Hotel liegt an der Rua das Merc\u00eas und zeichnet sich durch frischen Fisch und typisch portugiesische K\u00fcche aus.<\/p>\n<p><strong>Petiscos do Bairro<\/strong>! [(38.713141, -9.145152)]: In der Rua da Atalaia zeichnet es sich durch Snacks aus, n\u00e4mlich Pataniscas, &#8222;Pica-Pau&#8220; und Peixinhos da Horta.<\/p>\n<p><strong>O Trevo<\/strong>! [(38.710857, -9.143094)]: Es befindet sich im Pra\u00e7a Lu\u00eds de Cam\u00f5es und ist bekannt f\u00fcr seine Bifana, Schweinesteak auf Brot und als einen der Orte, die f\u00fcr das Kochprogramm ausgew\u00e4hlt wurden Nordamerikanisch <em>Keine Vorbehalte<\/em> von Anthony Bourdain zur Gastronomie in Lissabon. Trevo zeichnet sich durch die besten Bifanas in Lissabon aus.<\/p>\n<p><strong>Cantinho do Bem Estar<\/strong>! [(38.711447, -9.143742)]: an der Rua do Norte gelegen, <em>Cantinho do Bem Estar<\/em> ist eine typische Taverne in Lissabon, die Alentejo-K\u00fcche serviert.<\/p>\n<h3 id=\"fado-h-user-in-bairro-alto\"><span class=\"ez-toc-section\" id=\"Fado-Haeuser_in_Bairro_Alto\"><\/span>Fado-H\u00e4user in Bairro Alto<span class=\"ez-toc-section-end\"><\/span><\/h3>\n<p><strong>Faia<\/strong>! [(38.711823, -9.144502)]: Es befindet sich in der Rua da Barroca und ist eine Referenz des Fado in Lissabon. <em>Faia<\/em> wurde 1947 er\u00f6ffnet und hat bereits renommierte K\u00fcnstler erhalten, darunter Luc\u00edlia do Carmo, Carlos do Carmo, Alfredo Marceneiro, Fernando Maur\u00edcio oder Caman\u00e9.<\/p>\n<p><strong>Severa<\/strong>! [(38.711757, -9.143486)]: In der Rua das G\u00e1veas befindet sich das Fado-Haus, das seit langem in derselben Familie ist. <em>Severa<\/em> wurde 1955 er\u00f6ffnet und wurde daher zu Ehren der Fado-S\u00e4ngerin Severa, der Gr\u00fcnderin des Fado, bestimmt.<\/p>\n<p><strong>Adega Machado<\/strong>! [(38.712293, -9.143812)]: befindet sich in der Rua do Norte und zeichnet sich durch den <em>Fadistagem-Raum<\/em>, aus, der ausschlie\u00dflich f\u00fcr Gruppen erstellt wurde. Die <em>Adega Machado<\/em> wurde 1937 eingeweiht und war Schauplatz mehrerer Fado-S\u00e4nger, darunter Am\u00e1lia Rodrigues, Fernando Maur\u00edcio, Maria da F\u00e9 oder Mariza.<\/p>\n<p><strong>Caf\u00e9 Luso<\/strong>! [(38.713078, -9.143800)]: Es befindet sich in Travessa da Queimada und ist in die alten Keller und St\u00e4lle von <em>Pal\u00e1cio Brito Freire** O <\/em>Caf\u00e9 integriert Luso<em> wurde 1927 in der Avenida da Liberdade und 1939 in Bairro Alto er\u00f6ffnet. <\/em>Am\u00e1lia Rodrigues* spielte 1955 mit einem Konzert im medialsten Moment in der Geschichte des Restaurants.<\/p>\n<p><strong>Maskottchen von Atalaia<\/strong>! [(38.711446, -9.144891)]: Die Hauptattraktion in der Rua da Atalaia ist der streunende Fado. <em>Mascote da Atalaia<\/em> wurde vor mehr als f\u00fcnfzig Jahren eingeweiht und unz\u00e4hlige Fado-S\u00e4nger sind durchgegangen, darunter Artur Batalha, Fernando Maur\u00edcio oder Chico do Carmo.<\/p>\n<p><strong>Tasca do Chico<\/strong>! [(38.711645, -9.144157)]: Die Hauptattraktionen an der Rua do Di\u00e1rio de Not\u00edcias sind Fado und Snacks, insbesondere ger\u00f6steter K\u00e4se und Chorizo. Tasca do Chico wurde 1993 von Francisco Gon\u00e7alves er\u00f6ffnet. Tasca do Chico verf\u00fcgt derzeit \u00fcber zwei R\u00e4ume, einen in Bairro Alto und einen in Alfama.<\/p>\n<h3 id=\"illustrierte-figuren-aus-bairro-alto\"><span class=\"ez-toc-section\" id=\"Illustrierte_Figuren_aus_Bairro_Alto\"><\/span>Illustrierte Figuren aus Bairro Alto<span class=\"ez-toc-section-end\"><\/span><\/h3>\n<p><strong>Guedelha Pala\u00e7ano<\/strong>: war im 15. Jahrhundert einer der reichsten M\u00e4nner in Portugal. Guedelha Pala\u00e7ano besa\u00df zwei Bauernh\u00f6fe in der N\u00e4he von Portas de Santa Catarina, derzeit <em>Pra\u00e7a Lu\u00eds de Cam\u00f5es<\/em>: Herdade de Santa Catarina und Herdade da Boavista. <em>Guedelha Pala\u00e7ano<\/em> \u00fcbte verschiedene Funktionen aus, n\u00e4mlich die des Arztes, Astrologen (konzipierte die Horoskope f\u00fcr die Kr\u00f6nungen der portugiesischen K\u00f6nige Dom Duarte und Dom Afonso V) und war der erste Chirurg, der in das Hospital de Todos-os-Santos und ernannt wurde der Oberrabbiner w\u00e4hrend der Regierungszeit von Dom Afonso V. Er war Autor mehrerer Werke, n\u00e4mlich einer <em>Abhandlung \u00fcber die g\u00f6ttliche Vorsehung<\/em>. Er floh schlie\u00dflich nach Spanien und sp\u00e4ter nach Italien, weil er beschuldigt wurde, es versucht zu haben ein Staatsstreich zur Absetzung von K\u00f6nig Dom Jo\u00e3o II. im Jahr 1483.<\/p>\n<p><strong>Ana Queimado<\/strong>: eine wohlhabende Adlige und Besitzerin eines Grundst\u00fccks in Bairro Alto, die den Jesuiten eine Urkunde zum Bau der Kirche von S\u00e3o Roque erteilte.<\/p>\n<p><strong>Camilo Castelo Branco<\/strong> (1825-1890): einer der wichtigsten Schriftsteller in Portugal und erster Viscount von Correia Botelho. <em>Camilo Castelo Branco<\/em> wurde 1825 in Lissabon in Bairro Alto an der Rua da Rosa geboren und beging 1890 Selbstmord. Der Schriftsteller nahm zeitlebens an mehreren Ereignissen teil, n\u00e4mlich an der <em>Revolta da Maria da Fonte<\/em> im Jahr 1846. <em>Camilo Castelo Branco<\/em> schrieb mehrere Werke mit Schwerpunkt auf <em>Die Tochter von Arcediago<\/em> von 1855, <em>Wo ist das Gl\u00fcck<\/em> von 1856, <em>O. Morgado de Fafe<\/em> von 1861, <em>Liebe zum Verderben<\/em> von 1862, <em>Der Fall eines Engels<\/em> von 1865, <em>Der K\u00f6nigsm\u00f6rder<\/em> von 1874 und <em>Romane do Minho<\/em> zwischen 1875 und 1877.<\/p>\n<p><strong>Manuel Maria Barbosa du Bocage<\/strong> (1765-1805): bekannt als <em>&#8222;Bocage&#8220;<\/em> war einer der gr\u00f6\u00dften Dichter in Portugal. Er wurde in Set\u00fabal geboren und starb in Lissabon. Der Dichter trat 1790 in die Oratoriums- und Lyrikakademie von Nova Arc\u00e1dia ein und wurde 1797 im Gef\u00e4ngnis der Inquisition und 1798 im Hospiz der Necessidades verhaftet. <em>Bocage<\/em> ver\u00f6ffentlichte sein ganzes Leben lang mehrere Werke, n\u00e4mlich<em>. Reime<\/em> geschrieben zwischen 1799 und 1804.<\/p>\n<p><strong>Tom\u00e1s Quintino<\/strong> (1820-1898): Der portugiesische Journalist und Gesch\u00e4ftsmann war 1864 zusammen mit Eduardo Coelho Mitbegr\u00fcnder von Di\u00e1rio de Not\u00edcias in Bairro Alto.<\/p>\n<p><strong>Eduardo Coelho<\/strong> (1835-1889): Der portugiesische Schriftsteller und Journalist war 1864 zusammen mit Tom\u00e1s Quintino Mitbegr\u00fcnder von Di\u00e1rio de Not\u00edcias in Bairro Alto. Eduardo Coelho war am 10. November 1875 einer der Gr\u00fcnder der Lisbon Geography Society.<\/p>\n<p><strong>Fernando Tavares Farinha<\/strong> (1928-1988): Fado-S\u00e4nger, der 1937 im Alter von neun Jahren bei einem Wettbewerb aus der Nachbarschaft von Bica mit dem Fado-Singen begann Mehl<em> war w\u00e4hrend seiner gesamten Karriere als Kid of Bica bekannt. Fernando Tavares Farinha wurde im Alter von elf Jahren ein professioneller Fado-S\u00e4nger und begann in mehreren Stadtteilen von Lissabon zu singen, n\u00e4mlich in Alto do Pina, in Ajuda und in Santo Amaro. Dieser Fadista nahm 1940 sein erstes Album auf, tourte im Alter von 23 Jahren zum ersten Mal nach Brasilien, gewann 1960 den Wettbewerb Voz Mais Portuguesa de Portugal und tourte ab 1965 durch die Vereinigten Staaten von Amerika, Frankreich, Belgien und Deutschland. Einige der bekanntesten Themen sind <\/em>Ein Fado \u00e0 Marceneiro<em>, <\/em>Jahreszeiten der Liebe<em> oder <\/em>Leerer Ort**<\/p>\n<h3 id=\"kuriosit-ten-von-bairro-alto\"><span class=\"ez-toc-section\" id=\"Kuriositaeten_von_Bairro_Alto\"><\/span>Kuriosit\u00e4ten von Bairro Alto<span class=\"ez-toc-section-end\"><\/span><\/h3>\n<ul>\n<li>Bairro Alto war das erste Viertel in Lissabon <strong>mit breiteren Stra\u00dfen, durch die Busse fahren konnten<\/strong>.<\/li>\n<li>Bairro Alto war eine Referenz f\u00fcr den Wiederaufbau von Baixa Pombalina nach dem Erdbeben vom 1. November 1755, weil es dieser Katastrophe praktisch intakt widerstand.<\/li>\n<li>Der Dichter Bocage starb im Haus Nummer 25 von Travessa Andr\u00e9 Valente.<\/li>\n<li>Der Schriftsteller Camilo Castelo Branco wurde im Haus Nummer 13 der Rua da Rosa geboren.<\/li>\n<li>Die Schriftstellerin Almeida Garrett wohnte in Hausnummer 46 in der Rua da Barroca.<\/li>\n<li>Im 19. Jahrhundert <strong>war Prostitution in Bairro Alto legal<\/strong>.<\/li>\n<li>In Bairro Alto entstand die moderne portugiesische Presse mit der Schaffung von zwei der ersten gro\u00dfen portugiesischen Zeitungen im 19. Jahrhundert: <strong>O S\u00e9culo<\/strong> und <strong>Di\u00e1rio de Not\u00edcias<\/strong>.<\/li>\n<li>Die Sportzeitung A Bola ist die einzige Zeitung, die ihren Hauptsitz in Bairro Alto hat.<\/li>\n<li>Der Nachtclub Fr\u00e1gil wurde 1982 er\u00f6ffnet und revolutionierte die Nacht in Bairro Alto und Lissabon.<\/li>\n<li>Am 17. Mai 1986 entstanden die Man\u00f6ver des Monats Mai, damals innovative Modenschauen.<\/li>\n<li>Pers\u00f6nlichkeiten wie Bocage, Almeida Garrett, Camilo Castelo Branco oder J\u00falio Verne lebten in Bairro Alto.<\/li>\n<li>Die letzten Gaslampen in Lissabon wurden 1965 in der N\u00e4he von Santa Catarina durch elektrische Lampen ersetzt.<\/li>\n<\/ul>\n<h2 id=\"bildungseinrichtungen\"><span class=\"ez-toc-section\" id=\"Bildungseinrichtungen\"><\/span>Bildungseinrichtungen<span class=\"ez-toc-section-end\"><\/span><\/h2>\n<ul>\n<li>Passos Manuel Grund- und Sekundarschule<\/li>\n<\/ul>\n<h2 id=\"gesundheitseinrichtungen\"><span class=\"ez-toc-section\" id=\"Gesundheitseinrichtungen\"><\/span>Gesundheitseinrichtungen<span class=\"ez-toc-section-end\"><\/span><\/h2>\n<ul>\n<li>Krankenhaus St. Louis (Hospital St Louis)<\/li>\n<li>Jesus Krankenhaus (Hospital de Jesus)<\/li>\n<\/ul>\n<h2 id=\"vier-und-f-nf-sterne-touristenentwicklungen\"><span class=\"ez-toc-section\" id=\"Vier-_und_Fuenf-Sterne-Touristenentwicklungen\"><\/span>Vier- und F\u00fcnf-Sterne-Touristenentwicklungen<span class=\"ez-toc-section-end\"><\/span><\/h2>\n<ul>\n<li>Bairro Alto Hotel<\/li>\n<li>Dear Lisbon Charming House<\/li>\n<li>Orange 3 House &#8211; Chiado Bed &amp; Breakfast &amp; Suites<\/li>\n<\/ul>\n<h2 id=\"gesch-fte-und-einkaufsm-glichkeiten\"><span class=\"ez-toc-section\" id=\"Geschaefte_und_Einkaufsmoeglichkeiten\"><\/span>Gesch\u00e4fte und Einkaufsm\u00f6glichkeiten<span class=\"ez-toc-section-end\"><\/span><\/h2>\n<ul>\n<li>Al\u00eatheia Livraria<\/li>\n<li>Cais Pimenta Rosa<\/li>\n<li>Casa das Vellas Loreto<\/li>\n<li>Cork &amp; Co<\/li>\n<li>F\u00e1brica dos Chap\u00e9us (F\u00e1brica dos Chap\u00e9us)<\/li>\n<li>F\u00e1tima Lopes<\/li>\n<li>Galeria Z\u00e9 dos Bois<\/li>\n<li>Garrafeira Alfaia<\/li>\n<li>Garrafeira Nacional<\/li>\n<li>Livraria Luis Burnay<\/li>\n<li>Maison Nuno Gama<\/li>\n<li>Naftalina Vintage Shop<\/li>\n<li>Ratton<\/li>\n<li>Sat\u2019Anna<\/li>\n<li>Solar do Vinho do Porto<\/li>\n<\/ul>\n<h2 id=\"transport-und-zugang\"><span class=\"ez-toc-section\" id=\"Transport_und_Zugang\"><\/span>Transport und Zugang<span class=\"ez-toc-section-end\"><\/span><\/h2>\n<ul>\n<li>Lissabon Metropolitan:\n<ul>\n<li>U-Bahnhof Baixa-Chiado (blaue und gr\u00fcne Linie)<\/li>\n<\/ul>\n<\/li>\n<li>Stra\u00dfenbahn 28<\/li>\n<li>Lift of Glory (Ascensor da Gl\u00f3ria)<\/li>\n<\/ul>\n<h2 id=\"parkpl-tze-\"><span class=\"ez-toc-section\" id=\"Parkplaetze\"><\/span>Parkpl\u00e4tze:<span class=\"ez-toc-section-end\"><\/span><\/h2>\n<ul>\n<li>Cal\u00e7ada do Combro Park<\/li>\n<li>Largo Cam\u00f5es Park<\/li>\n<\/ul>\n<h2 id=\"geschichte-von-bairo-alto\"><span class=\"ez-toc-section\" id=\"Geschichte_von_Bairo_Alto\"><\/span>Geschichte von Bairo Alto<span class=\"ez-toc-section-end\"><\/span><\/h2>\n<p>Der Bau des <strong>Bairro Alto begann 1506<\/strong> im Norden der Stadt, da ein Ort gefunden werden musste, an dem die Opfer des Schwarzen Todes begraben werden konnten. Die Ermida de S\u00e3o Roque, die Schutzpatronin, die vor der schwarzen Pest sch\u00fctzt, war der Ort, an dem die Opfer dieser t\u00f6dlichen Krankheit begraben wurden. Die ersten Urbanisierungen wurden 1513 in der alten Vila Nova de Andrade erbaut und hatten 1527 bereits rund 1600 Einwohner. Sp\u00e4ter, im Jahr 1553, richtete die Companhia de Jesus ihr Hauptquartier ein und weihte die Kirche von S\u00e3o Roque und ein Krankenhaus ein. Die meisten Geb\u00e4ude in Bairro Alto haben ihren Ursprung im 18. Jahrhundert, als der Adel von Lissabon w\u00e4hrend der Regierungszeit von Dom Jo\u00e3o V (1689-1750) in dieses Viertel zog. Bairro Alto wurde ab dem 19. Jahrhundert mit dem Nachtleben und der schriftlichen Presse in Verbindung gebracht. Das Nachtleben in dieser Gegend von Lissabon entstand ab dem 19. Jahrhundert mit dem Fado und dem Auftreten zahlreicher Restaurants, Fado-H\u00e4user, Bars und portugiesischer Tavernen. Die <strong>schriftliche Presse in Portugal erreichte ihren H\u00f6hepunkt in den 1960er und 1970er Jahren<\/strong> mit der Gr\u00fcndung von <em>dreizehn der zwanzig nationalen Zeitungen<\/em>.<\/p>\n<h3 id=\"die-geschichte-von-bairro-alto-kann-in-vier-perioden-unterteilt-werden-\"><span class=\"ez-toc-section\" id=\"Die_Geschichte_von_Bairro_Alto_kann_in_vier_Perioden_unterteilt_werden\"><\/span>Die Geschichte von Bairro Alto kann in vier Perioden unterteilt werden:<span class=\"ez-toc-section-end\"><\/span><\/h3>\n<p>1. Die Schaffung von Vila Nova de Andrade:<br \/>Im 16. Jahrhundert geh\u00f6rte der gr\u00f6\u00dfte Teil von Bairro Alto den Grafen von Andrade und Atouguia, die sich zusammenschlossen, um Vila Nova de Andrade zu gr\u00fcnden. <strong>Vila Nova de Andrade<\/strong> begann 1513 zwischen dem Fluss und der Rua de Santos und hatte 1528 etwa 500 Einwohner und Ende des 16. Jahrhunderts fast tausend Einwohner. Die ersten Bewohner von Bairro Alto waren Menschen, die mit den maritimen Berufen verwandt waren, haupts\u00e4chlich Arbeiter in Ribeira das Naus.<\/p>\n<p>2. Die Gr\u00fcndung der Jesuiten auf dem H\u00fcgel von S\u00e3o Roque:<br \/>1553 wurde die Gesellschaft Jesu auf dem H\u00fcgel von S\u00e3o Roque mit dem Bau der Kirche von S\u00e3o Roque und eines Krankenhauses gegr\u00fcndet. Bairro Alto wird als Bairro Alto de S\u00e3o Roque bekannt, da es der Ort war, den die Adligen ausgew\u00e4hlt hatten, um mit ihren Familien zu leben. Es entstanden zwei Stadtteile: <strong>Bairro Alto de S\u00e3o Roque<\/strong> und <strong>Bairro Baixo von Vila Nova de Andrade<\/strong> Bairro Alto wuchs um die Kirche von S\u00e3o Roque herum und wurde als <em>erstes rationalistisches Layout in der Stadt Lissabon*<\/em> Im 16. Jahrhundert galten die Stra\u00dfen von Bairro Alto als breit und zu dieser Zeit f\u00fcr Reisebusse geeignet.<\/p>\n<p>3. Das Erdbeben vom 1. November 1755 und der Wiederaufbau von Bairro Alto:<br \/>Das Erdbeben von 1755 zerst\u00f6rte einen gro\u00dfen Teil des unteren Distrikts Vila Nova de Andrade. Bairro Alto de S\u00e3o Roque war jedoch kaum betroffen. Von dieser Zeit an wurde Bairro Alto von der Bourgeoisie und der Aristokratie bewohnt, als der Dachboden von Geb\u00e4uden als Wohnraum genutzt wurde.<\/p>\n<p>4. Die Transformation von Bairro Alto aus dem 19. Jahrhundert:<br \/>Ab dem 19. Jahrhundert verkauften Adlige die meisten Pal\u00e4ste und verlie\u00dfen Bairro Alto in andere Teile der Stadt. Von diesem Datum an wurde Bairro Alto de Lisboa zum Hauptquartier der schriftlichen Presse des Landes: Praktisch alle Pressezeitungen wurden dort installiert. Mit der Presse wurde Bairro Alto verwandelt und bekannt f\u00fcr das kulturelle, b\u00f6hmische und k\u00fcnstlerische Umfeld, das bis heute anh\u00e4lt. Bairro Alto war vom 19. Jahrhundert bis 1970 Sitz der nationalen Presse. Derzeit gibt es in Bairro Alto nur eine Zeitung, die Sportzeitung &#8222;A Bola&#8220;. Ab den 1980er Jahren entstanden die ersten Ausgehm\u00f6glichkeiten, n\u00e4mlich die Disco &#8222;Fr\u00e1gil&#8220; und das Restaurant &#8222;Pap&#8217;A\u00e7orda&#8220; (derzeit im Mercado da Ribeira ans\u00e4ssig).<\/p>\n<h2 id=\"architektur-und-herkunft-von-bairro-alto\"><span class=\"ez-toc-section\" id=\"Architektur_und_Herkunft_von_Bairro_Alto\"><\/span>Architektur und Herkunft von Bairro Alto<span class=\"ez-toc-section-end\"><\/span><\/h2>\n<p>Die Architektur in Bairro Alto l\u00e4sst sich durch die senkrechten Stra\u00dfen beobachten, die das Lineal und den Platz perfekt zeichnen. Sie sind gleicherma\u00dfen labyrinthisch, da sie f\u00fcr diejenigen, die Bairro Alto zum ersten Mal besuchen, alle gleich aussehen. Bairro Alto war das erste st\u00e4dtebauliche Viertel au\u00dferhalb des alten Zauns, der die Stadt Lissabon umgab. Das heutige Bairro Alto hat seinen Ursprung im 18. Jahrhundert, als Dom Jo\u00e3o V (1689-1750) regierte und der Adel aus dem Flussgebiet nach Bairro Alto floh, das n\u00f6rdlich der Innenstadt von Lissabon liegt. Bairro Alto ist das gr\u00f6\u00dfte Beispiel f\u00fcr Stadtplanung in Lissabon. In Bairro Alto finden Sie imposante Kirchen wie die Kirche von S\u00e3o Roque oder die Kirche von Santa Catarina, Pal\u00e4ste, n\u00e4mlich den Palast des Marqu\u00eas de Pombal und den Palast von Santa Catarina, breit und Pl\u00e4tze wie Largo do Carmo oder Pra\u00e7a Lu\u00eds Kamine und G\u00e4rten, insbesondere die von S\u00e3o Pedro de Alc\u00e2ntara, sind in den Aussichtspunkt S\u00e3o Pedro de Alc\u00e2ntara integriert.<\/p>\n<h2 id=\"santa-catarina-und-bica-die-umgebung-von-bairro-alto\"><span class=\"ez-toc-section\" id=\"Santa_Catarina_und_Bica_die_Umgebung_von_Bairro_Alto\"><\/span>Santa Catarina und Bica, die Umgebung von Bairro Alto<span class=\"ez-toc-section-end\"><\/span><\/h2>\n<p>Das <strong>Viertel von Santa Catarina<\/strong>, das auf dem H\u00fcgel von Santa Catarina erbaut wurde, sollte Santa Catarina vom Berg Sinai aus huldigen. Die wichtigsten Highlights des Stadtteils <em>von Santa Catarina<\/em> sind der Miradouro de Santa Catarina, der Alto de Santa Catarina, der Pra\u00e7a Lu\u00eds de Cam\u00f5es und Largo do Calhariz. <em>Das Viertel Santa Catarina<\/em> war der Ort, an dem sich die Portas de Santa Catarina da Cerca Fernandina befanden. Die geografischen Grenzen des H\u00fcgels Santa Catarina liegen zwischen dem Pra\u00e7a Lu\u00eds de Cam\u00f5es und der Cal\u00e7ada do Combro. Das Viertel Santa Catarina bietet aufgrund des abfallenden Gel\u00e4ndes und der herrlichen Aussicht auf den Tejo, die von fast allen Geb\u00e4uden aus zu sehen ist, eine einzigartige Landschaft in der gesamten Stadt Lissabon. Die meisten Geb\u00e4ude sind alt, die Stra\u00dfen sind eng und kurvenreich. In diesem Viertel, wie in der gesamten historischen Gegend von Lissabon, k\u00f6nnen wir Menschen erleben, die von einem Fenster zum anderen sprechen, die Kleidung auf den W\u00e4scheleinen verteilt und eine einzigartige Aufregung \u00fcber den Tag und den gr\u00f6\u00dften Teil der Nacht. Es ist ein beliebter Ort f\u00fcr Portugiesen und Ausl\u00e4nder, um sich auszuruhen, zu besuchen und zu leben.<\/p>\n<p>Das <strong>Viertel von Bica<\/strong> liegt zwischen Bairro Alto und Cais do Sodr\u00e9 und bietet eine einzigartige Landschaft in der Stadt mit mehreren Gehwegen, engen Gassen und Treppen. Die Hauptverkehrsadern sind Rua da Bica de Duarte Belo, Cal\u00e7ada da Bica und Cal\u00e7ada da Bica Pequena. Das <em>Viertel von Bica<\/em> entstand aufgrund eines Erdrutsches im Jahr 1597 zwischen <em>Alto de Santa Catarina<\/em> und dem <em>Alto das Chagas<\/em>. Das Viertel von Bica muss der Name des <em>Brunnens Bica dos Olhos<\/em> aus dem Jahr 1675, bekannt f\u00fcr die wundersame F\u00e4higkeit, Blindheit beim Waschen der Augen mit Wasser zu behandeln. Die Rua da Bica de Duarte Belo ist die wichtigste Stra\u00dfe in der Nachbarschaft. Hier befindet sich der <strong>Elevador da Bica<\/strong>. Der Elevador da Bica wurde am 28. Juni 1892 mit dem Ziel eingeweiht, den Bewohnern der Nachbarschaft, die Wasser und G\u00fcter transportiert. Derzeit ist es eines der wichtigsten Transportmittel in der Nachbarschaft, eine der wichtigsten Touristenattraktionen in der Stadt Lissabon und verbindet die Rua de S\u00e3o Paulo mit Largo do Calhariz.<\/p>\n<p>Die <strong>Cerca Fernandina<\/strong> wurde 1375 in dieser sehr beliebten Gegend erbaut, um im 15. und 16. Jahrhundert Lissabon zu betreten und zu verlassen. <strong>Die Portas de Santa Catarina<\/strong> wurden zwischen 1702 und 1707 zerst\u00f6rt, so dass die Prozession von Dona Maria Ana aus \u00d6sterreich zuk\u00fcnftige Frau von Dom Jo\u00e3o V. m\u00f6glich war. Die Portas de Santa Catarina Sie wurden sp\u00e4ter durch Largo do Chiado und zwei Kirchen ersetzt: die Kirche von Nossa Senhora do Loreto und die Kirche von Nossa Senhora da Encarna\u00e7\u00e3o.<\/p>\n<h2 id=\"lage-der-gemeinde-misericordia-bairro-alto-auf-der-karte-von-lissabon\"><span class=\"ez-toc-section\" id=\"Lage_der_Gemeinde_Misericordia_Bairro_Alto_auf_der_Karte_von_Lissabon\"><\/span>Lage der Gemeinde Misericordia (Bairro Alto) auf der Karte von Lissabon<span class=\"ez-toc-section-end\"><\/span><\/h2>\n<div class=\"mceTemp\">\n<dl id=\"attachment_2412\" class=\"wp-caption alignnone\" style=\"width: 1280px;\" data-mce-style=\"width: 1280px;\">\n<dt class=\"wp-caption-dt\"><a href=\"https:\/\/xrei.com\/images\/mapa-misericordia.jpg\" data-mce-href=\"https:\/\/xrei.com\/images\/mapa-misericordia.jpg\"><img loading=\"lazy\" decoding=\"async\" class=\"size-full wp-image-2412\" src=\"https:\/\/xrei.com\/images\/mapa-misericordia.jpg\" alt=\"Lage der Gemeinde Miseric\u00f3rdia auf der Karte von Lissabon\" width=\"1280\" height=\"1280\" data-mce-src=\"https:\/\/xrei.com\/images\/mapa-misericordia.jpg\" srcset=\"https:\/\/xrei.com\/images\/mapa-misericordia.jpg 1280w, https:\/\/xrei.com\/images\/mapa-misericordia-980x980.jpg 980w, https:\/\/xrei.com\/images\/mapa-misericordia-480x480.jpg 480w\" sizes=\"(min-width: 0px) and (max-width: 480px) 480px, (min-width: 481px) and (max-width: 980px) 980px, (min-width: 981px) 1280px, 100vw\" \/><\/a><\/dt>\n<dd class=\"wp-caption-dd\">Lage der Gemeinde Miseric\u00f3rdia auf der Karte von Lissabon<\/dd>\n<\/dl>\n<\/div>\n","protected":false},"excerpt":{"rendered":"<p>Bairro Alto Bairro Alto Bairro Alto ist ein traditionelles Viertel von Lissabon auf einem H\u00fcgel in der N\u00e4he des kosmopolitischen Viertels Chiado, der Transportstation. Cais do Sodr\u00e9, charmant Pr\u00edncipe Real und historisch Largo do Carmo** Die Hauptverkehrsadern von Bairro Alto sind Pra\u00e7a Lu\u00eds de Cam\u00f5es, Largo Trindade Coelho, Rua do Norte, Rua da Rosa, Rua [&hellip;]<\/p>\n","protected":false},"author":1,"featured_media":2142,"comment_status":"closed","ping_status":"open","sticky":false,"template":"","format":"standard","meta":{"_et_pb_use_builder":"","_et_pb_old_content":"","_et_gb_content_width":"","footnotes":""},"categories":[151],"tags":[],"class_list":["post-187","post","type-post","status-publish","format-standard","has-post-thumbnail","hentry","category-historisches-zentrum"],"_links":{"self":[{"href":"https:\/\/xrei.com\/de\/wp-json\/wp\/v2\/posts\/187","targetHints":{"allow":["GET"]}}],"collection":[{"href":"https:\/\/xrei.com\/de\/wp-json\/wp\/v2\/posts"}],"about":[{"href":"https:\/\/xrei.com\/de\/wp-json\/wp\/v2\/types\/post"}],"author":[{"embeddable":true,"href":"https:\/\/xrei.com\/de\/wp-json\/wp\/v2\/users\/1"}],"replies":[{"embeddable":true,"href":"https:\/\/xrei.com\/de\/wp-json\/wp\/v2\/comments?post=187"}],"version-history":[{"count":0,"href":"https:\/\/xrei.com\/de\/wp-json\/wp\/v2\/posts\/187\/revisions"}],"wp:featuredmedia":[{"embeddable":true,"href":"https:\/\/xrei.com\/de\/wp-json\/wp\/v2\/media\/2142"}],"wp:attachment":[{"href":"https:\/\/xrei.com\/de\/wp-json\/wp\/v2\/media?parent=187"}],"wp:term":[{"taxonomy":"category","embeddable":true,"href":"https:\/\/xrei.com\/de\/wp-json\/wp\/v2\/categories?post=187"},{"taxonomy":"post_tag","embeddable":true,"href":"https:\/\/xrei.com\/de\/wp-json\/wp\/v2\/tags?post=187"}],"curies":[{"name":"wp","href":"https:\/\/api.w.org\/{rel}","templated":true}]}}